{"id":49545,"date":"2025-11-29T12:27:23","date_gmt":"2025-11-29T15:27:23","guid":{"rendered":"https:\/\/tudonominuto.com.br\/portal\/?p=49545"},"modified":"2025-11-29T12:27:23","modified_gmt":"2025-11-29T15:27:23","slug":"paulao-entrega-veiculos-para-a-assistencia-social-de-palmeira-dos-indios","status":"publish","type":"post","link":"https:\/\/tudonominuto.com.br\/portal\/2025\/11\/29\/paulao-entrega-veiculos-para-a-assistencia-social-de-palmeira-dos-indios\/","title":{"rendered":"Paul\u00e3o entrega ve\u00edculos para a Assist\u00eancia Social de Palmeira dos \u00cdndios"},"content":{"rendered":"<div class=\"hidden sm:flex sm:justify-center py-6\">\n<div id=\"div-gpt-ad-1696386787760-0\" data-google-query-id=\"CPXesOXUl5EDFV4OHgAdafgDcg\">\n<div id=\"google_ads_iframe_\/8238562\/CM_HOME_TOPO_970x250_0__container__\"><a href=\"https:\/\/www.cadaminuto.com.br\/\"><img decoding=\"async\" class=\"w-[10.894rem] h-[1.138rem] sm:w-auto sm:h-auto lazyload\" data-src=\"https:\/\/www.cadaminuto.com.br\/logo.svg\" alt=\"Cadaminuto\" width=\"249\" height=\"26\" data-nimg=\"1\" src=\"data:image\/gif;base64,R0lGODlhAQABAAAAACH5BAEKAAEALAAAAAABAAEAAAICTAEAOw==\" style=\"--smush-placeholder-width: 249px; --smush-placeholder-aspect-ratio: 249\/26;\" \/><\/a><\/div>\n<\/div>\n<\/div>\n<header class=\"border-b sm:border-none\">\n<nav class=\"container mx-auto px-6 sm:px-0\">\n<div class=\"flex flex-wrap justify-between items-center h-16 sm:h-20\">\n<div class=\"hidden sm:flex gap-8\"><\/div>\n<\/div>\n<\/nav>\n<\/header>\n<div>\n<div class=\"container mx-auto px-6 sm:px-0 pt-10 sm:pt-0 mb-16\">\n<div class=\"hidden sm:flex sm:justify-center my-10\">\n<div id=\"div-gpt-ad-1696386787760-11\" data-google-query-id=\"CPCCsuXUl5EDFaM0HgAdhUEgsg\">\n<div id=\"google_ads_iframe_\/8238562\/CM_INTERNA_728x90_0__container__\"><picture class=\"w-full block relative h-[272px] sm:w-[697px] sm:h-[465px] mb-4 sm:mb-[2.813rem]\"><img decoding=\"async\" class=\"object-cover rounded-lg w-full lazyload\" data-src=\"https:\/\/img.cadaminuto.com.br\/cadaminuto\/imagens\/034d2535-962e-4489-aaf6-896f6af80f8d.png\/:\/rs=w:697,h:465,i:true,cg:true,ft:cover?cache=true\" alt=\"Paul\u00e3o entrega ve\u00edculos para a Assist\u00eancia Social de Palmeira dos \u00cdndios\" data-nimg=\"fill\" src=\"data:image\/gif;base64,R0lGODlhAQABAAAAACH5BAEKAAEALAAAAAABAAEAAAICTAEAOw==\" \/><\/picture>\n<div class=\"text-[1.1rem] post-content mb-12\">\n<p>Estive nesta sexta-feira em Palmeira dos \u00cdndios ao lado de amigos e amigas, acompanhada pela prefeita Tia J\u00falia e pela vice-prefeita Sheila Duarte, nossa companheira de luta.<\/p>\n<\/div>\n<\/div>\n<\/div>\n<\/div>\n<div class=\"flex flex-col sm:flex-row justify-between\">\n<div class=\"__className_cad5a1 sm:w-[43.5rem]\">\n<div class=\"text-[0.875rem] leading-[1.026rem] text-gray-400 mb-4\">TNM\/Por <strong>Assessoria<\/strong><\/div>\n<div><\/div>\n<p>Entregamos \u00e0 Secretaria de Assist\u00eancia Social, que tem \u00e0 frente o amigo Calixto, dois autom\u00f3veis que refor\u00e7ar\u00e3o o trabalho da a\u00e7\u00e3o social nas comunidades palmeirenses. Esses ve\u00edculos s\u00e3o frutos de emendas parlamentares do nosso mandato.<\/p>\n<p>Tamb\u00e9m visitamos as obras do novo CRAS da Vila Maria, que em breve ampliar\u00e1 o atendimento \u00e0s fam\u00edlias que mais precisam.<\/p>\n<p>Parab\u00e9ns, Palmeira dos \u00cdndios. Seguimos firmes na caminhada<\/p><\/div>\n<\/div>\n<\/div>\n<\/div>\n","protected":false},"excerpt":{"rendered":"<p>Entregamos \u00e0 Secretaria de Assist\u00eancia Social, que tem \u00e0 frente o amigo Calixto, dois autom\u00f3veis que refor\u00e7ar\u00e3o o trabalho da a\u00e7\u00e3o social nas comunidades palmeirenses. Esses ve\u00edculos s\u00e3o frutos de emendas parlamentares do nosso mandato.<\/p>\n","protected":false},"author":2,"featured_media":0,"comment_status":"open","ping_status":"open","sticky":false,"template":"","format":"standard","meta":{"footnotes":""},"categories":[36,20,25,27,28],"tags":[],"class_list":["post-49545","post","type-post","status-publish","format-standard","hentry","category-brasil-2","category-cultura","category-interior","category-saude","category-turismo"],"_links":{"self":[{"href":"https:\/\/tudonominuto.com.br\/portal\/wp-json\/wp\/v2\/posts\/49545","targetHints":{"allow":["GET"]}}],"collection":[{"href":"https:\/\/tudonominuto.com.br\/portal\/wp-json\/wp\/v2\/posts"}],"about":[{"href":"https:\/\/tudonominuto.com.br\/portal\/wp-json\/wp\/v2\/types\/post"}],"author":[{"embeddable":true,"href":"https:\/\/tudonominuto.com.br\/portal\/wp-json\/wp\/v2\/users\/2"}],"replies":[{"embeddable":true,"href":"https:\/\/tudonominuto.com.br\/portal\/wp-json\/wp\/v2\/comments?post=49545"}],"version-history":[{"count":1,"href":"https:\/\/tudonominuto.com.br\/portal\/wp-json\/wp\/v2\/posts\/49545\/revisions"}],"predecessor-version":[{"id":49547,"href":"https:\/\/tudonominuto.com.br\/portal\/wp-json\/wp\/v2\/posts\/49545\/revisions\/49547"}],"wp:attachment":[{"href":"https:\/\/tudonominuto.com.br\/portal\/wp-json\/wp\/v2\/media?parent=49545"}],"wp:term":[{"taxonomy":"category","embeddable":true,"href":"https:\/\/tudonominuto.com.br\/portal\/wp-json\/wp\/v2\/categories?post=49545"},{"taxonomy":"post_tag","embeddable":true,"href":"https:\/\/tudonominuto.com.br\/portal\/wp-json\/wp\/v2\/tags?post=49545"}],"curies":[{"name":"wp","href":"https:\/\/api.w.org\/{rel}","templated":true}]}}