{"id":49548,"date":"2025-11-29T17:04:25","date_gmt":"2025-11-29T20:04:25","guid":{"rendered":"https:\/\/tudonominuto.com.br\/portal\/?p=49548"},"modified":"2025-11-29T17:04:53","modified_gmt":"2025-11-29T20:04:53","slug":"pronunciamento-de-lula-destacara-isencao-do-ir-e-programas-sociais","status":"publish","type":"post","link":"https:\/\/tudonominuto.com.br\/portal\/2025\/11\/29\/pronunciamento-de-lula-destacara-isencao-do-ir-e-programas-sociais\/","title":{"rendered":"Pronunciamento de Lula destacar\u00e1 isen\u00e7\u00e3o do IR e programas sociais"},"content":{"rendered":"<p><img decoding=\"async\" data-src=\"https:\/\/imagens.ebc.com.br\/UUwR2J1_6QvZi9XvHv5izqJkzX4=\/1170x700\/smart\/https:\/\/agenciabrasil.ebc.com.br\/sites\/default\/files\/thumbnails\/image\/2025\/11\/26\/pzzb2433.jpg?itok=gx7Ho8i2\" alt=\"Bras\u00edlia (DF) 26\/11\/2025 - O presidente Luiz In\u00e1cio Lula da Silva sanciona a lei que amplia a faixa de isen\u00e7\u00e3o do Imposto de Renda Pessoa F\u00edsica para quem ganha at\u00e9 R$ 5 mil por m\u00eas e estabelece descontos para rendas de at\u00e9 R$ 7.350 mensais. Foto: Fabio Rodrigues-Pozzebom\/ Ag\u00eancia Brasil\" src=\"data:image\/gif;base64,R0lGODlhAQABAAAAACH5BAEKAAEALAAAAAABAAEAAAICTAEAOw==\" class=\"lazyload\" \/><\/p>\n<div class=\"subheader\">\n<div class=\"container-autoria\">\n<div class=\"local\"><strong>O presidente Luiz In\u00e1cio Lula da Silva gravou um pronunciamento, em cadeia nacional de r\u00e1dio e televis\u00e3o, que ser\u00e1 veiculado na noite deste\u00a0<a href=\"https:\/\/radiogov.ebc.com.br\/convocacao-de-rede\/30-11-2025-pronunciamento-do-presidente-da-republica-luiz-inacio-lula-da-silva\" target=\"_blank\" rel=\"noopener\">domingo<\/a>\u00a0(30), \u00e0s 20h30. Com cerca de 6 minutos de dura\u00e7\u00e3o, a declara\u00e7\u00e3o ter\u00e1 como destaque\u00a0a\u00a0<a href=\"https:\/\/agenciabrasil.ebc.com.br\/economia\/noticia\/2025-11\/lula-sanciona-isencao-do-ir-para-quem-ganha-ate-5-mil\" target=\"_blank\" rel=\"noopener\">san\u00e7\u00e3o da lei que isenta do Imposto de Renda<\/a>\u00a0(IR) quem ganha at\u00e9 R$ 5 mil, assinada essa semana.<\/strong><img decoding=\"async\" data-src=\"https:\/\/agenciabrasil.ebc.com.br\/ebc.png?id=1670191&amp;o=node\" src=\"data:image\/gif;base64,R0lGODlhAQABAAAAACH5BAEKAAEALAAAAAABAAEAAAICTAEAOw==\" class=\"lazyload\" \/><img decoding=\"async\" data-src=\"https:\/\/agenciabrasil.ebc.com.br\/ebc.gif?id=1670191&amp;o=node\" src=\"data:image\/gif;base64,R0lGODlhAQABAAAAACH5BAEKAAEALAAAAAABAAEAAAICTAEAOw==\" class=\"lazyload\" \/><\/div>\n<\/div>\n<nav class=\"compartilhamento rowflex\"><\/nav>\n<\/div>\n<div class=\"capa-materia rel-position\">\n<figure><img decoding=\"async\" id=\"media-301882\" title=\"Antonio Cruz\/Ag\u00eancia Brasil\" data-src=\"https:\/\/imagens.ebc.com.br\/qd-YLaoZLvXCVbspBU3Lzn61k0g=\/1170x700\/smart\/https:\/\/agenciabrasil.ebc.com.br\/sites\/default\/files\/thumbnails\/image\/fachada_do_palacio_do_planalto_antcrz_abr_2709221137.jpg?itok=DqPW-L1L\" alt=\"Fachada do Pal\u00e1cio do Planalto\" src=\"data:image\/gif;base64,R0lGODlhAQABAAAAACH5BAEKAAEALAAAAAABAAEAAAICTAEAOw==\" class=\"lazyload\" \/><figcaption class=\"credito-foto abs-position fullwidth\">\u00a9 Antonio Cruz\/Ag\u00eancia Brasil<\/figcaption><\/figure>\n<\/div>\n<div id=\"block-tts-block-tts\" class=\"block block-tts\">\n<div class=\"content\">\n<div id=\"tts-container\" class=\"container-audio rel-position\">\n<div class=\"title abs-position\">\n<div class=\"header-noticia full-width\">\n<div class=\"linha-fina-noticia\"><strong>Na pr\u00f3xima semana, o presidente ter\u00e1 compromissos em PE e no CE<\/strong><\/div>\n<\/div>\n<div class=\"subheader\">\n<div class=\"container-autoria\">\n<div><\/div>\n<div class=\"autor-noticia\">TNM\/Por Pedro Rafael Vilela &#8211; Rep\u00f3rter da Ag\u00eancia Brasil &#8211; Bras\u00edlia<\/div>\n<\/div>\n<\/div>\n<\/div>\n<\/div>\n<\/div>\n<\/div>\n<div class=\"conteudo-noticia\">\n<p>A medida foi uma das principais bandeiras de campanha de Lula nas elei\u00e7\u00f5es de 2022 e foi viabilizada a partir da taxa\u00e7\u00e3o das altas fortunas, buscando corrigir distor\u00e7\u00f5es na tributa\u00e7\u00e3o de renda do pa\u00eds<strong>. A isen\u00e7\u00e3o do IR come\u00e7a a valer em janeiro de 2026 e vai beneficiar mais de 15 milh\u00f5es de brasileiros, segundo proje\u00e7\u00f5es do Minist\u00e9rio da Fazenda.<\/strong><\/p>\n<p>Repetindo o mesmo cen\u00e1rio do pronunciamento por ocasi\u00e3o do\u00a0<a href=\"https:\/\/agenciabrasil.ebc.com.br\/politica\/noticia\/2025-09\/lula-exalta-soberania-e-defesa-do-povo-em-rede-do-7-de-setembro\" target=\"_blank\" rel=\"noopener\">Dia da Independ\u00eancia<\/a>,\u00a0<strong>Lula gravou o novo v\u00eddeo diante de sua mesa de trabalho, no gabinete do Pal\u00e1cio do Planalto, tendo a bandeira nacional e um quadro do mapa-m\u00fandi ao fundo. A escolha do presidente busca refletir a imagem de um estadista e de um l\u00edder mundial com forte atua\u00e7\u00e3o no cen\u00e1rio global.<\/strong><\/p>\n<p>No pronunciamento, al\u00e9m de destacar a promessa cumprida e os impactos sociais da isen\u00e7\u00e3o do IR para quem ganha at\u00e9 R$ 5 mil, e descontos para quem ganha at\u00e9 R$ 7.350, o\u00a0<strong>presidente enumera a retomada de programas sociais e a recupera\u00e7\u00e3o da economia do pa\u00eds, que exibe os\u00a0<a href=\"https:\/\/agenciabrasil.ebc.com.br\/economia\/noticia\/2025-11\/taxa-de-desemprego-cai-para-54-menor-desde-2012\" target=\"_blank\" rel=\"noopener\">menores \u00edndices de desemprego<\/a>\u00a0da s\u00e9rie hist\u00f3rica, al\u00e9m de registrar\u00a0<a href=\"https:\/\/agenciabrasil.ebc.com.br\/economia\/noticia\/2025-10\/pais-crescera-24-em-2025-acima-da-america-latina-diz-banco-mundial\" target=\"_blank\" rel=\"noopener\">taxas de crescimento<\/a>\u00a0superiores \u00e0 m\u00e9dia dos pa\u00edses do continente.<\/strong><\/p>\n<p>Lula permanece na capital federal e n\u00e3o tem agenda p\u00fablica neste fim de semana. J\u00e1 ao longo da pr\u00f3xima semana, o presidente tem previs\u00e3o de cumprir uma s\u00e9rie de compromissos\u00a0p\u00fablicos, incluindo cerim\u00f4nia de\u00a0<a href=\"https:\/\/www.gov.br\/planalto\/pt-br\/acompanhe-o-planalto\/noticias\/2025\/11\/em-pernambuco-presidente-lula-entrega-barragem-panelas-ii-e-anuncia-retomada-das-obras-de-igarapeba\" target=\"_blank\" rel=\"noopener\">inaugura\u00e7\u00e3o de barragens<\/a>\u00a0no interior de Pernambuco\u00a0e solenidade de entrega das primeiras unidades da\u00a0<a href=\"https:\/\/www.gov.br\/planalto\/pt-br\/acompanhe-o-planalto\/noticias\/2025\/11\/em-pernambuco-presidente-lula-entrega-barragem-panelas-ii-e-anuncia-retomada-das-obras-de-igarapeba\" target=\"_blank\" rel=\"noopener\">Carteira Nacional Docente do Brasil<\/a>\u00a0e de equipamentos do Programa Mais Professores, esta no Cear\u00e1.<\/p>\n<div class=\"noticias-relacionadas rel-position rowflex\">\n<div class=\"title abs-position\"><strong>Relacionadas<\/strong><\/div>\n<div class=\"capa-noticia-relacionada\"><img decoding=\"async\" data-src=\"https:\/\/imagens.ebc.com.br\/K_hooqk1TwlfQrV1WRAiJiQDPn0=\/390x240\/smart\/https:\/\/agenciabrasil.ebc.com.br\/sites\/default\/files\/thumbnails\/image\/2025\/11\/26\/pzzb2211.jpg?itok=Ov9sCcE1\" alt=\"Bras\u00edlia, (DF), 26\/11\/2025 \u2013 Cerim\u00f4nia que amplia a faixa de isen\u00e7\u00e3o e institui a tributa\u00e7\u00e3o m\u00ednima do imposto de renda. Foto: Fabio Rodrigues-Pozzebom\/ Ag\u00eancia Brasil\" src=\"data:image\/gif;base64,R0lGODlhAQABAAAAACH5BAEKAAEALAAAAAABAAEAAAICTAEAOw==\" class=\"lazyload\" \/><\/div>\n<div class=\"titulo-noticia-relacionada\">Lula sanciona isen\u00e7\u00e3o do IR para quem ganha at\u00e9 R$ 5 mil<\/div>\n<div class=\"capa-noticia-relacionada\"><img decoding=\"async\" data-src=\"https:\/\/imagens.ebc.com.br\/AI1JHQjpi3nYyglKvDhiVi6p5gk=\/390x240\/smart\/https:\/\/agenciabrasil.ebc.com.br\/sites\/default\/files\/thumbnails\/image\/2025\/03\/18\/pzzb4573.jpg?itok=j8w5x-UU\" alt=\"Bras\u00edlia (DF) 18\/03\/2025 A ministra de Rela\u00e7\u00f5es Institucionais, Gleisi Hoffmann, durante assinatura do Projeto de Lei que prev\u00ea Isen\u00e7\u00e3o de Imposto de Renda (IR) para pessoas que recebem at\u00e9 R$ 5 mil por m\u00eas. Foto: Fabio Rodrigues-Pozzebom\/ Ag\u00eancia Brasil\" src=\"data:image\/gif;base64,R0lGODlhAQABAAAAACH5BAEKAAEALAAAAAABAAEAAAICTAEAOw==\" class=\"lazyload\" \/><\/div>\n<div class=\"titulo-noticia-relacionada\">\u201cPerde o Brasil\u201d, diz Gleisi sobre derrubada de vetos do licenciamento<\/div>\n<div class=\"capa-noticia-relacionada\"><img decoding=\"async\" data-src=\"https:\/\/imagens.ebc.com.br\/PNFmX1CWdzpSNBxxUqbA_zKeIQM=\/390x240\/smart\/https:\/\/agenciabrasil.ebc.com.br\/sites\/default\/files\/thumbnails\/image\/2025\/09\/14\/14092025-pzzb3235.jpg?itok=mKGzhEfA\" alt=\"Bras\u00edlia (DF) 14\/09\/2025 O ex-presidente Jair Bolsonaro, acompanhado de seu filho, Jair Renan, deixa hospital sob forte esquema de seguran\u00e7a, ap\u00f3s passar por procedimentos. Foto: Fabio Rodrigues-Pozzebom\/ Ag\u00eancia Brasil\" src=\"data:image\/gif;base64,R0lGODlhAQABAAAAACH5BAEKAAEALAAAAAABAAEAAAICTAEAOw==\" class=\"lazyload\" \/><\/div>\n<div class=\"titulo-noticia-relacionada\">PL suspende atividades partid\u00e1rias e sal\u00e1rio de Bolsonaro<\/div>\n<\/div>\n<\/div>\n<div class=\"footer-noticia\">\n<div class=\"editor rowflex\">\n<p>Edi\u00e7\u00e3o:<\/p>\n<div class=\"nome-editor\">Aline Leal<\/div>\n<\/div>\n<\/div>\n<p>&nbsp;<\/p>\n","protected":false},"excerpt":{"rendered":"<p>A isen\u00e7\u00e3o do IR come\u00e7a a valer em janeiro de 2026 e vai beneficiar mais de 15 milh\u00f5es de brasileiros, segundo proje\u00e7\u00f5es do Minist\u00e9rio da Fazenda.<\/p>\n","protected":false},"author":2,"featured_media":0,"comment_status":"open","ping_status":"open","sticky":false,"template":"","format":"standard","meta":{"footnotes":""},"categories":[36,13,21,12,25,10,27,28],"tags":[],"class_list":["post-49548","post","type-post","status-publish","format-standard","hentry","category-brasil-2","category-brasil","category-destaque","category-economia","category-interior","category-justica","category-saude","category-turismo"],"_links":{"self":[{"href":"https:\/\/tudonominuto.com.br\/portal\/wp-json\/wp\/v2\/posts\/49548","targetHints":{"allow":["GET"]}}],"collection":[{"href":"https:\/\/tudonominuto.com.br\/portal\/wp-json\/wp\/v2\/posts"}],"about":[{"href":"https:\/\/tudonominuto.com.br\/portal\/wp-json\/wp\/v2\/types\/post"}],"author":[{"embeddable":true,"href":"https:\/\/tudonominuto.com.br\/portal\/wp-json\/wp\/v2\/users\/2"}],"replies":[{"embeddable":true,"href":"https:\/\/tudonominuto.com.br\/portal\/wp-json\/wp\/v2\/comments?post=49548"}],"version-history":[{"count":2,"href":"https:\/\/tudonominuto.com.br\/portal\/wp-json\/wp\/v2\/posts\/49548\/revisions"}],"predecessor-version":[{"id":49551,"href":"https:\/\/tudonominuto.com.br\/portal\/wp-json\/wp\/v2\/posts\/49548\/revisions\/49551"}],"wp:attachment":[{"href":"https:\/\/tudonominuto.com.br\/portal\/wp-json\/wp\/v2\/media?parent=49548"}],"wp:term":[{"taxonomy":"category","embeddable":true,"href":"https:\/\/tudonominuto.com.br\/portal\/wp-json\/wp\/v2\/categories?post=49548"},{"taxonomy":"post_tag","embeddable":true,"href":"https:\/\/tudonominuto.com.br\/portal\/wp-json\/wp\/v2\/tags?post=49548"}],"curies":[{"name":"wp","href":"https:\/\/api.w.org\/{rel}","templated":true}]}}