{"id":49911,"date":"2025-12-09T11:12:46","date_gmt":"2025-12-09T14:12:46","guid":{"rendered":"https:\/\/tudonominuto.com.br\/portal\/?p=49911"},"modified":"2025-12-09T11:16:30","modified_gmt":"2025-12-09T14:16:30","slug":"stf-julgamento-pode-condenar-mais-seis-reus-pela-trama-golpista","status":"publish","type":"post","link":"https:\/\/tudonominuto.com.br\/portal\/2025\/12\/09\/stf-julgamento-pode-condenar-mais-seis-reus-pela-trama-golpista\/","title":{"rendered":"STF: julgamento pode condenar mais seis r\u00e9us pela trama golpista"},"content":{"rendered":"<div class=\"capa-materia rel-position\">\n<figure><img decoding=\"async\" id=\"media-418657\" title=\"Rosinei Coutinho\/STF\" data-src=\"https:\/\/imagens.ebc.com.br\/gOfgIno7gNVcZ38ufSKnRubIG8M=\/1170x700\/smart\/https:\/\/agenciabrasil.ebc.com.br\/sites\/default\/files\/thumbnails\/image\/2025\/03\/26\/2.jpg?itok=YY-S2d1i\" alt=\"Primeira Turma do STF julga den\u00fancia sobre o n\u00facleo 1 da Pet12.100. Foto: Rosinei Coutinho\/STF\" src=\"data:image\/gif;base64,R0lGODlhAQABAAAAACH5BAEKAAEALAAAAAABAAEAAAICTAEAOw==\" class=\"lazyload\" \/><figcaption class=\"credito-foto abs-position fullwidth\">\u00a9 Rosinei Coutinho\/STF<\/figcaption><\/figure>\n<\/div>\n<div id=\"block-tts-block-tts\" class=\"block block-tts\">\n<div class=\"content\">\n<div id=\"tts-container\" class=\"container-audio rel-position\">\n<div class=\"title abs-position\">\n<div class=\"header-noticia full-width\">\n<div class=\"linha-fina-noticia\"><strong>Sess\u00e3o da Primeira Turma da Corte ser\u00e1 presencial<\/strong><\/div>\n<\/div>\n<div class=\"subheader\">\n<div class=\"container-autoria\">\n<div class=\"autor-noticia\">TNM\/Por Andr\u00e9 Richter &#8211; Rep\u00f3rter da Ag\u00eancia Brasil<\/div>\n<div class=\"container-data rowflex\">\n<div class=\"data\">Publicado em 09\/12\/2025 &#8211; 07:02<\/div>\n<\/div>\n<div class=\"local\">Bras\u00edlia<\/div>\n<\/div>\n<\/div>\n<\/div>\n<\/div>\n<\/div>\n<\/div>\n<div class=\"conteudo-noticia\">\n<p>O\u00a0Supremo Tribunal Federal (STF) inicia nesta ter\u00e7a-feira (8) o julgamento que pode condenar seis r\u00e9us do n\u00facleo 2 da trama golpista. A sess\u00e3o est\u00e1 prevista para come\u00e7ar \u00e0s 9h.<img decoding=\"async\" data-src=\"https:\/\/agenciabrasil.ebc.com.br\/ebc.png?id=1671316&amp;o=node\" src=\"data:image\/gif;base64,R0lGODlhAQABAAAAACH5BAEKAAEALAAAAAABAAEAAAICTAEAOw==\" class=\"lazyload\" \/><img decoding=\"async\" data-src=\"https:\/\/agenciabrasil.ebc.com.br\/ebc.gif?id=1671316&amp;o=node\" src=\"data:image\/gif;base64,R0lGODlhAQABAAAAACH5BAEKAAEALAAAAAABAAEAAAICTAEAOw==\" class=\"lazyload\" \/><\/p>\n<p><strong>O julgamento ser\u00e1 realizado de forma presencial pela Primeira Turma da Corte. Os ministros Alexandre de Moraes, relator da a\u00e7\u00e3o penal, Fl\u00e1vio Dino, Cristiano Zanin e C\u00e1rmen L\u00facia fazem parte do colegiado.<\/strong><\/p>\n<p>A a\u00e7\u00e3o penal envolve Filipe Martins, ex-assessor de Assuntos Internacionais do ex-presidente Jair Bolsonaro; Marcelo C\u00e2mara, ex-assessor de Bolsonaro; Silvinei Vasques, ex-diretor da Pol\u00edcia Rodovi\u00e1ria Federal (PRF); M\u00e1rio Fernandes, general da reserva do Ex\u00e9rcito; Mar\u00edlia de Alencar, ex-diretora de Intelig\u00eancia do Minist\u00e9rio da Justi\u00e7a e Fernando de Sousa Oliveira, ex-diretor de Opera\u00e7\u00f5es do Minist\u00e9rio da Justi\u00e7a.<\/p>\n<p><strong>Os r\u00e9us s\u00e3o acusados pelos crimes de organiza\u00e7\u00e3o criminosa armada, tentativa de aboli\u00e7\u00e3o violenta do Estado Democr\u00e1tico de Direito, golpe de Estado, dano qualificado pela viol\u00eancia e grave amea\u00e7a e deteriora\u00e7\u00e3o de patrim\u00f4nio tombado<\/strong>.<\/p>\n<h2>Acusa\u00e7\u00f5es<\/h2>\n<p>De acordo com a den\u00fancia feita pela Procuradoria-Geral da Rep\u00fablica (PGR), o r\u00e9u Filipe Martins atuou como um dos articuladores para elabora\u00e7\u00e3o da minuta do golpe, documento no qual Bolsonaro pretendia justificar a decreta\u00e7\u00e3o de um estado de s\u00edtio na regi\u00e3o do Tribunal Superior Eleitoral (TSE) ou uma opera\u00e7\u00e3o de Garantia da Lei e de Ordem (GLO) pelas For\u00e7as Armadas.<\/p>\n<p><strong>Para a procuradoria, o general Mario Fernandes foi o respons\u00e1vel pela elabora\u00e7\u00e3o do plano Punhal Verde Amarelo, no qual foi planejada a morte do ministro Alexandre de Moraes, do presidente Luiz In\u00e1cio Lula da Silva e do vice-presidente\u00a0Geraldo Alckmin.<\/strong><\/p>\n<p>O coronel do Ex\u00e9rcito\u00a0Marcelo\u00a0C\u00e2mara teria sido respons\u00e1vel pelo\u00a0monitoramento ilegal da rotina de Moraes.<\/p>\n<p>A acusa\u00e7\u00e3o ainda apontou Silvinei Vasques como respons\u00e1vel pelas a\u00e7\u00f5es da Pol\u00edcia Rodovi\u00e1ria Federal (PRF) para dificultar a circula\u00e7\u00e3o de eleitores do Nordeste durante o segundo turno das elei\u00e7\u00f5es de 2022.<\/p>\n<p>Conforme a acusa\u00e7\u00e3o, os dados que basearam as opera\u00e7\u00f5es foram produzidos a mando de Mar\u00edlia de Alencar e Fernando de Sousa Oliveira. Ambos trabalhavam no Minist\u00e9rio da Justi\u00e7a.<\/p>\n<p><strong>Todos os acusados negaram envolvimento com a trama durante a tramita\u00e7\u00e3o da a\u00e7\u00e3o penal.<\/strong><\/p>\n<h2>Outros n\u00facleos<\/h2>\n<p><strong>At\u00e9 o momento, o\u00a0STF\u00a0j\u00e1 condenou 24 r\u00e9us pela trama golpista. Os condenados fazem parte dos n\u00facleos 1, liderado pelo ex-presidente Jair Bolsonaro, 3 e 4.<\/strong><\/p>\n<p>O n\u00facleo 5 \u00e9 formado pelo r\u00e9u Paulo Figueiredo, neto do ex-presidente da ditadura Jo\u00e3o Figueiredo. Ele mora dos Estados Unidos, e n\u00e3o h\u00e1 previs\u00e3o para o julgamento.<\/p>\n<div class=\"noticias-relacionadas rel-position rowflex\">\n<div class=\"title abs-position\"><strong>Relacionadas<\/strong><\/div>\n<div class=\"capa-noticia-relacionada\"><img decoding=\"async\" data-src=\"https:\/\/imagens.ebc.com.br\/UFSxMPyWtWOPzmY-uvqETQOp0mw=\/390x240\/smart\/https:\/\/agenciabrasil.ebc.com.br\/sites\/default\/files\/thumbnails\/image\/_ja_9173_0.jpg?itok=mVEMpV8a\" alt=\"Brasilia (DF) 08\/01\/2023 - Golpistas invadem pr\u00e9dios p\u00fablicos na pra\u00e7a dos Tr\u00eas Poderes. Vandalos na rampa de acesso do Pal\u00e1cio do Planalto.\" src=\"data:image\/gif;base64,R0lGODlhAQABAAAAACH5BAEKAAEALAAAAAABAAEAAAICTAEAOw==\" class=\"lazyload\" \/><\/div>\n<div class=\"titulo-noticia-relacionada\">Por unanimidade, STF condena 5 PMs do DF a 16 anos de pris\u00e3o pelo 8\/1<\/div>\n<div class=\"capa-noticia-relacionada\"><img decoding=\"async\" data-src=\"https:\/\/imagens.ebc.com.br\/HhBOZJ-Fa37wQH_vOU4W8JjiRME=\/390x240\/smart\/https:\/\/agenciabrasil.ebc.com.br\/sites\/default\/files\/thumbnails\/image\/11042023-pzzb9223.jpg?itok=B39Yj7dD\" alt=\"Bras\u00edlia (DF) 11\/04\/2023 Fachada do pal\u00e1cio do Supremo Tribunal Federal (STF) Foto: Fabio Rodrigues-Pozzebom\/ Ag\u00eancia Brasil\/Arquivo\" src=\"data:image\/gif;base64,R0lGODlhAQABAAAAACH5BAEKAAEALAAAAAABAAEAAAICTAEAOw==\" class=\"lazyload\" \/><\/div>\n<div class=\"titulo-noticia-relacionada\">STF retoma julgamento sobre benef\u00edcio a v\u00edtimas de viol\u00eancia dom\u00e9stica<\/div>\n<div class=\"capa-noticia-relacionada\"><img decoding=\"async\" data-src=\"https:\/\/imagens.ebc.com.br\/w3DVpJv27q_5YInlQpIkF2fqlRg=\/390x240\/smart\/https:\/\/agenciabrasil.ebc.com.br\/sites\/default\/files\/thumbnails\/image\/_ja_9918.jpg?itok=OjzhlAav\" alt=\"Bras\u00edlia (DF) 07\/06\/2023 - Ind\u00edgenas de varias etnias chegam na parte externa do Supremo Tribunal Federal (STF), para assistirem o julgamento do marco temporal de terras ind\u00edgenas. O caso p\u00f5e em lados opostos ruralistas e povos origin\u00e1rios, e est\u00e1 parado na Corte desde 2021.O tema tem relev\u00e2ncia porque ser\u00e1 com este processo que os ministros v\u00e3o definir se a tese do marco temporal tem validade ou n\u00e3o. O que for decidido valer\u00e1 para todos os casos de demarca\u00e7\u00e3o de terras ind\u00edgenas que estejam sendo discutidos na Justi\u00e7a. Foto: Jo\u00e9dson Alves\/Ag\u00eancia Brasil\" src=\"data:image\/gif;base64,R0lGODlhAQABAAAAACH5BAEKAAEALAAAAAABAAEAAAICTAEAOw==\" class=\"lazyload\" \/><\/div>\n<div class=\"titulo-noticia-relacionada\">STF volta a julgar marco temporal na pr\u00f3xima quarta-feira<\/div>\n<\/div>\n<\/div>\n<div class=\"footer-noticia\">\n<div class=\"editor rowflex\">\n<p>Edi\u00e7\u00e3o:<\/p>\n<div class=\"nome-editor\">Gra\u00e7a Adjuto<\/div>\n<\/div>\n<\/div>\n","protected":false},"excerpt":{"rendered":"<p>O julgamento ser\u00e1 realizado de forma presencial pela Primeira Turma da Corte. Os ministros Alexandre de Moraes, relator da a\u00e7\u00e3o penal, Fl\u00e1vio Dino, Cristiano Zanin e C\u00e1rmen L\u00facia fazem parte do colegiado.<\/p>\n","protected":false},"author":2,"featured_media":0,"comment_status":"open","ping_status":"open","sticky":false,"template":"","format":"standard","meta":{"footnotes":""},"categories":[36,13,21,12,23,25,10,8,24,34,15,27,28],"tags":[],"class_list":["post-49911","post","type-post","status-publish","format-standard","hentry","category-brasil-2","category-brasil","category-destaque","category-economia","category-educacao","category-interior","category-justica","category-policia","category-policia-2","category-religiao-2","category-religiao","category-saude","category-turismo"],"_links":{"self":[{"href":"https:\/\/tudonominuto.com.br\/portal\/wp-json\/wp\/v2\/posts\/49911","targetHints":{"allow":["GET"]}}],"collection":[{"href":"https:\/\/tudonominuto.com.br\/portal\/wp-json\/wp\/v2\/posts"}],"about":[{"href":"https:\/\/tudonominuto.com.br\/portal\/wp-json\/wp\/v2\/types\/post"}],"author":[{"embeddable":true,"href":"https:\/\/tudonominuto.com.br\/portal\/wp-json\/wp\/v2\/users\/2"}],"replies":[{"embeddable":true,"href":"https:\/\/tudonominuto.com.br\/portal\/wp-json\/wp\/v2\/comments?post=49911"}],"version-history":[{"count":2,"href":"https:\/\/tudonominuto.com.br\/portal\/wp-json\/wp\/v2\/posts\/49911\/revisions"}],"predecessor-version":[{"id":49914,"href":"https:\/\/tudonominuto.com.br\/portal\/wp-json\/wp\/v2\/posts\/49911\/revisions\/49914"}],"wp:attachment":[{"href":"https:\/\/tudonominuto.com.br\/portal\/wp-json\/wp\/v2\/media?parent=49911"}],"wp:term":[{"taxonomy":"category","embeddable":true,"href":"https:\/\/tudonominuto.com.br\/portal\/wp-json\/wp\/v2\/categories?post=49911"},{"taxonomy":"post_tag","embeddable":true,"href":"https:\/\/tudonominuto.com.br\/portal\/wp-json\/wp\/v2\/tags?post=49911"}],"curies":[{"name":"wp","href":"https:\/\/api.w.org\/{rel}","templated":true}]}}