{"id":49915,"date":"2025-12-09T11:53:58","date_gmt":"2025-12-09T14:53:58","guid":{"rendered":"https:\/\/tudonominuto.com.br\/portal\/?p=49915"},"modified":"2025-12-09T12:00:21","modified_gmt":"2025-12-09T15:00:21","slug":"governo-de-alagoas-abre-credito-de-r-207-milhoes-e-destina-r-85-mi-a-policia-militar","status":"publish","type":"post","link":"https:\/\/tudonominuto.com.br\/portal\/2025\/12\/09\/governo-de-alagoas-abre-credito-de-r-207-milhoes-e-destina-r-85-mi-a-policia-militar\/","title":{"rendered":"Governo de Alagoas abre cr\u00e9dito de R$ 207 milh\u00f5es e destina R$ 85 mi \u00e0 Pol\u00edcia Militar"},"content":{"rendered":"<header class=\"site-header\">\n<div class=\"container\">\n<div class=\"top-bar\">\n<div class=\"top-left\"><strong><a class=\"categoria\" href=\"https:\/\/www.br104.com.br\/alagoas\/\">Alagoas<\/a><\/strong><\/div>\n<\/div>\n<\/div>\n<\/header>\n<div class=\"row justify-content-center\">\n<div class=\"col-lg-8 col-md-10\">\n<article id=\"post-265766\">\n<header class=\"mb-4 header-single\">\n<h1 class=\"fw-bold display-5\"><img decoding=\"async\" data-src=\"https:\/\/images.mnstatic.com\/ad\/ff\/adfffdb21ea897a107f1a6154307054b.jpg\" alt=\"Pal\u00e1cio Rep\u00fablica dos Palmares em Macei\u00f3: 1 opini\u00f5es e 4 fotos\" src=\"data:image\/gif;base64,R0lGODlhAQABAAAAACH5BAEKAAEALAAAAAABAAEAAAICTAEAOw==\" class=\"lazyload\" \/><\/h1>\n<p>Pal\u00e1cio Rep\u00fablica dos Palmares<\/p>\n<p><strong>Decreto publicado nesta ter\u00e7a (9) refor\u00e7a or\u00e7amento para &#8220;Gest\u00e3o de Pessoas&#8221;; PMAL e Uncisal concentram mais da metade do montante.<\/strong><\/p>\n<div class=\"meta-info mt-3\"><a href=\"https:\/\/www.br104.com.br\/author\/izael-nascimento\/\">TNM\/Por Izael Nascimento<\/a><\/div>\n<\/header>\n<figure class=\"mb-3 text-center\"><img decoding=\"async\" class=\"img-fluid rounded wp-post-image lazyload\" data-src=\"https:\/\/www.br104.com.br\/wp-content\/uploads\/2025\/12\/diario-oficial-alagoas-decreto-105770-credito-suplementar-1-milhao-1024x691.webp\" data-sizes=\"(max-width: 1024px) 100vw, 1024px\" data-srcset=\"https:\/\/www.br104.com.br\/wp-content\/uploads\/2025\/12\/diario-oficial-alagoas-decreto-105770-credito-suplementar-1-milhao-1024x691.webp 1024w, https:\/\/www.br104.com.br\/wp-content\/uploads\/2025\/12\/diario-oficial-alagoas-decreto-105770-credito-suplementar-1-milhao-300x203.webp 300w, https:\/\/www.br104.com.br\/wp-content\/uploads\/2025\/12\/diario-oficial-alagoas-decreto-105770-credito-suplementar-1-milhao-150x101.webp 150w, https:\/\/www.br104.com.br\/wp-content\/uploads\/2025\/12\/diario-oficial-alagoas-decreto-105770-credito-suplementar-1-milhao-768x518.webp 768w, https:\/\/www.br104.com.br\/wp-content\/uploads\/2025\/12\/diario-oficial-alagoas-decreto-105770-credito-suplementar-1-milhao.webp 1200w\" alt=\"P\u00e1gina do Di\u00e1rio Oficial de Alagoas na se\u00e7\u00e3o Poder Executivo com atos do governador sobre abertura de cr\u00e9dito suplementar na edi\u00e7\u00e3o que re\u00fane cr\u00e9ditos de R$ 207 milh\u00f5es, com maior fatia para a Pol\u00edcia Militar\" src=\"data:image\/gif;base64,R0lGODlhAQABAAAAACH5BAEKAAEALAAAAAABAAEAAAICTAEAOw==\" style=\"--smush-placeholder-width: 1024px; --smush-placeholder-aspect-ratio: 1024\/691;\" \/><figcaption class=\"small text-muted mt-1\">Edi\u00e7\u00e3o do Di\u00e1rio Oficial de Alagoas registra abertura de cr\u00e9dito de R$ 207 milh\u00f5es; maior fatia \u00e9 destinada \u00e0 Pol\u00edcia Militar. (Foto: Reprodu\u00e7\u00e3o)<\/figcaption><\/figure>\n<div class=\"entry-content fs-5 lh-lg\">\n<p data-start=\"0\" data-end=\"565\"><strong data-start=\"0\" data-end=\"17\">MACEI\u00d3 (AL) \u2014<\/strong>\u00a0O Governo de Alagoas oficializou, por meio do\u00a0<strong data-start=\"64\" data-end=\"86\">Decreto n\u00ba 105.772<\/strong>, publicado na edi\u00e7\u00e3o desta ter\u00e7a-feira (<strong data-start=\"127\" data-end=\"132\">9<\/strong>) do\u00a0<strong data-start=\"137\" data-end=\"171\">Di\u00e1rio Oficial do Estado (DOE)<\/strong>, a abertura de um\u00a0<strong data-start=\"190\" data-end=\"234\">cr\u00e9dito suplementar de R$ 207.620.746,00<\/strong>. A movimenta\u00e7\u00e3o ocorre na reta final do exerc\u00edcio e, conforme o\u00a0<strong data-start=\"299\" data-end=\"314\">Anexo \u00danico<\/strong>\u00a0do decreto, refor\u00e7a principalmente dota\u00e7\u00f5es classificadas como\u00a0<strong data-start=\"378\" data-end=\"401\">\u201cGest\u00e3o de Pessoas\u201d<\/strong>, ligadas a despesas de pessoal e encargos em diversos \u00f3rg\u00e3os da administra\u00e7\u00e3o estadual.<\/p>\n<p data-start=\"567\" data-end=\"906\">Para viabilizar a suplementa\u00e7\u00e3o, o decreto aponta como fonte o\u00a0<strong data-start=\"630\" data-end=\"685\">art. 43, \u00a71\u00ba, inciso II, da Lei Federal n\u00ba 4.320\/64<\/strong>, mecanismo associado a\u00a0<strong data-start=\"709\" data-end=\"735\">excesso de arrecada\u00e7\u00e3o<\/strong>, e cita o\u00a0<strong data-start=\"746\" data-end=\"782\">Processo E:01700.0000007606\/2025<\/strong>. O ato tamb\u00e9m se ampara na\u00a0<strong data-start=\"810\" data-end=\"831\">Lei n\u00ba 9.697\/2025<\/strong>, que altera a\u00a0<strong data-start=\"846\" data-end=\"867\">Lei n\u00ba 9.454\/2025<\/strong>.<\/p>\n<h3 data-start=\"908\" data-end=\"950\">O Mapa do Dinheiro: quem recebe o qu\u00ea?<\/h3>\n<p data-start=\"952\" data-end=\"1161\">A leitura do anexo mostra que a maior parte do cr\u00e9dito se concentra em \u00e1reas diretamente ligadas ao aparato estatal, com destaque para\u00a0<strong data-start=\"1087\" data-end=\"1108\">seguran\u00e7a p\u00fablica<\/strong>\u00a0e para a\u00a0<strong data-start=\"1118\" data-end=\"1160\">universidade estadual da \u00e1rea de sa\u00fade<\/strong>.<\/p>\n<p data-start=\"1163\" data-end=\"1419\"><strong data-start=\"1163\" data-end=\"1210\">1) Pol\u00edcia Militar (maior fatia individual)<\/strong><br data-start=\"1210\" data-end=\"1213\" \/>A\u00a0<strong data-start=\"1215\" data-end=\"1252\">Pol\u00edcia Militar de Alagoas (PMAL)<\/strong>\u00a0aparece como a principal destinat\u00e1ria individual do decreto, com\u00a0<strong data-start=\"1318\" data-end=\"1338\">R$ 85.840.415,00<\/strong>\u00a0destinados a refor\u00e7ar \u201cGest\u00e3o de Pessoas\u201d.<\/p>\n<p data-start=\"1421\" data-end=\"1646\"><strong data-start=\"1421\" data-end=\"1463\">2) Pol\u00edcia Civil (segunda maior fatia)<\/strong><br data-start=\"1463\" data-end=\"1466\" \/>Logo em seguida, a\u00a0<strong data-start=\"1485\" data-end=\"1509\">Pol\u00edcia Civil (PCAL)<\/strong>\u00a0recebe\u00a0<strong data-start=\"1517\" data-end=\"1537\">R$ 61.851.402,00<\/strong>, tamb\u00e9m em refor\u00e7o relacionado a \u201cGest\u00e3o de Pessoas\u201d, segundo o anexo.<\/p>\n<p data-start=\"1648\" data-end=\"1862\"><strong data-start=\"1648\" data-end=\"1679\">3) Uncisal (sa\u00fade e ensino)<\/strong><br data-start=\"1679\" data-end=\"1682\" \/>O terceiro maior volume identificado vai para a\u00a0<strong data-start=\"1730\" data-end=\"1797\">Universidade Estadual de Ci\u00eancias da Sa\u00fade de Alagoas (Uncisal)<\/strong>, com\u00a0<strong data-start=\"1803\" data-end=\"1823\">R$ 29.246.241,00<\/strong>.<\/p>\n<p data-start=\"1864\" data-end=\"2056\"><strong data-start=\"1864\" data-end=\"1886\">4) Ressocializa\u00e7\u00e3o<\/strong><br data-start=\"1886\" data-end=\"1889\" \/>Outro valor de peso aparece no bloco de\u00a0<strong data-start=\"1929\" data-end=\"1966\">Ressocializa\u00e7\u00e3o e Inclus\u00e3o Social<\/strong>, que soma\u00a0<strong data-start=\"1977\" data-end=\"1997\">R$ 14.704.311,00<\/strong>\u00a0no anexo do decreto.<\/p>\n<p data-start=\"2058\" data-end=\"2428\"><strong data-start=\"2058\" data-end=\"2101\">5) Procuradoria e gest\u00e3o administrativa<\/strong><br data-start=\"2101\" data-end=\"2104\" \/>Na estrutura de apoio jur\u00eddico e de governo, a\u00a0<strong data-start=\"2151\" data-end=\"2189\">Procuradoria Geral do Estado (PGE)<\/strong>\u00a0recebeu\u00a0<strong data-start=\"2198\" data-end=\"2217\">R$ 5.558.140,00<\/strong>, enquanto o\u00a0<strong data-start=\"2230\" data-end=\"2248\">Gabinete Civil<\/strong>\u00a0teve\u00a0<strong data-start=\"2254\" data-end=\"2273\">R$ 2.789.648,00<\/strong>\u00a0e a\u00a0<strong data-start=\"2278\" data-end=\"2321\">Secretaria de Estado de Governo (Segov)<\/strong>\u00a0ficou com\u00a0<strong data-start=\"2332\" data-end=\"2351\">R$ 2.471.563,00<\/strong>.<\/p>\n<h3 data-start=\"2430\" data-end=\"2486\">Lista de distribui\u00e7\u00e3o (valores confirmados no anexo)<\/h3>\n<ul>\n<li data-start=\"2489\" data-end=\"2573\"><strong data-start=\"2489\" data-end=\"2533\">Pol\u00edcia Militar (PMAL): R$ 85.840.415,00<\/strong><\/li>\n<li data-start=\"2576\" data-end=\"2660\"><strong data-start=\"2576\" data-end=\"2618\">Pol\u00edcia Civil (PCAL): R$ 61.851.402,00<\/strong><\/li>\n<li data-start=\"2663\" data-end=\"2734\"><strong data-start=\"2663\" data-end=\"2692\">Uncisal: R$ 29.246.241,00<\/strong><\/li>\n<li data-start=\"2737\" data-end=\"2834\"><strong data-start=\"2737\" data-end=\"2792\">Ressocializa\u00e7\u00e3o e Inclus\u00e3o Social: R$ 14.704.311,00<\/strong><\/li>\n<li data-start=\"2837\" data-end=\"2924\"><strong data-start=\"2837\" data-end=\"2882\">Procuradoria Geral (PGE): R$ 5.558.140,00<\/strong><\/li>\n<li data-start=\"2927\" data-end=\"3004\"><strong data-start=\"2927\" data-end=\"2962\">Gabinete Civil: R$ 2.789.648,00<\/strong><\/li>\n<li data-start=\"3007\" data-end=\"3109\"><strong data-start=\"3007\" data-end=\"3067\">Secretaria de Estado de Governo (Segov): R$ 2.471.563,00<\/strong><\/li>\n<li data-start=\"3112\" data-end=\"3212\"><strong data-start=\"3112\" data-end=\"3170\">Secretaria de Seguran\u00e7a P\u00fablica (SSP): R$ 2.120.223,00<\/strong><\/li>\n<li data-start=\"3215\" data-end=\"3316\"><strong data-start=\"3215\" data-end=\"3274\">Ag\u00eancia de Defesa Agropecu\u00e1ria (ADEAL): R$ 1.061.150,00<\/strong><\/li>\n<li data-start=\"3319\" data-end=\"3384\"><strong data-start=\"3319\" data-end=\"3342\">FAPEAL: R$ 9.906,00<\/strong><\/li>\n<\/ul>\n<p data-start=\"3386\" data-end=\"3569\">Al\u00e9m desses, o decreto distribui o restante do montante entre outros \u00f3rg\u00e3os e unidades or\u00e7ament\u00e1rias, conforme detalhamento do\u00a0<strong data-start=\"3513\" data-end=\"3528\">Anexo \u00danico<\/strong>.<\/p>\n<p data-start=\"3571\" data-end=\"3861\"><strong data-start=\"3571\" data-end=\"3583\">D\u00e9ficit?<\/strong>\u00a0O decreto n\u00e3o especifica, no texto publicado, se a suplementa\u00e7\u00e3o cobre integralmente as necessidades de cada \u00f3rg\u00e3o at\u00e9 o fechamento do exerc\u00edcio, nem detalha demonstrativos financeiros do excesso de arrecada\u00e7\u00e3o al\u00e9m da base legal citada.<\/p>\n<p data-start=\"3863\" data-end=\"3925\"><strong data-start=\"3863\" data-end=\"3904\">Erros? Sugest\u00f5es? Fale com a reda\u00e7\u00e3o:<\/strong>\u00a0<a class=\"decorated-link cursor-pointer\" rel=\"noopener\" data-start=\"3905\" data-end=\"3925\">contato@br104.com.br<\/a><\/p>\n<\/div>\n<footer class=\"tags-post-end\"><a href=\"https:\/\/www.br104.com.br\/tag\/diario-oficial\/\" rel=\"tag\">Di\u00e1rio Oficial<\/a>\u00a0<a href=\"https:\/\/www.br104.com.br\/tag\/governo-de-alagoas\/\" rel=\"tag\">Governo de Alagoas<\/a>\u00a0<a href=\"https:\/\/www.br104.com.br\/tag\/orcamento-2025\/\" rel=\"tag\">Or\u00e7amento 2025<\/a>\u00a0<a href=\"https:\/\/www.br104.com.br\/tag\/paulo-dantas\/\" rel=\"tag\">Paulo Dantas<\/a>\u00a0<a href=\"https:\/\/www.br104.com.br\/tag\/policia-militar\/\" rel=\"tag\">Pol\u00edcia Militar<\/a>\u00a0<a href=\"https:\/\/www.br104.com.br\/tag\/sefaz-al\/\" rel=\"tag\">Sefaz AL<\/a>\u00a0<a href=\"https:\/\/www.br104.com.br\/tag\/uncisal\/\" rel=\"tag\">UNCISAL<\/a><\/footer>\n<\/article>\n<\/div>\n<\/div>\n<p>&nbsp;<\/p>\n","protected":false},"excerpt":{"rendered":"<p>Decreto publicado nesta ter\u00e7a (9) refor\u00e7a or\u00e7amento para &#8220;Gest\u00e3o de Pessoas&#8221;; PMAL e Uncisal concentram mais da metade do montante.<\/p>\n","protected":false},"author":2,"featured_media":0,"comment_status":"open","ping_status":"open","sticky":false,"template":"","format":"standard","meta":{"footnotes":""},"categories":[13,36,12,23,25,10,24,8,27,28],"tags":[],"class_list":["post-49915","post","type-post","status-publish","format-standard","hentry","category-brasil","category-brasil-2","category-economia","category-educacao","category-interior","category-justica","category-policia-2","category-policia","category-saude","category-turismo"],"_links":{"self":[{"href":"https:\/\/tudonominuto.com.br\/portal\/wp-json\/wp\/v2\/posts\/49915","targetHints":{"allow":["GET"]}}],"collection":[{"href":"https:\/\/tudonominuto.com.br\/portal\/wp-json\/wp\/v2\/posts"}],"about":[{"href":"https:\/\/tudonominuto.com.br\/portal\/wp-json\/wp\/v2\/types\/post"}],"author":[{"embeddable":true,"href":"https:\/\/tudonominuto.com.br\/portal\/wp-json\/wp\/v2\/users\/2"}],"replies":[{"embeddable":true,"href":"https:\/\/tudonominuto.com.br\/portal\/wp-json\/wp\/v2\/comments?post=49915"}],"version-history":[{"count":3,"href":"https:\/\/tudonominuto.com.br\/portal\/wp-json\/wp\/v2\/posts\/49915\/revisions"}],"predecessor-version":[{"id":49919,"href":"https:\/\/tudonominuto.com.br\/portal\/wp-json\/wp\/v2\/posts\/49915\/revisions\/49919"}],"wp:attachment":[{"href":"https:\/\/tudonominuto.com.br\/portal\/wp-json\/wp\/v2\/media?parent=49915"}],"wp:term":[{"taxonomy":"category","embeddable":true,"href":"https:\/\/tudonominuto.com.br\/portal\/wp-json\/wp\/v2\/categories?post=49915"},{"taxonomy":"post_tag","embeddable":true,"href":"https:\/\/tudonominuto.com.br\/portal\/wp-json\/wp\/v2\/tags?post=49915"}],"curies":[{"name":"wp","href":"https:\/\/api.w.org\/{rel}","templated":true}]}}