{"id":50879,"date":"2026-01-10T10:42:04","date_gmt":"2026-01-10T13:42:04","guid":{"rendered":"https:\/\/tudonominuto.com.br\/portal\/?p=50879"},"modified":"2026-01-10T10:42:04","modified_gmt":"2026-01-10T13:42:04","slug":"policia-militar-de-alagoas-promove-formatura-de-17-novos-soldados","status":"publish","type":"post","link":"https:\/\/tudonominuto.com.br\/portal\/2026\/01\/10\/policia-militar-de-alagoas-promove-formatura-de-17-novos-soldados\/","title":{"rendered":"Pol\u00edcia Militar de Alagoas promove formatura de 17 novos soldados"},"content":{"rendered":"<div class=\"col-md-12 mb-20 text-black font-14\"><i class=\"fa fa-calendar\"><\/i><strong>\u00a0| <span class=\"label label-info label-rounded ml-5\">Seguran\u00e7a <\/span><span class=\"label label-info label-rounded ml-5\">Capacita\u00e7\u00e3o<\/span><\/strong><\/p>\n<hr \/>\n<\/div>\n<div class=\"col-md-8 font-18\"><img decoding=\"async\" data-src=\"https:\/\/alagoas.al.gov.br\/imagens\/conteudos\/policia-militar-de-alagoas-promove-formatura-de-17-novos-soldados.JPG\" src=\"data:image\/gif;base64,R0lGODlhAQABAAAAACH5BAEKAAEALAAAAAABAAEAAAICTAEAOw==\" class=\"lazyload\" \/><\/p>\n<div class=\"col-md-7 m-0 p-0\">\n<p class=\"font-12\">Evento aconteceu no audit\u00f3rio da Ordem dos Advogados do Brasil em Alagoas (OAB\/AL)<\/p>\n<\/div>\n<div class=\"col-md-5 m-0 p-0 text-right\">\n<p class=\"font-12\"><i class=\"fa fa-camera\"><\/i>\u00a0Weslley Ferreira<\/p>\n<\/div>\n<div class=\"clearfix\">\n<h2 class=\"text-black font-18 mt-0 pt-0\">CFP 2025 presta homenagem p\u00f3stuma ao tenente R\/R Lima, que d\u00e1 nome \u00e0 turma<\/h2>\n<\/div>\n<p><strong>TNM\/Por Fernanda Alves \/ Ascom PM-AL<\/strong><br \/>\nA Pol\u00edcia Militar de Alagoas (PM-AL) formou nesta sexta-feira (9) mais uma turma do Curso de Forma\u00e7\u00e3o de Pra\u00e7as (CFP). Os concluintes foram declarados, oficialmente, os mais novos soldados da corpora\u00e7\u00e3o. Uma hist\u00f3ria termina e outra come\u00e7a para 17 militares, que se despedem do Centro de Forma\u00e7\u00e3o e Aperfei\u00e7oamento de Pra\u00e7as (CFAP), onde passaram os \u00faltimos meses, e ser\u00e3o distribu\u00eddos \u00e0s suas novas unidades operacionais.<\/p>\n<p>Sob a presid\u00eancia do coronel Paulo Amorim, comandante-geral da Pol\u00edcia Militar, o evento aconteceu no audit\u00f3rio da Ordem dos Advogados do Brasil em Alagoas (OAB\/AL), em Jacarecica, em Macei\u00f3. Oficiais, pra\u00e7as e familiares participaram do ato solene.<\/p>\n<p>\u201cA formatura do CFP 2025 simboliza mais do que a conclus\u00e3o de um curso. Ela marca o in\u00edcio de uma nova etapa, em que os senhores e as senhoras, agora soldados, passam a seguir sua carreira na Pol\u00edcia Militar de Alagoas, levando consigo o aprendizado adquirido, os valores cultivados e a responsabilidade de servir e proteger a sociedade alagoana nas ruas\u201d, afirmou o comandante-geral.<\/p>\n<p>A turma CFP 2025 escolheu como nome: 1\u00ba Tenente QOE PM Jos\u00e9 Alberto da Silva Lima (in memoriam). O oficial, falecido em novembro de 2025, estava na reserva remunerada, mas dedicou anos de servi\u00e7o \u00e0 unidade-escola, marcando gera\u00e7\u00f5es de militares. Familiares do veterano receberam a homenagem durante a cerim\u00f4nia.<\/p>\n<p><img decoding=\"async\" src=\"http:\/\/alagoas.al.gov.br\/imagens\/conteudos\/42cb76f448b46afad26122d237eed88c\/\/FORM%20CPF_09-01-2025_WF%20(5).JPG\" \/><\/p>\n<p>Com vibra\u00e7\u00e3o e orgulho, e sob o comando da capit\u00e3 Elisabeth Magna, o pelot\u00e3o de formandos adentrou ao audit\u00f3rio marchando e entoando a tradicional Can\u00e7\u00e3o do Soldado, executada pela Banda de M\u00fasica da PM.<\/p>\n<p>A solenidade reconheceu o m\u00e9rito intelectual e t\u00e1tico dos tr\u00eas primeiros lugares do curso. Destaque para tr\u00eas policiais femininas, que obtiveram as maiores m\u00e9dias entre os formandos: a soldado Williane Tavares ficou na 3\u00aa coloca\u00e7\u00e3o; a soldado Rayara Ingrid na 2\u00aa; e a soldado Myllena Costa, que alcan\u00e7ou o 1\u00ba lugar no ranking de m\u00e9dias, foi tamb\u00e9m a juramentista. As tr\u00eas foram agraciadas com suas respectivas Medalhas Institucionais do M\u00e9rito Acad\u00eamico: bronze, prata e ouro.<\/p>\n<p>Em momento posterior, todos os concluintes puderam incorporar os brev\u00eas do CPF ao uniforme, simbolizando a conclus\u00e3o. A cerim\u00f4nia encerrou com o t\u00e3o aguardado \u201cfora de forma\u201d. Os novos soldados Alexsandro Lima Cordeiro e Pamella Su\u00ealla Alves Santos foram orador e juramentista, respectivamente.<\/p>\n<p><img decoding=\"async\" src=\"http:\/\/alagoas.al.gov.br\/imagens\/conteudos\/42cb76f448b46afad26122d237eed88c\/\/HOMENAGEM_FORM%20CPF_09-01-2025_WF%20(2).JPG\" \/><\/p>\n<p>A mesa de honra tamb\u00e9m foi composta pelo subcomandante-geral da PM, coronel Neyvado Amorim; pelo comandante da Academia de Pol\u00edcia Militar Senador Arnon de Mello (APMSAM), coronel Carlos Azevedo; pelo corregedor-geral da PM, tenente-coronel Lima Neto; pelo diretor de Pessoal da PM, tenente-coronel Phelipe Rog\u00e9rio; pela diretora de Comunica\u00e7\u00e3o Social da PM, tenente-coronel Josiene Lima; pelo comandante de Policiamento da Regi\u00e3o Sul (CPRSUL), tenente-coronel Fernando Soares e pelo major Daniel Val\u00f5es, comandante do CFAP.<\/p>\n<p><b>Homenagens<\/b><\/p>\n<p>Cumprindo o rito de honra ao veterano, o 2\u00ba tenente da Reserva Remunerada (R\/R) Ranielle Moreira de Almeida, foi convidado para receber a contin\u00eancia prestada por todos os militares presentes, sob o comando do coronel Paulo Amorim.<\/p>\n<p>Foram reconhecidos ainda: o patrono, major Val\u00f5es da Rocha; o paraninfo, tenente Leonardo Jorge da Silva Pacheco. Uma homenagem especial foi prestada ao tenente-coronel Pedro Honorato e \u00e0 instrutora, que representou todos os demais, sargento Vit\u00f3ria R\u00e9gia Lima Santos. Outros militares e personalidades foram chamados \u00e0 frente de honra para receber o s\u00edmbolo de gratid\u00e3o por terem contribu\u00eddo ao longo da jornada de forma\u00e7\u00e3o.<\/p>\n<p><b>CFP 2025<\/b><\/p>\n<p>Iniciado em abril, o curso representou um per\u00edodo intenso de aprendizado te\u00f3rico e pr\u00e1tico que encerrou em dezembro. Foram mais de 1.500 horas-aula, com uma grande curricular robusta que reuniu conhecimentos t\u00e9cnicos, jur\u00eddicos, operacionais e humanos, al\u00e9m de atividades pr\u00e1ticas que exigiram resist\u00eancia f\u00edsica, equil\u00edbrio emocional e esp\u00edrito de equipe.<\/p>\n<p><img decoding=\"async\" src=\"http:\/\/alagoas.al.gov.br\/imagens\/conteudos\/42cb76f448b46afad26122d237eed88c\/\/FORM%20CPF_09-01-2025_WF%20(6).JPG\" \/><\/p>\n<p>A chamada \u201cZero Um\u201d da turma, como s\u00e3o denominados os primeiros colocados, destacou que a conclus\u00e3o do CFP representa a concretiza\u00e7\u00e3o de um sonho iniciado ainda na \u00e9poca dos estudos para concursos e um objetivo de vida pelo qual todos lutaram. \u201cA materializa\u00e7\u00e3o deste momento \u00e9 muito gratificante e emocionante. S\u00f3 quem passou por um curso de forma\u00e7\u00e3o policial militar sabe o qu\u00e3o cansativo, sacrificante e intenso ele \u00e9\u201d, declarou a agora soldado Myllena Costa.<\/p>\n<p>A fala da militar, que seguir\u00e1 para a miss\u00e3o nas ruas, traduz o sentimento coletivo de supera\u00e7\u00e3o vivido ao longo da forma\u00e7\u00e3o. \u201cPor mais dif\u00edcil e desafiador que seja, o processo proporciona uma evolu\u00e7\u00e3o pessoal e profissional incomensur\u00e1vel. Nunca seremos mais as mesmas pessoas: aprendemos, ressignificamos e criamos novos h\u00e1bitos. Com certeza, sa\u00edmos do CFAP como humanos melhores, aprendendo a dar mais valor aos nossos esfor\u00e7os e \u00e0s pequenas coisas do dia a dia\u201d, completou a combatente, celebrando: \u201cO dia de hoje, entre tantas outras palavras, se resume em duas: gratid\u00e3o e supera\u00e7\u00e3o!\u201d.<\/p>\n<div id=\"grid\" class=\"mt-0 pt-0 gallery-isotope default-animation-effect grid-5 gutter masonry clearfix\">\n<div class=\"gallery-item  \">\n<div class=\"box-hover-effect effect-barlin\">\n<div class=\"effect-wrapper\">\n<div class=\"thumb\"><img decoding=\"async\" class=\"img-fullwidth\" src=\"https:\/\/alagoas.al.gov.br\/js\/timthumb.php?src=..\/imagens\/galerias\/b23e935553d8c97dae7fae3cae320e36\/JURAMENTO_FORM%20CPF_09-01-2025_WF%20(1).JPG&amp;w=400&amp;h=350\" alt=\"Weslley Ferreira \/ Ascom Pol\u00edcia Militar\" \/><\/div>\n<div class=\"overlay-shade bg-theme-colored-transparent-6\"><\/div>\n<\/div>\n<\/div>\n<\/div>\n<div class=\"gallery-item  \">\n<div class=\"box-hover-effect effect-barlin\">\n<div class=\"effect-wrapper\">\n<div class=\"thumb\"><img decoding=\"async\" class=\"img-fullwidth\" src=\"https:\/\/alagoas.al.gov.br\/js\/timthumb.php?src=..\/imagens\/galerias\/b23e935553d8c97dae7fae3cae320e36\/FORM%20CPF_09-01-2025_WF%20(6).JPG&amp;w=400&amp;h=350\" alt=\"Weslley Ferreira \/ Ascom Pol\u00edcia Militar\" \/><\/div>\n<div class=\"overlay-shade bg-theme-colored-transparent-6\"><\/div>\n<\/div>\n<\/div>\n<\/div>\n<div class=\"gallery-item  \">\n<div class=\"box-hover-effect effect-barlin\">\n<div class=\"effect-wrapper\">\n<div class=\"thumb\"><img decoding=\"async\" class=\"img-fullwidth\" src=\"https:\/\/alagoas.al.gov.br\/js\/timthumb.php?src=..\/imagens\/galerias\/b23e935553d8c97dae7fae3cae320e36\/FORM%20CPF_09-01-2025_WF%20(5).JPG&amp;w=400&amp;h=350\" alt=\"Weslley Ferreira \/ Ascom Pol\u00edcia Militar\" \/><\/div>\n<div class=\"overlay-shade bg-theme-colored-transparent-6\"><\/div>\n<\/div>\n<\/div>\n<\/div>\n<div class=\"gallery-item  \">\n<div class=\"box-hover-effect effect-barlin\">\n<div class=\"effect-wrapper\">\n<div class=\"thumb\"><img decoding=\"async\" class=\"img-fullwidth\" src=\"https:\/\/alagoas.al.gov.br\/js\/timthumb.php?src=..\/imagens\/galerias\/b23e935553d8c97dae7fae3cae320e36\/FORM%20CPF_09-01-2025_WF%20(7).JPG&amp;w=400&amp;h=350\" alt=\"Weslley Ferreira \/ Ascom Pol\u00edcia Militar\" \/><\/div>\n<div class=\"overlay-shade bg-theme-colored-transparent-6\"><\/div>\n<\/div>\n<\/div>\n<\/div>\n<div class=\"gallery-item  \">\n<div class=\"box-hover-effect effect-barlin\">\n<div class=\"effect-wrapper\">\n<div class=\"thumb\"><img decoding=\"async\" class=\"img-fullwidth\" src=\"https:\/\/alagoas.al.gov.br\/js\/timthumb.php?src=..\/imagens\/galerias\/b23e935553d8c97dae7fae3cae320e36\/FORM%20CPF_09-01-2025_WF%20(9).JPG&amp;w=400&amp;h=350\" alt=\"Weslley Ferreira \/ Ascom Pol\u00edcia Militar\" \/><\/div>\n<div class=\"overlay-shade bg-theme-colored-transparent-6\"><\/div>\n<\/div>\n<\/div>\n<\/div>\n<div class=\"gallery-item  \">\n<div class=\"box-hover-effect effect-barlin\">\n<div class=\"effect-wrapper\">\n<div class=\"thumb\"><img decoding=\"async\" class=\"img-fullwidth\" src=\"https:\/\/alagoas.al.gov.br\/js\/timthumb.php?src=..\/imagens\/galerias\/b23e935553d8c97dae7fae3cae320e36\/FORM%20CPF_09-01-2025_WF%20(10).JPG&amp;w=400&amp;h=350\" alt=\"Weslley Ferreira \/ Ascom Pol\u00edcia Militar\" \/><\/div>\n<div class=\"overlay-shade bg-theme-colored-transparent-6\"><\/div>\n<\/div>\n<\/div>\n<\/div>\n<div class=\"gallery-item  \">\n<div class=\"box-hover-effect effect-barlin\">\n<div class=\"effect-wrapper\">\n<div class=\"thumb\"><img decoding=\"async\" class=\"img-fullwidth\" src=\"https:\/\/alagoas.al.gov.br\/js\/timthumb.php?src=..\/imagens\/galerias\/b23e935553d8c97dae7fae3cae320e36\/FORM%20CPF_09-01-2025_WF%20(11).JPG&amp;w=400&amp;h=350\" alt=\"Weslley Ferreira \/ Ascom Pol\u00edcia Militar\" \/><\/div>\n<div class=\"overlay-shade bg-theme-colored-transparent-6\"><\/div>\n<\/div>\n<\/div>\n<\/div>\n<div class=\"gallery-item  \">\n<div class=\"box-hover-effect effect-barlin\">\n<div class=\"effect-wrapper\">\n<div class=\"thumb\"><img decoding=\"async\" class=\"img-fullwidth\" src=\"https:\/\/alagoas.al.gov.br\/js\/timthumb.php?src=..\/imagens\/galerias\/b23e935553d8c97dae7fae3cae320e36\/HOMENAGEM_FORM%20CPF_09-01-2025_WF%20(2).JPG&amp;w=400&amp;h=350\" alt=\"Weslley Ferreira \/ Ascom Pol\u00edcia Militar\" \/><\/div>\n<div class=\"overlay-shade bg-theme-colored-transparent-6\"><\/div>\n<\/div>\n<\/div>\n<\/div>\n<\/div>\n<\/div>\n","protected":false},"excerpt":{"rendered":"<p>Sob a presid\u00eancia do coronel Paulo Amorim, comandante-geral da Pol\u00edcia Militar, o evento aconteceu no audit\u00f3rio da Ordem dos Advogados do Brasil em Alagoas (OAB\/AL), em Jacarecica, em Macei\u00f3. Oficiais, pra\u00e7as e familiares participaram do ato solene.<\/p>\n","protected":false},"author":2,"featured_media":0,"comment_status":"open","ping_status":"open","sticky":false,"template":"","format":"standard","meta":{"footnotes":""},"categories":[20,21,12,23,25,10,8,24,27,28],"tags":[],"class_list":["post-50879","post","type-post","status-publish","format-standard","hentry","category-cultura","category-destaque","category-economia","category-educacao","category-interior","category-justica","category-policia","category-policia-2","category-saude","category-turismo"],"_links":{"self":[{"href":"https:\/\/tudonominuto.com.br\/portal\/wp-json\/wp\/v2\/posts\/50879","targetHints":{"allow":["GET"]}}],"collection":[{"href":"https:\/\/tudonominuto.com.br\/portal\/wp-json\/wp\/v2\/posts"}],"about":[{"href":"https:\/\/tudonominuto.com.br\/portal\/wp-json\/wp\/v2\/types\/post"}],"author":[{"embeddable":true,"href":"https:\/\/tudonominuto.com.br\/portal\/wp-json\/wp\/v2\/users\/2"}],"replies":[{"embeddable":true,"href":"https:\/\/tudonominuto.com.br\/portal\/wp-json\/wp\/v2\/comments?post=50879"}],"version-history":[{"count":1,"href":"https:\/\/tudonominuto.com.br\/portal\/wp-json\/wp\/v2\/posts\/50879\/revisions"}],"predecessor-version":[{"id":50881,"href":"https:\/\/tudonominuto.com.br\/portal\/wp-json\/wp\/v2\/posts\/50879\/revisions\/50881"}],"wp:attachment":[{"href":"https:\/\/tudonominuto.com.br\/portal\/wp-json\/wp\/v2\/media?parent=50879"}],"wp:term":[{"taxonomy":"category","embeddable":true,"href":"https:\/\/tudonominuto.com.br\/portal\/wp-json\/wp\/v2\/categories?post=50879"},{"taxonomy":"post_tag","embeddable":true,"href":"https:\/\/tudonominuto.com.br\/portal\/wp-json\/wp\/v2\/tags?post=50879"}],"curies":[{"name":"wp","href":"https:\/\/api.w.org\/{rel}","templated":true}]}}