{"id":50888,"date":"2026-01-10T12:58:13","date_gmt":"2026-01-10T15:58:13","guid":{"rendered":"https:\/\/tudonominuto.com.br\/portal\/?p=50888"},"modified":"2026-01-10T12:58:13","modified_gmt":"2026-01-10T15:58:13","slug":"reajuste-do-inss-para-quem-ganha-acima-do-minimo-e-divulgado-veja-valores","status":"publish","type":"post","link":"https:\/\/tudonominuto.com.br\/portal\/2026\/01\/10\/reajuste-do-inss-para-quem-ganha-acima-do-minimo-e-divulgado-veja-valores\/","title":{"rendered":"Reajuste do INSS para quem ganha acima do m\u00ednimo \u00e9 divulgado; veja valores"},"content":{"rendered":"<div id=\"ig-header-parceiros\" class=\"ig-header-parceiros\">\n<div id=\"ig-header-parceiros\" class=\"ig-header-parceiros\">\n<div class=\"ig-header-container\">\n<div class=\"ig-box-logo\"><a class=\"header-logo\" href=\"https:\/\/ojornalextra.com.br\/\"><img decoding=\"async\" data-src=\"https:\/\/ojornalextra.com.br\/assets\/imgs\/logo.png\" alt=\"\" src=\"data:image\/gif;base64,R0lGODlhAQABAAAAACH5BAEKAAEALAAAAAABAAEAAAICTAEAOw==\" class=\"lazyload\" \/><\/a><\/div>\n<div><img decoding=\"async\" class=\"img-100 lazyload\" title=\"Calend\u00e1rio de pagamentos do INSS para 2026 foi divulgado em dezembro de 2025\" data-src=\"https:\/\/img.dhost.cloud\/S2VbWxpg96me5YibqN-qjf9oSF4=\/700x429\/smart\/https:\/\/ojornalextra.us-east-1.linodeobjects.com\/uploads\/imagens\/2025\/06\/49de7c89-0f16-48cf-82c1-5c5b220f246f-1.png\" alt=\"Calend\u00e1rio de pagamentos do INSS para 2026 foi divulgado em dezembro de 2025\" src=\"data:image\/gif;base64,R0lGODlhAQABAAAAACH5BAEKAAEALAAAAAABAAEAAAICTAEAOw==\" \/><\/div>\n<div>Calend\u00e1rio de pagamentos do INSS para 2026 foi divulgado em dezembro de 2025<\/div>\n<\/div>\n<\/div>\n<\/div>\n<div class=\"global\"><main class=\"main-content --intern\"><\/p>\n<div class=\"publication-columns-container\">\n<div class=\"container\">\n<div class=\"row\">\n<div class=\"col-xs-12 col-lg-7 center\">\n<div class=\"news-column\">\n<article class=\"internal-publication-container\">\n<div class=\"title-container\">\n<h2>CONFIRA<\/h2>\n<p><strong>Corre\u00e7\u00e3o segue o INPC e define novos pagamentos entre janeiro e fevereiro de 2026<\/strong><\/div>\n<div class=\"accessibility-and-share-container\">\n<div class=\"publication-infos-container\">\n<div>\n<div><\/div>\n<div class=\"publication-post\"><span class=\"publication-section\">TNM\/Por Reda\u00e7\u00e3o<\/span>10\/01\/2026 &#8211; 11:43 &#8211; INSS<\/div>\n<\/div>\n<\/div>\n<\/div>\n<div class=\"publication-container \">\n<div class=\"generica\">\n<p>O reajuste dos benef\u00edcios do INSS para aposentados e pensionistas que recebem acima de um sal\u00e1rio m\u00ednimo foi definido nesta sexta-feira, 9, conforme divulgado pelo Instituto Nacional do Seguro Social.<\/p>\n<p>A corre\u00e7\u00e3o segue o INPC (\u00cdndice Nacional de Pre\u00e7os ao Consumidor) acumulado em 12 meses at\u00e9 dezembro de 2025, conforme determina a legisla\u00e7\u00e3o. Segundo o IBGE, o \u00edndice fechou 2025 com alta de 3,90%, abaixo do registrado em 2024, que foi de 4,77%.<\/p>\n<p>O INPC mede a infla\u00e7\u00e3o percebida por fam\u00edlias com renda mensal entre um e cinco sal\u00e1rios m\u00ednimos. Em dezembro, o \u00edndice acelerou para 0,21%, ap\u00f3s registrar 0,03% em novembro.<\/p>\n<\/div>\n<\/div>\n<\/article>\n<\/div>\n<\/div>\n<\/div>\n<\/div>\n<\/div>\n<p><\/main><\/div>\n","protected":false},"excerpt":{"rendered":"<p>A corre\u00e7\u00e3o segue o INPC (\u00cdndice Nacional de Pre\u00e7os ao Consumidor) acumulado em 12 meses at\u00e9 dezembro de 2025, conforme determina a legisla\u00e7\u00e3o. Segundo o IBGE, o \u00edndice fechou 2025 com alta de 3,90%, abaixo do registrado em 2024, que foi de 4,77%.<\/p>\n","protected":false},"author":2,"featured_media":0,"comment_status":"open","ping_status":"open","sticky":false,"template":"","format":"standard","meta":{"footnotes":""},"categories":[12,25,10,32,9,33,35,27],"tags":[],"class_list":["post-50888","post","type-post","status-publish","format-standard","hentry","category-economia","category-interior","category-justica","category-ploitica","category-politica","category-politica-2","category-politica-politica","category-saude"],"_links":{"self":[{"href":"https:\/\/tudonominuto.com.br\/portal\/wp-json\/wp\/v2\/posts\/50888","targetHints":{"allow":["GET"]}}],"collection":[{"href":"https:\/\/tudonominuto.com.br\/portal\/wp-json\/wp\/v2\/posts"}],"about":[{"href":"https:\/\/tudonominuto.com.br\/portal\/wp-json\/wp\/v2\/types\/post"}],"author":[{"embeddable":true,"href":"https:\/\/tudonominuto.com.br\/portal\/wp-json\/wp\/v2\/users\/2"}],"replies":[{"embeddable":true,"href":"https:\/\/tudonominuto.com.br\/portal\/wp-json\/wp\/v2\/comments?post=50888"}],"version-history":[{"count":1,"href":"https:\/\/tudonominuto.com.br\/portal\/wp-json\/wp\/v2\/posts\/50888\/revisions"}],"predecessor-version":[{"id":50890,"href":"https:\/\/tudonominuto.com.br\/portal\/wp-json\/wp\/v2\/posts\/50888\/revisions\/50890"}],"wp:attachment":[{"href":"https:\/\/tudonominuto.com.br\/portal\/wp-json\/wp\/v2\/media?parent=50888"}],"wp:term":[{"taxonomy":"category","embeddable":true,"href":"https:\/\/tudonominuto.com.br\/portal\/wp-json\/wp\/v2\/categories?post=50888"},{"taxonomy":"post_tag","embeddable":true,"href":"https:\/\/tudonominuto.com.br\/portal\/wp-json\/wp\/v2\/tags?post=50888"}],"curies":[{"name":"wp","href":"https:\/\/api.w.org\/{rel}","templated":true}]}}