{"id":50916,"date":"2026-01-12T14:41:57","date_gmt":"2026-01-12T17:41:57","guid":{"rendered":"https:\/\/tudonominuto.com.br\/portal\/?p=50916"},"modified":"2026-01-12T14:47:18","modified_gmt":"2026-01-12T17:47:18","slug":"lula-determina-apuracao-de-falhas-da-enel-em-sao-paulo","status":"publish","type":"post","link":"https:\/\/tudonominuto.com.br\/portal\/2026\/01\/12\/lula-determina-apuracao-de-falhas-da-enel-em-sao-paulo\/","title":{"rendered":"Lula determina apura\u00e7\u00e3o de falhas da Enel em S\u00e3o Paulo"},"content":{"rendered":"<header id=\"header-site\" class=\"header-site full-width rel-position\">\n<div class=\"header-ebc full-width\">\n<div class=\"content-center rowflex rowflex-full\"><a class=\"logo-veiculo\" href=\"https:\/\/agenciabrasil.ebc.com.br\/\"><img decoding=\"async\" data-src=\"https:\/\/agenciabrasil.ebc.com.br\/sites\/default\/themes\/agenciabrasil_v3\/images\/agbrasil-color-logo.svg?t716kh\" alt=\"logo Ag\u00eancia Brasil\" width=\"268\" height=\"37\" src=\"data:image\/gif;base64,R0lGODlhAQABAAAAACH5BAEKAAEALAAAAAABAAEAAAICTAEAOw==\" class=\"lazyload\" style=\"--smush-placeholder-width: 268px; --smush-placeholder-aspect-ratio: 268\/37;\" \/><\/a><\/div>\n<\/div>\n<div class=\"header-veiculo full-width\">\n<div class=\"content-center rowflex rowflex-full rel-position\">\n<div class=\"container-btns-menu rowflex rowflex-full\">\n<div id=\"menu-btn-mob\" class=\"menu-btn\" title=\"Menu\">\n<div class=\"menu-btn__burger\"><img decoding=\"async\" id=\"media-448416\" title=\"Marcelo Camargo\/Ag\u00eancia Brasil\" data-src=\"https:\/\/imagens.ebc.com.br\/tiuLbpFsRL-ua7tZ2yMXvfY8bMI=\/1170x700\/smart\/https:\/\/agenciabrasil.ebc.com.br\/sites\/default\/files\/thumbnails\/image\/2025\/12\/18\/coletiva-lula-mc_abr_18122025-10.jpg?itok=dsv6L4mh\" alt=\"Bras\u00edlia (DF), 18\/12\/2025 - O presidente Luiz In\u00e1cio Lula da Silva d\u00e1 entrevista coletiva durante caf\u00e9 da manh\u00e3 com jornalistas, no Pal\u00e1cio do Planalto. Foto: Marcelo Camargo\/Ag\u00eancia Brasil\" src=\"data:image\/gif;base64,R0lGODlhAQABAAAAACH5BAEKAAEALAAAAAABAAEAAAICTAEAOw==\" class=\"lazyload\" \/>\u00a9 Marcelo Camargo\/Ag\u00eancia Brasi<\/div>\n<\/div>\n<\/div>\n<\/div>\n<\/div>\n<\/header>\n<div class=\"region region-content\">\n<div id=\"block-system-main\" class=\"block block-system\">\n<div class=\"content\">\n<div id=\"panel\" class=\"container-noticia rel-position\">\n<div id=\"node-1674775\" class=\"node node-conteudo clearfix\">\n<div class=\"header-noticia full-width\">\n<p><strong><a class=\"editoria\" href=\"https:\/\/agenciabrasil.ebc.com.br\/economia\">Economia<\/a><\/strong><\/p>\n<div class=\"linha-fina-noticia\"><strong>Em despacho, presidente quer AGU, CGU e Aneel atuando no caso<\/strong><\/div>\n<\/div>\n<div class=\"subheader\">\n<div class=\"container-autoria\">\n<div class=\"autor-noticia\">TNM\/Por Pedro Peduzzi &#8211; Rep\u00f3rter da Ag\u00eancia Brasil<\/div>\n<div class=\"container-data rowflex\">\n<div class=\"data\">Publicado em 12\/01\/2026 &#8211; 12:31<\/div>\n<\/div>\n<div class=\"local\">Bras\u00edlia<\/div>\n<\/div>\n<\/div>\n<div class=\"conteudo-noticia\">\n<p><strong>O presidente Luiz In\u00e1cio Lula da Silva determinou a autoridades do Executivo e do setor el\u00e9trico que adotem \u201cmedidas cab\u00edveis e necess\u00e1rias \u00e0 plena garantia da presta\u00e7\u00e3o adequada, cont\u00ednua e eficiente do servi\u00e7o p\u00fablico de distribui\u00e7\u00e3o de energia el\u00e9trica\u201d \u00e0 popula\u00e7\u00e3o da regi\u00e3o metropolitana de S\u00e3o Paulo.<\/strong><img decoding=\"async\" data-src=\"https:\/\/agenciabrasil.ebc.com.br\/ebc.png?id=1674775&amp;o=node\" src=\"data:image\/gif;base64,R0lGODlhAQABAAAAACH5BAEKAAEALAAAAAABAAEAAAICTAEAOw==\" class=\"lazyload\" \/><img decoding=\"async\" data-src=\"https:\/\/agenciabrasil.ebc.com.br\/ebc.gif?id=1674775&amp;o=node\" src=\"data:image\/gif;base64,R0lGODlhAQABAAAAACH5BAEKAAEALAAAAAABAAEAAAICTAEAOw==\" class=\"lazyload\" \/><\/p>\n<p>A determina\u00e7\u00e3o consta de despacho publicado no\u00a0<a href=\"https:\/\/in.gov.br\/en\/web\/dou\/-\/despacho-do-presidente-da-republica-680388065\" target=\"_blank\" rel=\"noopener\"><em>Di\u00e1rio Oficial da Uni\u00e3o<\/em><\/a>\u00a0desta segunda-feira (12).<\/p>\n<p><strong>O servi\u00e7o de distribui\u00e7\u00e3o de energia na capital regi\u00e3o metropolitana da capital paulista \u00e9 prestado pela Enel SP.<\/strong><\/p>\n<p><strong>Dirigido ao Minist\u00e9rio de Minas e Energia, Advocacia-Geral da Uni\u00e3o (AGU), Controladoria-Geral da Uni\u00e3o (CGU) e Ag\u00eancia Nacional de Energia El\u00e9trica (Aneel), o despacho, publicado no\u00a0<em>Di\u00e1rio Oficial da Uni\u00e3o<\/em>\u00a0desta segunda-feira (12), tem por base as falhas na presta\u00e7\u00e3o do servi\u00e7o ocorridas na grande S\u00e3o Paulo<\/strong>.<\/p>\n<p><strong>Lula determina, \u00e0 AGU, que elabore \u201crelat\u00f3rio circunstanciado sobre as provid\u00eancias adotadas pela concession\u00e1ria de distribui\u00e7\u00e3o de energia el\u00e9trica, a partir da primeira interrup\u00e7\u00e3o relevante\u201d, e que, para tanto, utilize \u201ctodas as medidas judiciais e extrajudiciais necess\u00e1rias, inclusive com requisi\u00e7\u00e3o de informa\u00e7\u00f5es junto \u00e0 ANEEL\u201d.<\/strong><\/p>\n<p><strong>\u00c0 CGU, determina que identifique \u201ceventual responsabilidade dos entes federativos envolvidos\u201d.<\/strong>\u00a0Pede tamb\u00e9m que verifique com a Aneel as raz\u00f5es da \u201caus\u00eancia de atua\u00e7\u00e3o tempestiva dos \u00f3rg\u00e3os competentes, tendo em vista os reiterados pedidos do Minist\u00e9rio de Minas e Energia para instaura\u00e7\u00e3o de processo administrativo para apura\u00e7\u00e3o das falhas recorrentes na presta\u00e7\u00e3o do servi\u00e7o\u201d.<\/p>\n<div class=\"noticias-relacionadas rel-position rowflex\">\n<div class=\"title abs-position\"><strong>Relacionadas<\/strong><\/div>\n<div class=\"capa-noticia-relacionada\"><img decoding=\"async\" data-src=\"https:\/\/imagens.ebc.com.br\/xQzzA6uRm2DL_GSOcn50SAwMVM0=\/390x240\/smart\/https:\/\/agenciabrasil.ebc.com.br\/sites\/default\/files\/thumbnails\/image\/conta_de_energia_mcajr_abr2907221116.jpg?itok=vvQcoOcU\" alt=\"Conta de energia el\u00e9trica\" src=\"data:image\/gif;base64,R0lGODlhAQABAAAAACH5BAEKAAEALAAAAAABAAEAAAICTAEAOw==\" class=\"lazyload\" \/><\/div>\n<div class=\"titulo-noticia-relacionada\">Aneel divulga calend\u00e1rio para an\u00fancio de bandeiras tarif\u00e1rias em 2026<\/div>\n<div class=\"capa-noticia-relacionada\"><img decoding=\"async\" data-src=\"https:\/\/imagens.ebc.com.br\/A7FScOMkL7WgTxZ-vedHVtcA6Hw=\/390x240\/smart\/https:\/\/agenciabrasil.ebc.com.br\/sites\/default\/files\/thumbnails\/image\/conta_de_energia_mcajr_abr2907221111.jpg?itok=RClh9iSN\" alt=\"Conta de energia el\u00e9trica\" src=\"data:image\/gif;base64,R0lGODlhAQABAAAAACH5BAEKAAEALAAAAAABAAEAAAICTAEAOw==\" class=\"lazyload\" \/><\/div>\n<div class=\"titulo-noticia-relacionada\">Aneel mant\u00e9m bandeira vermelha 1 na conta de luz em novembro<\/div>\n<\/div>\n<\/div>\n<div class=\"footer-noticia\">\n<div class=\"editor rowflex\">\n<p>Edi\u00e7\u00e3o:<\/p>\n<div class=\"nome-editor\">Val\u00e9ria Aguiar<\/div>\n<\/div>\n<\/div>\n<\/div>\n<\/div>\n<\/div>\n<\/div>\n<\/div>\n<p>&nbsp;<\/p>\n","protected":false},"excerpt":{"rendered":"<p>O presidente Luiz In\u00e1cio Lula da Silva determinou a autoridades do Executivo e do setor el\u00e9trico que adotem \u201cmedidas cab\u00edveis e necess\u00e1rias \u00e0 plena garantia da presta\u00e7\u00e3o adequada, cont\u00ednua e eficiente do servi\u00e7o p\u00fablico de distribui\u00e7\u00e3o de energia el\u00e9trica\u201d \u00e0 popula\u00e7\u00e3o da regi\u00e3o metropolitana de S\u00e3o Paulo.<\/p>\n","protected":false},"author":2,"featured_media":0,"comment_status":"open","ping_status":"open","sticky":false,"template":"","format":"standard","meta":{"footnotes":""},"categories":[36,13,21,12,23,25,10,8,24,27,28],"tags":[],"class_list":["post-50916","post","type-post","status-publish","format-standard","hentry","category-brasil-2","category-brasil","category-destaque","category-economia","category-educacao","category-interior","category-justica","category-policia","category-policia-2","category-saude","category-turismo"],"_links":{"self":[{"href":"https:\/\/tudonominuto.com.br\/portal\/wp-json\/wp\/v2\/posts\/50916","targetHints":{"allow":["GET"]}}],"collection":[{"href":"https:\/\/tudonominuto.com.br\/portal\/wp-json\/wp\/v2\/posts"}],"about":[{"href":"https:\/\/tudonominuto.com.br\/portal\/wp-json\/wp\/v2\/types\/post"}],"author":[{"embeddable":true,"href":"https:\/\/tudonominuto.com.br\/portal\/wp-json\/wp\/v2\/users\/2"}],"replies":[{"embeddable":true,"href":"https:\/\/tudonominuto.com.br\/portal\/wp-json\/wp\/v2\/comments?post=50916"}],"version-history":[{"count":3,"href":"https:\/\/tudonominuto.com.br\/portal\/wp-json\/wp\/v2\/posts\/50916\/revisions"}],"predecessor-version":[{"id":50920,"href":"https:\/\/tudonominuto.com.br\/portal\/wp-json\/wp\/v2\/posts\/50916\/revisions\/50920"}],"wp:attachment":[{"href":"https:\/\/tudonominuto.com.br\/portal\/wp-json\/wp\/v2\/media?parent=50916"}],"wp:term":[{"taxonomy":"category","embeddable":true,"href":"https:\/\/tudonominuto.com.br\/portal\/wp-json\/wp\/v2\/categories?post=50916"},{"taxonomy":"post_tag","embeddable":true,"href":"https:\/\/tudonominuto.com.br\/portal\/wp-json\/wp\/v2\/tags?post=50916"}],"curies":[{"name":"wp","href":"https:\/\/api.w.org\/{rel}","templated":true}]}}