{"id":50927,"date":"2026-01-13T10:41:47","date_gmt":"2026-01-13T13:41:47","guid":{"rendered":"https:\/\/tudonominuto.com.br\/portal\/?p=50927"},"modified":"2026-01-13T10:41:47","modified_gmt":"2026-01-13T13:41:47","slug":"arcebispo-de-maceio-visita-papa-leao-xiv-no-vaticano-e-entrega-lembranca-de-alagoas","status":"publish","type":"post","link":"https:\/\/tudonominuto.com.br\/portal\/2026\/01\/13\/arcebispo-de-maceio-visita-papa-leao-xiv-no-vaticano-e-entrega-lembranca-de-alagoas\/","title":{"rendered":"Arcebispo de Macei\u00f3 visita Papa Le\u00e3o XIV no Vaticano e entrega lembran\u00e7a de Alagoas"},"content":{"rendered":"<header>\n<nav class=\"navbar navbar-expand-lg header-interna\" aria-label=\"Offcanvas navbar large\">\n<div class=\"container\">\n<div id=\"menuinternatnh1\" class=\"offcanvas offcanvas-start\" tabindex=\"-1\" aria-labelledby=\"menuinternatnh1Label\">\n<div class=\"offcanvas-body\">\n<p><strong><a class=\"tag-category-headline px-2 py-1\" href=\"https:\/\/www.tnh1.com.br\/noticias\/editoria\/mundo\/\">Mundo<\/a><\/strong><\/p>\n<\/div>\n<\/div>\n<\/div>\n<\/nav>\n<\/header>\n<div class=\"headline-interna\">\n<div class=\"container\">\n<div class=\"row text-center align-items-center\">\n<div class=\"col-3\">\n<div class=\"search-bar\">\n<div class=\"search-button\"><img decoding=\"async\" data-src=\"https:\/\/www.tnh1.com.br\/media\/_versions\/2026\/01\/dom-beto-reis-papa-leao_widemd.jpg\" alt=\"Reprodu\u00e7\u00e3o\/Instagram\" src=\"data:image\/gif;base64,R0lGODlhAQABAAAAACH5BAEKAAEALAAAAAABAAEAAAICTAEAOw==\" class=\"lazyload\" \/><\/div>\n<\/div>\n<\/div>\n<\/div>\n<\/div>\n<\/div>\n<div class=\"container\">\n<div class=\"row\">\n<div class=\"col-md-10 mx-auto\">\n<figure class=\"img-lead position-relative\"><figcaption>Reprodu\u00e7\u00e3o\/Instagram<\/figcaption><\/figure>\n<\/div>\n<div class=\"col-md-8 mx-auto\">\n<div class=\"d-flex justify-content-between\">\n<div class=\"autor media mb-2\">\n<div class=\"media-body align-self-center\">\n<p class=\"text-wrap text-break mb-0\">TNM\/por <strong><a href=\"https:\/\/www.tnh1.com.br\/autor\/pedro-acioli\/\">Pedro Acioli*<\/a><\/strong><\/p>\n<\/div>\n<\/div>\n<\/div>\n<div class=\"artigo_texto\">\n<p>O Arcebispo de Macei\u00f3, Dom Beto Reis, visitou o Papa Le\u00e3o XIV nessa segunda-feira (12) e participou de uma audi\u00eancia privada no Pal\u00e1cio Apost\u00f3lico, a resid\u00eancia oficial do l\u00edder religioso na Cidade do Vaticano. Durante o encontro, uma lembran\u00e7a de Alagoas foi entregue ao pont\u00edfice.<\/p>\n<p>Em uma publica\u00e7\u00e3o nas redes sociais, Dom Beto revelou detalhes da visita e disse que foi \u201cmarcado profundamente\u201d. Al\u00e9m disso, o Arcebispo de Macei\u00f3 destacou que o Papa enviou uma b\u00ean\u00e7\u00e3o para a Igreja da capital.<\/p>\n<blockquote class=\"citacao\"><p>\u201cSua simplicidade, gentileza e solicitude\u00a0<strong>marcaram-me profundamente<\/strong>. [&#8230;] \u00c0 nosso pedido, enviou uma b\u00ean\u00e7\u00e3o para toda nossa amada Igreja de Macei\u00f3.\u201d<\/p><\/blockquote>\n<p>O Arcebispo entregou um esqueleto de bagre da Arquidiocese de Macei\u00f3 como uma recorda\u00e7\u00e3o dos pescadores da Lagoa da Manguaba, a maior laguna de Alagoas, uma vasta \u00e1rea que se estende por Pilar e Marechal Deodoro.<\/p>\n<p>\u201cAo Vig\u00e1rio de Cristo entregamos uma lembran\u00e7a de nossa Arquidiocese: o esqueleto de bagre que sem nenhuma interven\u00e7\u00e3o humana mant\u00e9m a forma de Cristo Crucificado e, atr\u00e1s, do manto de Nossa Senhora. Ao Sucessor do Pescador Pedro, uma recorda\u00e7\u00e3o dos pescadores da Lagoa da Manguaba, a maior laguna de Alagoas.\u201d<\/p>\n<p><strong>Confira as fotos do encontro:\u00a0<\/strong><\/p>\n<div class=\"i-amphtml-slides-container i-amphtml-slidescroll-no-snap\" tabindex=\"-1\" aria-live=\"polite\">\n<div class=\"i-amphtml-slide-item i-amphtml-slide-item-show\">\n<div class=\"slide amp-carousel-slide\" data-id=\"slide\" aria-hidden=\"false\"><img decoding=\"async\" class=\"i-amphtml-fill-content i-amphtml-replaced-content lazyload\" data-src=\"https:\/\/www.tnh1.com.br\/media\/uploads\/2026\/01\/dom-beto-reis-papa-leao-galeria.jpg\" alt=\"Arcebispo de Macei\u00f3 visita Papa Le\u00e3o XIV\" src=\"data:image\/gif;base64,R0lGODlhAQABAAAAACH5BAEKAAEALAAAAAABAAEAAAICTAEAOw==\" \/><\/p>\n<div class=\"caption\" data-id=\"title\"><\/div>\n<\/div>\n<\/div>\n<div class=\"i-amphtml-slide-item i-amphtml-slide-item-show\">\n<div class=\"slide amp-carousel-slide\" data-id=\"slide\" aria-hidden=\"true\"><img decoding=\"async\" class=\"i-amphtml-fill-content i-amphtml-replaced-content lazyload\" data-src=\"https:\/\/www.tnh1.com.br\/media\/uploads\/2026\/01\/dom-beto-reis-vaticano_iy083558480.jpg\" alt=\"Arcebispo de Macei\u00f3 visita Papa Le\u00e3o XIV\" src=\"data:image\/gif;base64,R0lGODlhAQABAAAAACH5BAEKAAEALAAAAAABAAEAAAICTAEAOw==\" \/><\/div>\n<\/div>\n<\/div>\n<p><em>*Estagi\u00e1rio sob supervis\u00e3o<\/em><\/p>\n<\/div>\n<\/div>\n<\/div>\n<\/div>\n","protected":false},"excerpt":{"rendered":"<p>O Arcebispo de Macei\u00f3, Dom Beto Reis, visitou o Papa Le\u00e3o XIV nessa segunda-feira (12) e participou de uma audi\u00eancia privada no Pal\u00e1cio Apost\u00f3lico, a resid\u00eancia oficial do l\u00edder religioso na Cidade do Vaticano. Durante o encontro, uma lembran\u00e7a de Alagoas foi entregue ao pont\u00edfice.\u00a0<\/p>\n","protected":false},"author":2,"featured_media":0,"comment_status":"open","ping_status":"open","sticky":false,"template":"","format":"standard","meta":{"footnotes":""},"categories":[20,25,34,15,27,28],"tags":[],"class_list":["post-50927","post","type-post","status-publish","format-standard","hentry","category-cultura","category-interior","category-religiao-2","category-religiao","category-saude","category-turismo"],"_links":{"self":[{"href":"https:\/\/tudonominuto.com.br\/portal\/wp-json\/wp\/v2\/posts\/50927","targetHints":{"allow":["GET"]}}],"collection":[{"href":"https:\/\/tudonominuto.com.br\/portal\/wp-json\/wp\/v2\/posts"}],"about":[{"href":"https:\/\/tudonominuto.com.br\/portal\/wp-json\/wp\/v2\/types\/post"}],"author":[{"embeddable":true,"href":"https:\/\/tudonominuto.com.br\/portal\/wp-json\/wp\/v2\/users\/2"}],"replies":[{"embeddable":true,"href":"https:\/\/tudonominuto.com.br\/portal\/wp-json\/wp\/v2\/comments?post=50927"}],"version-history":[{"count":1,"href":"https:\/\/tudonominuto.com.br\/portal\/wp-json\/wp\/v2\/posts\/50927\/revisions"}],"predecessor-version":[{"id":50929,"href":"https:\/\/tudonominuto.com.br\/portal\/wp-json\/wp\/v2\/posts\/50927\/revisions\/50929"}],"wp:attachment":[{"href":"https:\/\/tudonominuto.com.br\/portal\/wp-json\/wp\/v2\/media?parent=50927"}],"wp:term":[{"taxonomy":"category","embeddable":true,"href":"https:\/\/tudonominuto.com.br\/portal\/wp-json\/wp\/v2\/categories?post=50927"},{"taxonomy":"post_tag","embeddable":true,"href":"https:\/\/tudonominuto.com.br\/portal\/wp-json\/wp\/v2\/tags?post=50927"}],"curies":[{"name":"wp","href":"https:\/\/api.w.org\/{rel}","templated":true}]}}