{"id":50934,"date":"2026-01-13T14:43:58","date_gmt":"2026-01-13T17:43:58","guid":{"rendered":"https:\/\/tudonominuto.com.br\/portal\/?p=50934"},"modified":"2026-01-13T14:51:39","modified_gmt":"2026-01-13T17:51:39","slug":"teto-do-seguro-desemprego-e-reajustado-para-r-2-51865","status":"publish","type":"post","link":"https:\/\/tudonominuto.com.br\/portal\/2026\/01\/13\/teto-do-seguro-desemprego-e-reajustado-para-r-2-51865\/","title":{"rendered":"Teto do seguro-desemprego \u00e9 reajustado para R$ 2.518,65"},"content":{"rendered":"<header class=\"header\">\n<div class=\"container\">\n<div class=\"row align-items-center\">\n<div class=\"col-6 col-sm-6 col-md-4\"><a class=\"header-logo\" href=\"https:\/\/www.jornaldealagoas.com.br\/\"><img decoding=\"async\" data-src=\"https:\/\/jornaldealagoas.nyc3.digitaloceanspaces.com\/assets\/images\/logo.svg\" alt=\"logo\" src=\"data:image\/gif;base64,R0lGODlhAQABAAAAACH5BAEKAAEALAAAAAABAAEAAAICTAEAOw==\" class=\"lazyload\" \/><\/a><\/div>\n<\/div>\n<\/div>\n<\/header>\n<div class=\"global\">\n<div class=\"ads --home-top\">\n<div class=\"container\">\n<div class=\"row\">\n<div class=\"col-12 col-sm-12\">\n<div class=\"banner-small\"><picture><img decoding=\"async\" data-src=\"https:\/\/jornaldealagoas.nyc3.digitaloceanspaces.com\/uploads\/imagens\/45554b71f1368e1a8ec999dafa967b6529130d99.jpg\" alt=\"Teto do seguro-desemprego \u00e9 reajustado para R$ 2.518,65\" src=\"data:image\/gif;base64,R0lGODlhAQABAAAAACH5BAEKAAEALAAAAAABAAEAAAICTAEAOw==\" class=\"lazyload\" \/><\/picture>Benef\u00edcio pode ser pago em tr\u00eas a cinco parcelas, de acordo com o tempo de trabalho no emprego anterior &#8211; Foto: Reprodu\u00e7\u00e3o<\/div>\n<\/div>\n<\/div>\n<\/div>\n<\/div>\n<section class=\"news-intern-list\">\n<div class=\"container\">\n<div class=\"row\">\n<div class=\"col-12 col-sm-12\">\n<h1 class=\"news-container__title --intern\">Economia<\/h1>\n<\/div>\n<div class=\"col-12 col-sm-12\">\n<div class=\"news-intern-left\">\n<header class=\"news-header\">\n<p class=\"news-header__excerpt\">Seguro-desemprego \u00e9 um direito do trabalhador com carteira assinada dispensado sem justa causa<\/p>\n<div class=\"info\">\n<div class=\"info__content\"><span class=\"info__author\">TNM\/Por Ag\u00eancia Brasil<\/span><span class=\"info__time\">1<\/span><\/div>\n<\/div>\n<\/header>\n<section class=\"news-content --content block-internal\">A partir desta segunda-feira (12), trabalhadores demitidos sem justa causa passam a receber parcelas maiores do seguro-desemprego.\u00a0<strong>A tabela de faixas salariais utilizada para calcular o benef\u00edcio foi reajustada em 3,9%, seguindo o \u00cdndice Nacional de Pre\u00e7os ao Consumidor (INPC) de 2024.\u00a0<a href=\"https:\/\/agenciabrasil.ebc.com.br\/economia\/noticia\/2026-01\/ipca-vai-033-em-dezembro-e-fecha-2025-em-426\" target=\"_BLANK\">Confira detalhes do \u00edndice<\/a>.<\/strong><strong>Com a corre\u00e7\u00e3o, o valor m\u00e1ximo do seguro-desemprego passa de R$ 2.424,11 para R$ 2.518,65, um aumento de R$ 94,54. O piso acompanha o novo sal\u00e1rio m\u00ednimo e sobe de R$ 1.518 para R$ 1.621. Os valores j\u00e1 valem tanto para quem est\u00e1 recebendo quanto para novos pedidos.<\/strong><\/p>\n<p>O valor da parcela do seguro-desemprego \u00e9 calculado com base na m\u00e9dia das tr\u00eas \u00faltimas remunera\u00e7\u00f5es do trabalhador antes da demiss\u00e3o. Ap\u00f3s o reajuste das faixas salariais, o benef\u00edcio ser\u00e1 definido da seguinte forma:<\/p>\n<table border=\"1\" cellspacing=\"1\" cellpadding=\"1\">\n<tbody>\n<tr>\n<td class=\"rtecenter\"><strong>Sal\u00e1rio m\u00e9dio<\/strong><\/td>\n<td class=\"rtecenter\"><strong>Valor da parcela<\/strong><\/td>\n<\/tr>\n<tr>\n<td>At\u00e9 R$ 2.222,17<\/td>\n<td>80% do sal\u00e1rio m\u00e9dio ou sal\u00e1rio m\u00ednimo, prevalecendo o maior valor<\/td>\n<\/tr>\n<tr>\n<td>De R$ 2.222,18 at\u00e9 R$ 3.703,99<\/td>\n<td>50% sobre o que ultrapassar R$ 2.222,17, mais valor fixo de R$ 1.777,74<\/td>\n<\/tr>\n<tr>\n<td>Acima de R$ 3.703,99<\/td>\n<td>Parcela invari\u00e1vel de R$ 2.518,65<\/td>\n<\/tr>\n<\/tbody>\n<\/table>\n<p><em>Fonte: Minist\u00e9rio do Trabalho e Emprego<\/em><\/p>\n<p><strong>Direitos do trabalhador<\/strong><\/p>\n<p>O seguro-desemprego \u00e9 um direito do trabalhador com carteira assinada dispensado sem justa causa. O benef\u00edcio pode ser pago em tr\u00eas a cinco parcelas, de acordo com o tempo de trabalho no emprego anterior e o n\u00famero de solicita\u00e7\u00f5es j\u00e1 realizadas. O pedido pode ser feito pelo\u00a0<a href=\"https:\/\/empregabrasil.mte.gov.br\/\" target=\"_BLANK\">Portal Emprega Brasil<\/a>, do Minist\u00e9rio do Trabalho e Emprego.<\/p>\n<p>Para ter direito ao seguro-desemprego, o trabalhador deve cumprir os seguintes requisitos:<\/p>\n<p>\u2022 Ter sido dispensado sem justa causa;<\/p>\n<p>\u2022 Estar desempregado no momento da solicita\u00e7\u00e3o do benef\u00edcio;<\/p>\n<p>\u2022 Ter recebido sal\u00e1rios de pessoa jur\u00eddica ou de pessoa f\u00edsica equiparada \u00e0 jur\u00eddica (inscrita em cadastro espec\u00edfico da Previd\u00eancia Social) relativos a:<\/p>\n<p>\u2013 Pelo menos 12 meses nos \u00faltimos 18 meses anteriores \u00e0 data da dispensa, no primeiro pedido;<\/p>\n<p>\u2013 Pelo menos nove meses nos \u00faltimos 12 meses anteriores \u00e0 dispensa, no segundo pedido;<\/p>\n<p>\u2013 Cada um dos seis meses imediatamente anteriores \u00e0 data de dispensa, nos demais pedidos;<\/p>\n<p>\u2022 N\u00e3o possuir renda pr\u00f3pria para o pr\u00f3prio sustento e de sua fam\u00edlia;<\/p>\n<p>\u2022 N\u00e3o estar recebendo benef\u00edcio de presta\u00e7\u00e3o continuada da Previd\u00eancia Social, exceto pens\u00e3o por morte ou aux\u00edlio-acidente.<\/p>\n<div class=\"tags-block\"><\/div>\n<\/section>\n<\/div>\n<\/div>\n<\/div>\n<\/div>\n<\/section>\n<p>&nbsp;<\/p>\n<\/div>\n","protected":false},"excerpt":{"rendered":"<p>Com a corre\u00e7\u00e3o, o valor m\u00e1ximo do seguro-desemprego passa de R$ 2.424,11 para R$ 2.518,65, um aumento de R$ 94,54. O piso acompanha o novo sal\u00e1rio m\u00ednimo e sobe de R$ 1.518 para R$ 1.621. Os valores j\u00e1 valem tanto para quem est\u00e1 recebendo quanto para novos pedidos.<\/p>\n","protected":false},"author":2,"featured_media":50935,"comment_status":"open","ping_status":"open","sticky":false,"template":"","format":"standard","meta":{"footnotes":""},"categories":[20,21,12,25,10,32,35,9,33,27,28],"tags":[],"class_list":["post-50934","post","type-post","status-publish","format-standard","has-post-thumbnail","hentry","category-cultura","category-destaque","category-economia","category-interior","category-justica","category-ploitica","category-politica-politica","category-politica","category-politica-2","category-saude","category-turismo"],"_links":{"self":[{"href":"https:\/\/tudonominuto.com.br\/portal\/wp-json\/wp\/v2\/posts\/50934","targetHints":{"allow":["GET"]}}],"collection":[{"href":"https:\/\/tudonominuto.com.br\/portal\/wp-json\/wp\/v2\/posts"}],"about":[{"href":"https:\/\/tudonominuto.com.br\/portal\/wp-json\/wp\/v2\/types\/post"}],"author":[{"embeddable":true,"href":"https:\/\/tudonominuto.com.br\/portal\/wp-json\/wp\/v2\/users\/2"}],"replies":[{"embeddable":true,"href":"https:\/\/tudonominuto.com.br\/portal\/wp-json\/wp\/v2\/comments?post=50934"}],"version-history":[{"count":3,"href":"https:\/\/tudonominuto.com.br\/portal\/wp-json\/wp\/v2\/posts\/50934\/revisions"}],"predecessor-version":[{"id":50938,"href":"https:\/\/tudonominuto.com.br\/portal\/wp-json\/wp\/v2\/posts\/50934\/revisions\/50938"}],"wp:featuredmedia":[{"embeddable":true,"href":"https:\/\/tudonominuto.com.br\/portal\/wp-json\/wp\/v2\/media\/50935"}],"wp:attachment":[{"href":"https:\/\/tudonominuto.com.br\/portal\/wp-json\/wp\/v2\/media?parent=50934"}],"wp:term":[{"taxonomy":"category","embeddable":true,"href":"https:\/\/tudonominuto.com.br\/portal\/wp-json\/wp\/v2\/categories?post=50934"},{"taxonomy":"post_tag","embeddable":true,"href":"https:\/\/tudonominuto.com.br\/portal\/wp-json\/wp\/v2\/tags?post=50934"}],"curies":[{"name":"wp","href":"https:\/\/api.w.org\/{rel}","templated":true}]}}