{"id":51148,"date":"2026-01-22T19:22:17","date_gmt":"2026-01-22T22:22:17","guid":{"rendered":"https:\/\/tudonominuto.com.br\/portal\/?p=51148"},"modified":"2026-01-22T19:22:45","modified_gmt":"2026-01-22T22:22:45","slug":"lula-e-primeiro-ministro-da-india-debatem-ampliacao-de-parcerias","status":"publish","type":"post","link":"https:\/\/tudonominuto.com.br\/portal\/2026\/01\/22\/lula-e-primeiro-ministro-da-india-debatem-ampliacao-de-parcerias\/","title":{"rendered":"Lula e primeiro-ministro da \u00cdndia debatem amplia\u00e7\u00e3o de parcerias"},"content":{"rendered":"<div class=\"header-noticia full-width\">\n<h1 class=\"titulo-materia\"><img decoding=\"async\" data-src=\"https:\/\/imagens.ebc.com.br\/OOwlYFDMYemsPsb_PE_UmS7BjPg=\/1170x700\/smart\/https:\/\/agenciabrasil.ebc.com.br\/sites\/default\/files\/thumbnails\/image\/2025\/07\/08\/lula-india-mc_abr_08072025-14.jpg?itok=PWNg_MgU\" alt=\"Bras\u00edlia (DF), 08\/07\/2025 - O presidente Luiz In\u00e1cio Lula da Silva recebe o primeiro-ministro da \u00cdndia, Narendra Modi, em cerim\u00f4nia oficial no Pal\u00e1cio da Alvorada. Foto: Marcelo Camargo\/Ag\u00eancia Brasil\" src=\"data:image\/gif;base64,R0lGODlhAQABAAAAACH5BAEKAAEALAAAAAABAAEAAAICTAEAOw==\" class=\"lazyload\" \/><\/h1>\n<\/div>\n<div class=\"subheader\">\n<div class=\"container-autoria\">\n<div class=\"local\">\u00a9 Marcelo Camargo\/Ag\u00eancia Brasil<\/div>\n<\/div>\n<\/div>\n<div class=\"conteudo-noticia\">\n<p><strong>O presidente Luiz In\u00e1cio Lula da Silva e o primeiro-ministro da \u00cdndia, Narendra Modi, conversaram por cerca de 45 minutos, por telefone, nesta quinta-feira (22). Segundo o Pal\u00e1cio do Planalto, os dois trataram da poss\u00edvel amplia\u00e7\u00e3o da coopera\u00e7\u00e3o bilateral em \u00e1reas como defesa, com\u00e9rcio, sa\u00fade, energia e ci\u00eancia e tecnologia. Tamb\u00e9m abordaram a explora\u00e7\u00e3o de minerais cr\u00edticos e terras raras e a produ\u00e7\u00e3o de biocombust\u00edveis.<\/strong><img decoding=\"async\" data-src=\"https:\/\/agenciabrasil.ebc.com.br\/ebc.png?id=1675749&amp;o=node\" src=\"data:image\/gif;base64,R0lGODlhAQABAAAAACH5BAEKAAEALAAAAAABAAEAAAICTAEAOw==\" class=\"lazyload\" \/><img decoding=\"async\" data-src=\"https:\/\/agenciabrasil.ebc.com.br\/ebc.gif?id=1675749&amp;o=node\" src=\"data:image\/gif;base64,R0lGODlhAQABAAAAACH5BAEKAAEALAAAAAABAAEAAAICTAEAOw==\" class=\"lazyload\" \/><\/p>\n<div class=\"header-noticia full-width\">\n<div class=\"linha-fina-noticia\"><strong>Telefonema antecede ida de Lula \u00e0 \u00cdndia, em fevereiro<\/strong><\/div>\n<\/div>\n<div class=\"subheader\">\n<div class=\"container-autoria\">\n<div class=\"autor-noticia\">TNM\/Por Alex Rodrigues &#8211; Rep\u00f3rter da Ag\u00eancia Brasil<\/div>\n<div class=\"container-data rowflex\">\n<div class=\"data\">Publicado em 22\/01\/2026 &#8211; 17:13<\/div>\n<\/div>\n<div class=\"local\">Bras\u00edlia<\/div>\n<\/div>\n<\/div>\n<p>Todos os temas de interesse comum dever\u00e3o ser aprofundados durante a visita que o presidente brasileiro far\u00e1 \u00e0 \u00cdndia entre os dias 19 e 21 de fevereiro. A viagem de Lula e sua comitiva est\u00e1 sendo organizada pela Ag\u00eancia Brasileira de Promo\u00e7\u00e3o de Exporta\u00e7\u00f5es e Investimentos (ApexBrasil), como parte dos esfor\u00e7os para ampliar as rela\u00e7\u00f5es comerciais entre os dois pa\u00edses e, consequentemente, fomentar a venda de produtos brasileiros e atrair mais investimentos. O encontro coincide com as negocia\u00e7\u00f5es da amplia\u00e7\u00e3o do acordo Mercosul-\u00cdndia.<\/p>\n<p>&#8220;O presidente est\u00e1 apostando muito nesta miss\u00e3o [viagem]\u201d, disse o presidente da ApexBrasil, Jorge Viana, durante entrevista coletiva em que falou sobre os\u00a0<a href=\"https:\/\/agenciabrasil.ebc.com.br\/internacional\/noticia\/2026-01\/governo-enviara-proposta-de-acordo-mercosul-ue-para-o-congresso\" target=\"_blank\" rel=\"noopener\">tr\u00e2mites de implementa\u00e7\u00e3o<\/a>\u00a0do acordo de parceria comercial que representantes pol\u00edticos do\u00a0<a href=\"https:\/\/agenciabrasil.ebc.com.br\/internacional\/noticia\/2026-01\/governo-enviara-proposta-de-acordo-mercosul-ue-para-o-congresso\" target=\"_blank\" rel=\"noopener\">Mercosul e da Uni\u00e3o Europeia<\/a>\u00a0assinaram no \u00faltimo s\u00e1bado (17).<\/p>\n<blockquote><p>\u201cSe me perguntarem onde que acho que est\u00e1 o maior potencial de crescimento do com\u00e9rcio exterior do Brasil, eu responderei sem medo de errar: \u00cdndia\u201d, comentou Viana.<\/p><\/blockquote>\n<p>Ele apontou que as exporta\u00e7\u00f5es brasileiras para o pa\u00eds de cerca de 1,45 bilh\u00e3o de habitantes (n\u00famero mais de seis vezes maior do que a popula\u00e7\u00e3o brasileira) ainda tem muito espa\u00e7o para crescer.<\/p>\n<p><a href=\"https:\/\/whatsapp.com\/channel\/0029VaoRTgrInlqYLSk59B2M\" target=\"_blank\" rel=\"noopener\">&gt;&gt; Siga o canal da\u00a0<strong>Ag\u00eancia Brasil\u00a0<\/strong>no WhatsApp<\/a><\/p>\n<p><strong>Em 2025, o Brasil comprou quase US$ 8,5 bilh\u00f5es em produtos indianos. J\u00e1 as exporta\u00e7\u00f5es brasileiras para a \u00cdndia somaram US$ 7 bilh\u00f5es de d\u00f3lares.<\/strong>\u00a0E se concentraram principalmente em petr\u00f3leo (30%); a\u00e7\u00facar e mela\u00e7o (15%); gordura e \u00f3leos vegetais (14%) e min\u00e9rio de ferro (6%).<\/p>\n<p>\u201cQueremos diversificar isto\u201d, disse Viana, citando ainda as exporta\u00e7\u00f5es brasileiras de \u00f3leo combust\u00edvel, defensivos agr\u00edcolas, medicamentos e acess\u00f3rios automobil\u00edsticos.<\/p>\n<blockquote><p>\u201cAl\u00e9m disso, o presidente Lula quer muito a participa\u00e7\u00e3o da Embrapa e da pequena agricultura para ajudar os indianos a melhorarem a produtividade dos pequenos produtores rurais indianos, que s\u00e3o milh\u00f5es de pessoas&#8221;.<\/p><\/blockquote>\n<p><strong>Quase 200 empres\u00e1rios brasileiros j\u00e1 manifestaram interesse em integrar a comitiva presidencial.<\/strong>\u00a0\u201cVai passar disso. Faz apenas dois dias que abrimos as inscri\u00e7\u00f5es e o interesse do setor privado est\u00e1 muito grande\u201d, afirmou Viana, explicando que os executivos custeiam suas passagens e hospedagem. \u201cE uma parte da agenda ser\u00e1 com representantes das maiores empresas indianas que t\u00eam investimentos no Brasil e que anunciar\u00e3o seus investimentos para os pr\u00f3ximos quatro ou cinco anos\u201d. Na ocasi\u00e3o, a ApexBrasil tamb\u00e9m inaugurar\u00e1 seu escrit\u00f3rio em Nova D\u00e9lhi &#8211; o 20\u00ba espalhado por outros pa\u00edses.<\/p>\n<\/div>\n","protected":false},"excerpt":{"rendered":"<p>Em 2025, o Brasil comprou quase US$ 8,5 bilh\u00f5es em produtos indianos. J\u00e1 as exporta\u00e7\u00f5es brasileiras para a \u00cdndia somaram US$ 7 bilh\u00f5es de d\u00f3lares.\u00a0E se concentraram principalmente em petr\u00f3leo (30%); a\u00e7\u00facar e mela\u00e7o (15%); gordura e \u00f3leos vegetais (14%) e min\u00e9rio de ferro (6%).<\/p>\n","protected":false},"author":2,"featured_media":51149,"comment_status":"open","ping_status":"open","sticky":false,"template":"","format":"standard","meta":{"footnotes":""},"categories":[20,12,10,31,34,15,27,28],"tags":[],"class_list":["post-51148","post","type-post","status-publish","format-standard","has-post-thumbnail","hentry","category-cultura","category-economia","category-justica","category-mundo-2","category-religiao-2","category-religiao","category-saude","category-turismo"],"_links":{"self":[{"href":"https:\/\/tudonominuto.com.br\/portal\/wp-json\/wp\/v2\/posts\/51148","targetHints":{"allow":["GET"]}}],"collection":[{"href":"https:\/\/tudonominuto.com.br\/portal\/wp-json\/wp\/v2\/posts"}],"about":[{"href":"https:\/\/tudonominuto.com.br\/portal\/wp-json\/wp\/v2\/types\/post"}],"author":[{"embeddable":true,"href":"https:\/\/tudonominuto.com.br\/portal\/wp-json\/wp\/v2\/users\/2"}],"replies":[{"embeddable":true,"href":"https:\/\/tudonominuto.com.br\/portal\/wp-json\/wp\/v2\/comments?post=51148"}],"version-history":[{"count":1,"href":"https:\/\/tudonominuto.com.br\/portal\/wp-json\/wp\/v2\/posts\/51148\/revisions"}],"predecessor-version":[{"id":51150,"href":"https:\/\/tudonominuto.com.br\/portal\/wp-json\/wp\/v2\/posts\/51148\/revisions\/51150"}],"wp:featuredmedia":[{"embeddable":true,"href":"https:\/\/tudonominuto.com.br\/portal\/wp-json\/wp\/v2\/media\/51149"}],"wp:attachment":[{"href":"https:\/\/tudonominuto.com.br\/portal\/wp-json\/wp\/v2\/media?parent=51148"}],"wp:term":[{"taxonomy":"category","embeddable":true,"href":"https:\/\/tudonominuto.com.br\/portal\/wp-json\/wp\/v2\/categories?post=51148"},{"taxonomy":"post_tag","embeddable":true,"href":"https:\/\/tudonominuto.com.br\/portal\/wp-json\/wp\/v2\/tags?post=51148"}],"curies":[{"name":"wp","href":"https:\/\/api.w.org\/{rel}","templated":true}]}}