{"id":51151,"date":"2026-01-22T19:45:20","date_gmt":"2026-01-22T22:45:20","guid":{"rendered":"https:\/\/tudonominuto.com.br\/portal\/?p=51151"},"modified":"2026-01-22T19:52:34","modified_gmt":"2026-01-22T22:52:34","slug":"quem-sera-o-vice-de-renan-filho-veja-os-nomes-cotados-para-a-disputa-em-2026","status":"publish","type":"post","link":"https:\/\/tudonominuto.com.br\/portal\/2026\/01\/22\/quem-sera-o-vice-de-renan-filho-veja-os-nomes-cotados-para-a-disputa-em-2026\/","title":{"rendered":"Quem ser\u00e1 o vice de Renan Filho? Veja os nomes cotados para a disputa em 2026"},"content":{"rendered":"<header class=\"site-header\">\n<div class=\"container\">\n<div class=\"top-bar\">\n<div class=\"top-left\"><strong><a class=\"categoria\" href=\"https:\/\/www.br104.com.br\/eleicoes-2026\/\">Elei\u00e7\u00f5es 2026<\/a><\/strong><\/div>\n<\/div>\n<\/div>\n<\/header>\n<div class=\"row justify-content-center\">\n<div class=\"col-lg-8 col-md-10\">\n<article id=\"post-270187\">\n<header class=\"mb-4 header-single\">\n<h1 class=\"fw-bold display-5\"><img decoding=\"async\" data-src=\"https:\/\/imagens.ebc.com.br\/RnLqFOSdPRXkFXZMvY6uNd5q_nw=\/1024x768\/https:\/\/agenciabrasil.ebc.com.br\/sites\/default\/files\/thumbnails\/image\/2025\/04\/10\/renan-filho-bdm_mcamgo_abr_10042025-3.jpg?itok=gufi8A6Q?download\" alt=\"Renan Filho participa do Bom dia, Ministro | Ag\u00eancia Brasil\" src=\"data:image\/gif;base64,R0lGODlhAQABAAAAACH5BAEKAAEALAAAAAABAAEAAAICTAEAOw==\" class=\"lazyload\" \/><\/h1>\n<div class=\"meta-info mt-3\">Renan Filho participa do Bom dia, Ministro | Ag\u00eancia Brasil<\/div>\n<\/header>\n<div><a href=\"https:\/\/www.br104.com.br\/author\/izael-nascimento\/\">TNMIzael Nascimento<\/a><\/div>\n<header class=\"mb-4 header-single\">\n<div>Com a volta de Renan Filho para a disputa estadual, a defini\u00e7\u00e3o do vice-governador em 2026 torna-se o ponto central para consolidar a alian\u00e7a com Lula e isolar Arthur Lira.<\/div>\n<\/header>\n<figure class=\"mb-3 text-center\"><img decoding=\"async\" class=\"img-fluid rounded wp-post-image lazyload\" data-src=\"https:\/\/www.br104.com.br\/wp-content\/uploads\/2026\/01\/renan-filho-silhueta-discurso-evento-palco-1024x577.webp\" data-sizes=\"(max-width: 1024px) 100vw, 1024px\" data-srcset=\"https:\/\/www.br104.com.br\/wp-content\/uploads\/2026\/01\/renan-filho-silhueta-discurso-evento-palco-1024x577.webp 1024w, https:\/\/www.br104.com.br\/wp-content\/uploads\/2026\/01\/renan-filho-silhueta-discurso-evento-palco-300x169.webp 300w, https:\/\/www.br104.com.br\/wp-content\/uploads\/2026\/01\/renan-filho-silhueta-discurso-evento-palco-150x85.webp 150w, https:\/\/www.br104.com.br\/wp-content\/uploads\/2026\/01\/renan-filho-silhueta-discurso-evento-palco-768x432.webp 768w, https:\/\/www.br104.com.br\/wp-content\/uploads\/2026\/01\/renan-filho-silhueta-discurso-evento-palco.webp 1200w\" alt=\"Renan Filho aparece em silhueta durante discurso em evento, apontando com a m\u00e3o em cima do palco\" width=\"1024\" height=\"577\" src=\"data:image\/gif;base64,R0lGODlhAQABAAAAACH5BAEKAAEALAAAAAABAAEAAAICTAEAOw==\" style=\"--smush-placeholder-width: 1024px; --smush-placeholder-aspect-ratio: 1024\/577;\" \/><figcaption class=\"small text-muted mt-1\">Renan Filho durante discurso em evento p\u00fablico, em imagem em silhueta. (Foto: Reprodu\u00e7\u00e3o)<\/figcaption><\/figure>\n<div class=\"entry-content fs-5 lh-lg\">\n<p><strong>ALAGOAS<\/strong>\u00a0\u2014 A defini\u00e7\u00e3o de quem ser\u00e1 o\u00a0<strong>vice de\u00a0<a href=\"https:\/\/www.br104.com.br\/tag\/renan-filho\/\">Renan Filho<\/a><\/strong>\u00a0nas elei\u00e7\u00f5es para o\u00a0<a href=\"https:\/\/www.br104.com.br\/tag\/governo-de-alagoas\/\"><strong>Governo de Alagoas<\/strong><\/a>\u00a0em 2026 \u00e9 o tema central das articula\u00e7\u00f5es no Pal\u00e1cio Rep\u00fablica dos Palmares neste in\u00edcio de ano.<\/p>\n<p>Com o ministro consolidado como o nome do\u00a0<a href=\"https:\/\/www.br104.com.br\/tag\/mdb\/\"><strong>MDB<\/strong><\/a>\u00a0para a sucess\u00e3o estadual, a vaga de vice virou o principal trunfo para atrair o\u00a0<a href=\"https:\/\/www.br104.com.br\/tag\/pt\/\"><strong>PT<\/strong><\/a> e o Governo Federal.<\/p>\n<h2>Quais s\u00e3o os nomes cotados para vice de Renan Filho em 2026?<\/h2>\n<p>At\u00e9 o momento, quatro nomes aparecem com for\u00e7a nos bastidores da pol\u00edtica em\u00a0<a href=\"https:\/\/www.br104.com.br\/alagoas\/\">Alagoas<\/a>\u00a0para ocupar o posto de vice-governador:<\/p>\n<ul>\n<li><strong><a href=\"https:\/\/www.br104.com.br\/tag\/paulao\/\">Paul\u00e3o<\/a>\u00a0(PT):<\/strong>\u00a0O deputado federal \u00e9 a op\u00e7\u00e3o favorita para selar a alian\u00e7a nacional entre Lula e os Calheiros no estado;<\/li>\n<li><strong><a href=\"https:\/\/www.br104.com.br\/tag\/isnaldo-bulhoes\/\">Isnaldo Bulh\u00f5es Jr<\/a>. (MDB):<\/strong>\u00a0L\u00edder do partido na C\u00e2mara, representa a solu\u00e7\u00e3o de total confian\u00e7a para manter o controle da m\u00e1quina;<\/li>\n<li><strong><a href=\"https:\/\/www.br104.com.br\/tag\/ronaldo-lessa\/\">Ronaldo Lessa<\/a>\u00a0(PDT):<\/strong>\u00a0O atual vice-governador busca a renova\u00e7\u00e3o da chapa, aportando seu hist\u00f3rico eleitoral em Macei\u00f3;<\/li>\n<li><strong>Indica\u00e7\u00e3o de\u00a0<a href=\"https:\/\/www.br104.com.br\/tag\/luciano-barbosa\/\">Luciano Barbosa<\/a>:<\/strong>\u00a0Um nome t\u00e9cnico ou pol\u00edtico vindo de Arapiraca para garantir os votos do segundo maior col\u00e9gio eleitoral.<\/li>\n<\/ul>\n<h2>Qual o peso do PT na escolha do vice de Renan Filho?<\/h2>\n<p>A alian\u00e7a com o Partido dos Trabalhadores \u00e9 considerada estrat\u00e9gica para neutralizar a influ\u00eancia do deputado Arthur Lira (PP) e do prefeito JHC (PL).<\/p>\n<p>A indica\u00e7\u00e3o de um vice petista garante a Renan Filho o uso intensivo da imagem do presidente Lula na propaganda eleitoral, fator que historicamente desequilibra pleitos em Alagoas.<\/p>\n<div class=\"code-block code-block-4\">\n<div><\/div>\n<div>\n<p>&nbsp;<\/p>\n<div id=\"aswift_2_host\"><iframe id=\"aswift_2\" tabindex=\"0\" title=\"Advertisement\" data-src=\"https:\/\/googleads.g.doubleclick.net\/pagead\/ads?client=ca-pub-1610410417544199&amp;output=html&amp;h=300&amp;slotname=9932800343&amp;adk=2703239285&amp;adf=1096015936&amp;pi=t.ma~as.9932800343&amp;w=300&amp;lmt=1769121136&amp;format=300x300&amp;url=https%3A%2F%2Fwww.br104.com.br%2Feleicoes-2026%2Fvice-renan-filho-governo-alagoas-2026-analise%2F&amp;aieuf=1&amp;aicrs=1&amp;uach=WyJXaW5kb3dzIiwiMTkuMC4wIiwieDg2IiwiIiwiMTQ0LjAuNzU1OS45NyIsbnVsbCwwLG51bGwsIjY0IixbWyJOb3QoQTpCcmFuZCIsIjguMC4wLjAiXSxbIkNocm9taXVtIiwiMTQ0LjAuNzU1OS45NyJdLFsiR29vZ2xlIENocm9tZSIsIjE0NC4wLjc1NTkuOTciXV0sMF0.&amp;abgtt=6&amp;dt=1769121136038&amp;bpp=1&amp;bdt=722&amp;idt=559&amp;shv=r20260121&amp;mjsv=m202601210101&amp;ptt=9&amp;saldr=aa&amp;abxe=1&amp;cookie=ID%3D24e15403ab073c94%3AT%3D1742737878%3ART%3D1769035153%3AS%3DALNI_MZfOXwiila5AYbT9XuRoFfJFTBTqQ&amp;gpic=UID%3D00001083f5a0bec8%3AT%3D1742737878%3ART%3D1769035153%3AS%3DALNI_MZKk_TZIOroyqqDVQT1V9jCB2Lrig&amp;eo_id_str=ID%3D9314a1f12a992e7e%3AT%3D1758319372%3ART%3D1769035153%3AS%3DAA-AfjbapN0yPlaXm-hEpMOo2ANt&amp;prev_fmts=0x0%2C300x300&amp;nras=1&amp;correlator=1029495479962&amp;frm=20&amp;pv=1&amp;u_tz=-180&amp;u_his=3&amp;u_h=864&amp;u_w=1536&amp;u_ah=816&amp;u_aw=1536&amp;u_cd=24&amp;u_sd=1.25&amp;dmc=4&amp;adx=610&amp;ady=2241&amp;biw=1521&amp;bih=695&amp;scr_x=0&amp;scr_y=400&amp;eid=31096210%2C95381346%2C31096379%2C95344789&amp;oid=2&amp;pvsid=6868910207554821&amp;tmod=216085689&amp;uas=1&amp;nvt=1&amp;ref=https%3A%2F%2Fwww.br104.com.br%2F&amp;fc=1920&amp;brdim=0%2C0%2C0%2C0%2C1536%2C0%2C1536%2C816%2C1536%2C695&amp;vis=1&amp;rsz=%7C%7CeEbr%7C&amp;abl=CS&amp;pfx=0&amp;fu=0&amp;bc=31&amp;plas=181x546_l%7C204x546_r&amp;bz=1&amp;pgls=CAEaAzYuOQ..~CAEQBBoHMS4xNzAuMA..&amp;ifi=3&amp;uci=a!3&amp;btvi=2&amp;fsb=1&amp;dtd=570\" name=\"aswift_2\" width=\"300\" height=\"300\" frameborder=\"0\" marginwidth=\"0\" marginheight=\"0\" scrolling=\"no\" sandbox=\"allow-forms allow-popups allow-popups-to-escape-sandbox allow-same-origin allow-scripts allow-top-navigation-by-user-activation\" data-google-container-id=\"a!3\" aria-label=\"Advertisement\" data-google-query-id=\"CM69lOaZoJIDFV-7lQIdoZMClQ\" data-load-complete=\"true\" data-mce-fragment=\"1\" src=\"data:image\/gif;base64,R0lGODlhAQABAAAAACH5BAEKAAEALAAAAAABAAEAAAICTAEAOw==\" class=\"lazyload\" data-load-mode=\"1\"><\/iframe><\/div>\n<p>&nbsp;<\/p>\n<\/div>\n<\/div>\n<p>Entretanto, o MDB local avalia se ceder a vice ao PT n\u00e3o isolaria demais a chapa de centro-direita. Por isso, nomes como Isnaldo Bulh\u00f5es surgem como alternativa para um \u201cpuro-sangue\u201d em\u00a0<a href=\"https:\/\/www.br104.com.br\/politica\/\">Elei\u00e7\u00f5es<\/a>\u00a0futuras, caso a seguran\u00e7a administrativa prevale\u00e7a sobre a ideol\u00f3gica.<\/p>\n<h2>Quando a chapa de Renan Filho ser\u00e1 oficializada?<\/h2>\n<p>O prazo decisivo \u00e9 abril de 2026, data da janela partid\u00e1ria e do prazo para desincompatibiliza\u00e7\u00e3o.<\/p>\n<p>At\u00e9 o momento, Renan Filho n\u00e3o divulgou nomes oficiais para o ciclo 2026, mantendo as conversas restritas ao n\u00facleo s\u00eanior do MDB e do Pal\u00e1cio do Planalto.<\/p>\n<p>O\u00a0<strong>Portal BR104<\/strong>\u00a0segue acompanhando as movimenta\u00e7\u00f5es nas prefeituras do interior e na capital para identificar novos pretendentes ao cargo.<\/p>\n<p>Encontrou um erro? Fale com a reda\u00e7\u00e3o:\u00a0<a href=\"mailto:contato@br104.com.br\">contato@br104.com.br<\/a>.<\/p>\n<\/div>\n<footer class=\"tags-post-end\"><a href=\"https:\/\/www.br104.com.br\/tag\/alagoas\/\" rel=\"tag\">Alagoas<\/a>\u00a0<a href=\"https:\/\/www.br104.com.br\/tag\/politica\/\" rel=\"tag\">Politica<\/a>\u00a0<a href=\"https:\/\/www.br104.com.br\/tag\/renan-filho\/\" rel=\"tag\">Renan Filho<\/a><\/footer>\n<\/article>\n<section id=\"related-posts\" class=\"mt-5\">\n<h2 class=\"fw-bold fs-4 mb-3\">Leia tamb\u00e9m<\/h2>\n<\/section>\n<\/div>\n<\/div>\n<p>&nbsp;<\/p>\n","protected":false},"excerpt":{"rendered":"<p>A indica\u00e7\u00e3o de um vice petista garante a Renan Filho o uso intensivo da imagem do presidente Lula na propaganda eleitoral, fator que historicamente desequilibra pleitos em Alagoas.<\/p>\n","protected":false},"author":2,"featured_media":51152,"comment_status":"open","ping_status":"open","sticky":false,"template":"","format":"standard","meta":{"footnotes":""},"categories":[20,12,23,25,27,28],"tags":[],"class_list":["post-51151","post","type-post","status-publish","format-standard","has-post-thumbnail","hentry","category-cultura","category-economia","category-educacao","category-interior","category-saude","category-turismo"],"_links":{"self":[{"href":"https:\/\/tudonominuto.com.br\/portal\/wp-json\/wp\/v2\/posts\/51151","targetHints":{"allow":["GET"]}}],"collection":[{"href":"https:\/\/tudonominuto.com.br\/portal\/wp-json\/wp\/v2\/posts"}],"about":[{"href":"https:\/\/tudonominuto.com.br\/portal\/wp-json\/wp\/v2\/types\/post"}],"author":[{"embeddable":true,"href":"https:\/\/tudonominuto.com.br\/portal\/wp-json\/wp\/v2\/users\/2"}],"replies":[{"embeddable":true,"href":"https:\/\/tudonominuto.com.br\/portal\/wp-json\/wp\/v2\/comments?post=51151"}],"version-history":[{"count":3,"href":"https:\/\/tudonominuto.com.br\/portal\/wp-json\/wp\/v2\/posts\/51151\/revisions"}],"predecessor-version":[{"id":51155,"href":"https:\/\/tudonominuto.com.br\/portal\/wp-json\/wp\/v2\/posts\/51151\/revisions\/51155"}],"wp:featuredmedia":[{"embeddable":true,"href":"https:\/\/tudonominuto.com.br\/portal\/wp-json\/wp\/v2\/media\/51152"}],"wp:attachment":[{"href":"https:\/\/tudonominuto.com.br\/portal\/wp-json\/wp\/v2\/media?parent=51151"}],"wp:term":[{"taxonomy":"category","embeddable":true,"href":"https:\/\/tudonominuto.com.br\/portal\/wp-json\/wp\/v2\/categories?post=51151"},{"taxonomy":"post_tag","embeddable":true,"href":"https:\/\/tudonominuto.com.br\/portal\/wp-json\/wp\/v2\/tags?post=51151"}],"curies":[{"name":"wp","href":"https:\/\/api.w.org\/{rel}","templated":true}]}}