{"id":51255,"date":"2026-01-27T15:36:27","date_gmt":"2026-01-27T18:36:27","guid":{"rendered":"https:\/\/tudonominuto.com.br\/portal\/?p=51255"},"modified":"2026-01-27T15:37:10","modified_gmt":"2026-01-27T18:37:10","slug":"presidente-do-tse-alerta-para-aumento-de-desinformacao-nas-eleicoes","status":"publish","type":"post","link":"https:\/\/tudonominuto.com.br\/portal\/2026\/01\/27\/presidente-do-tse-alerta-para-aumento-de-desinformacao-nas-eleicoes\/","title":{"rendered":"Presidente do TSE alerta para aumento de desinforma\u00e7\u00e3o nas elei\u00e7\u00f5es"},"content":{"rendered":"<header id=\"header-site\" class=\"header-site full-width rel-position\">\n<div class=\"header-ebc full-width\">\n<div class=\"content-center rowflex rowflex-full\"><a class=\"logo-veiculo\" href=\"https:\/\/agenciabrasil.ebc.com.br\/\"><img decoding=\"async\" data-src=\"https:\/\/agenciabrasil.ebc.com.br\/sites\/default\/themes\/agenciabrasil_v3\/images\/agbrasil-color-logo.svg?t716kh\" alt=\"logo Ag\u00eancia Brasil\" width=\"268\" height=\"37\" src=\"data:image\/gif;base64,R0lGODlhAQABAAAAACH5BAEKAAEALAAAAAABAAEAAAICTAEAOw==\" class=\"lazyload\" style=\"--smush-placeholder-width: 268px; --smush-placeholder-aspect-ratio: 268\/37;\" \/><\/a><\/div>\n<\/div>\n<div class=\"header-veiculo full-width\">\n<div class=\"content-center rowflex rowflex-full rel-position\">\n<div class=\"container-btns-menu rowflex rowflex-full\">\n<div id=\"menu-btn-mob\" class=\"menu-btn\" title=\"Menu\">\n<div class=\"menu-btn__burger\"><img decoding=\"async\" id=\"media-436911\" title=\"Marcelo Camargo\/Ag\u00eancia Brasil\" data-src=\"https:\/\/imagens.ebc.com.br\/gG5BC4eCf5pYnEyAHb5frmaa9TY=\/1170x700\/smart\/https:\/\/agenciabrasil.ebc.com.br\/sites\/default\/files\/thumbnails\/image\/2025\/09\/11\/julgamento-trama-golpista-mc_abr_11092025-5.jpg?itok=plNPJnn4\" alt=\"Bras\u00edlia (DF), 11\/09\/2025 - A ministra C\u00e1rmen L\u00facia durante sess\u00e3o na Primeira Turma do Supremo Tribunal Federal (STF), que realiza o quinto dia de julgamento dos r\u00e9us do N\u00facleo 1 da trama golpista, formado pelo ex-presidente Jair Bolsonaro e mais sete aliados. Foto: Marcelo Camargo\/Ag\u00eancia Brasil\" src=\"data:image\/gif;base64,R0lGODlhAQABAAAAACH5BAEKAAEALAAAAAABAAEAAAICTAEAOw==\" class=\"lazyload\" \/>\u00a9 Marcelo Camargo\/Ag\u00eancia Brasil<\/div>\n<\/div>\n<\/div>\n<\/div>\n<\/div>\n<\/header>\n<div class=\"region region-content\">\n<div id=\"block-system-main\" class=\"block block-system\">\n<div class=\"content\">\n<div id=\"panel\" class=\"container-noticia rel-position\">\n<div id=\"node-1676149\" class=\"node node-conteudo clearfix\">\n<div class=\"header-noticia full-width\">\n<p><a class=\"editoria\" href=\"https:\/\/agenciabrasil.ebc.com.br\/justica\"><strong>Justi\u00e7a<\/strong><\/a><\/p>\n<div class=\"linha-fina-noticia\"><strong>C\u00e1rmen L\u00facia participou de semin\u00e1rio sobre desinforma\u00e7\u00e3o e seguran\u00e7a<\/strong><\/div>\n<\/div>\n<div class=\"subheader\">\n<div class=\"container-autoria\">\n<div class=\"autor-noticia\">TNM\/Por Felipe Pontes &#8211; Rep\u00f3rter da Ag\u00eancia Brasil<\/div>\n<div class=\"local\">Bras\u00edlia<\/div>\n<\/div>\n<\/div>\n<div class=\"conteudo-noticia\">\n<p><strong>A ministra C\u00e1rmen L\u00facia, presidente do Tribunal Superior Eleitoral (TSE), alertou nesta ter\u00e7a-feira (27) para o crescimento da circula\u00e7\u00e3o de desinforma\u00e7\u00e3o com a proximidade das elei\u00e7\u00f5es de 2026, promovida com objetivos maliciosos de gerar descren\u00e7a e \u201ccapturar a vontade livre do eleitor\u201d.\u00a0<\/strong><img decoding=\"async\" data-src=\"https:\/\/agenciabrasil.ebc.com.br\/ebc.png?id=1676149&amp;o=node\" src=\"data:image\/gif;base64,R0lGODlhAQABAAAAACH5BAEKAAEALAAAAAABAAEAAAICTAEAOw==\" class=\"lazyload\" \/><img decoding=\"async\" data-src=\"https:\/\/agenciabrasil.ebc.com.br\/ebc.gif?id=1676149&amp;o=node\" src=\"data:image\/gif;base64,R0lGODlhAQABAAAAACH5BAEKAAEALAAAAAABAAEAAAICTAEAOw==\" class=\"lazyload\" \/><\/p>\n<p>Ao abrir um semin\u00e1rio sobre desinforma\u00e7\u00e3o, seguran\u00e7a e comunica\u00e7\u00e3o no processo eleitoral, a ministra observou que as tecnologias n\u00e3o s\u00e3o m\u00e1s em si, dependendo do mau uso que se faz delas para provocarem o dano.<\/p>\n<blockquote><p>\u201cNenhuma d\u00favida que as tecnologias podem levar \u00e0 contamina\u00e7\u00e3o de elei\u00e7\u00f5es, pela captura da vontade livre do eleitor, com as mentiras tecnologicamente divulgadas\u201d, avaliou.<\/p><\/blockquote>\n<p>Em outro momento, a ministra criticou \u201cpessoas que tentam de alguma forma contaminar a vontade do eleitor para conduzir a um resultado\u201d.<\/p>\n<blockquote><p>\u201cA d\u00favida corr\u00f3i as bases democr\u00e1ticas de um processo eleitoral\u201d, afirmou C\u00e1rmen L\u00facia.<\/p><\/blockquote>\n<p>Ela defendeu a necessidade de assegurar que a elei\u00e7\u00e3o seja um processo &#8220;pelo qual cada eleitora e cada eleitor livremente escolhe seu representante, sem que se submeta nem a press\u00f5es externas, nem a ataque a sua liberdade de escolha\u201d.\u00a0 C\u00e1rmen L\u00facia pregou ainda tranquilidade no combate \u00e0 desinforma\u00e7\u00e3o.<\/p>\n<p>\u201cO processo eleitoral precisa de ser garantido de maneira \u00edntegra, de maneira tranquila, que isso n\u00e3o seja um momento de tumulto e muito menos de viol\u00eancia\u201d, ressaltou.<\/p>\n<p>A presidente do TSE discursou na abertura de um semin\u00e1rio da pr\u00f3pria Justi\u00e7a Eleitoral sobre Seguran\u00e7a, Comunica\u00e7\u00e3o e Desinforma\u00e7\u00e3o, voltado a servidores dos Tribunais Regionais Eleitorais, que se preparam para o ciclo eleitoral deste ano.<\/p>\n<p><strong>C\u00e1rmen L\u00facia segue no comando da Justi\u00e7a Eleitoral at\u00e9 agosto, quando o ministro Nunes Marques dever\u00e1 tomar posse como presidente do TSE.<\/strong><\/p>\n<p><strong>Confira a reportagem do Rep\u00f3rter Brasil Tarde, da TV Brasil<\/strong><\/p>\n<p><iframe title=\"YouTube video player\" data-src=\"https:\/\/www.youtube.com\/embed\/5MAL38yAF4U?si=x3y7mCeScBoshLk5&amp;start=1114\" width=\"560\" height=\"315\" frameborder=\"0\" allowfullscreen=\"allowfullscreen\" data-mce-fragment=\"1\" src=\"data:image\/gif;base64,R0lGODlhAQABAAAAACH5BAEKAAEALAAAAAABAAEAAAICTAEAOw==\" class=\"lazyload\" data-load-mode=\"1\"><\/iframe><\/p>\n<h2>Elei\u00e7\u00f5es 2026<\/h2>\n<p><strong>O primeiro turno das elei\u00e7\u00f5es de 2026 est\u00e1 marcado para 4 de outubro, e o segundo turno, se houver, para 25 de outubro. Neste ano, os eleitores devem votar para os cargos de presidente, governador, senador, deputado federal e deputado estadual ou distrital.\u00a0<\/strong><\/p>\n<p>No momento, o TSE promove um\u00a0<a href=\"https:\/\/agenciabrasil.ebc.com.br\/politica\/noticia\/2026-01\/tse-propoe-novas-regras-e-recebe-sugestoes-sobre-eleicoes-de-2026\" target=\"_blank\" rel=\"noopener\">consulta p\u00fablica<\/a>\u00a0sobre as regras eleitorais deste ano, que devem ser aprovadas pelo tribunal at\u00e9 5 de mar\u00e7o. Entre os temas debatidos est\u00e1 o combate \u00e0 desinforma\u00e7\u00e3o no processo eleitoral e o uso de tecnologias como Intelig\u00eancia Artificial (IA) durante a campanha.<\/p>\n<div class=\"noticias-relacionadas rel-position rowflex\">\n<div class=\"title abs-position\"><strong>Relacionadas<\/strong><\/div>\n<div class=\"capa-noticia-relacionada\"><img decoding=\"async\" data-src=\"https:\/\/imagens.ebc.com.br\/JbhDnQWIk8cg21XdBewA-dDyzxk=\/390x240\/smart\/https:\/\/agenciabrasil.ebc.com.br\/sites\/default\/files\/thumbnails\/image\/2024\/09\/24\/0g0a5390_0.jpg?itok=M0NXbeaf\" alt=\"S\u00e3o Paulo (SP), 24\/09\/2024 - Cerim\u00f4nia de gera\u00e7\u00e3o de m\u00eddia e prepara\u00e7\u00e3o das urnas eletr\u00f4nicas para as elei\u00e7\u00f5es municipais de 2024 na 1\u00aa Zona Eleitoral, em Bela Vista. Foto: Rovena Rosa\/Ag\u00eancia Brasil\" src=\"data:image\/gif;base64,R0lGODlhAQABAAAAACH5BAEKAAEALAAAAAABAAEAAAICTAEAOw==\" class=\"lazyload\" \/><\/div>\n<div class=\"titulo-noticia-relacionada\">TSE prop\u00f5e novas regras e recebe sugest\u00f5es sobre elei\u00e7\u00f5es de 2026<\/div>\n<div class=\"capa-noticia-relacionada\"><img decoding=\"async\" data-src=\"https:\/\/imagens.ebc.com.br\/oNcnarpZDJ_KL6sZzpOCLhhLJsg=\/390x240\/smart\/https:\/\/agenciabrasil.ebc.com.br\/sites\/default\/files\/thumbnails\/image\/pzzb9004.jpg?itok=LW31a8To\" alt=\"Bras\u00edlia 02\/03\/2023 - Fachada do pr\u00e9dio da Ag\u00eancia Brasileira de Intelig\u00eancia (Abin). O presidente Luiz In\u00e1cio Lula da Silva transferiu a Ag\u00eancia Brasileira de Intelig\u00eancia (Abin) do Gabinete de Seguran\u00e7a Institucional (GSI) para a Casa Civil, pasta chefiada pelo ministro Rui Costa. O decreto com a mudan\u00e7a foi publicado no Di\u00e1rio Oficial da Uni\u00e3o desta quinta-feira (2). Foto: Antonio Cruz\/Ag\u00eancia Brasil\" src=\"data:image\/gif;base64,R0lGODlhAQABAAAAACH5BAEKAAEALAAAAAABAAEAAAICTAEAOw==\" class=\"lazyload\" \/><\/div>\n<div class=\"titulo-noticia-relacionada\">Abin: seguran\u00e7a nas elei\u00e7\u00f5es e ataques com IA s\u00e3o desafios para 2026<\/div>\n<div class=\"capa-noticia-relacionada\"><img decoding=\"async\" data-src=\"https:\/\/imagens.ebc.com.br\/30Gsw8FPJiCmhKjNXT3duk7Bm6I=\/390x240\/smart\/https:\/\/agenciabrasil.ebc.com.br\/sites\/default\/files\/thumbnails\/image\/2025\/11\/12\/_mg_5391_0.jpg?itok=mxsr-GSG\" alt=\"Bel\u00e9m (PA), 12\/11\/2025 - A diretora-executiva da COP30, Ana Toni, fala durante Evento de Alto N\u00edvel da Iniciativa Global pela Integridade da Informa\u00e7\u00e3o sobre Mudan\u00e7a do Clima, na COP30. Foto: Bruno Peres\/Ag\u00eancia Brasil\" src=\"data:image\/gif;base64,R0lGODlhAQABAAAAACH5BAEKAAEALAAAAAABAAEAAAICTAEAOw==\" class=\"lazyload\" \/><\/div>\n<div class=\"titulo-noticia-relacionada\">Pa\u00edses lan\u00e7am na COP declara\u00e7\u00e3o para enfrentar desinforma\u00e7\u00e3o clim\u00e1tica<\/div>\n<\/div>\n<\/div>\n<div class=\"footer-noticia\">\n<div class=\"editor rowflex\">\n<p>Edi\u00e7\u00e3o:<\/p>\n<div class=\"nome-editor\">Amanda Cieglinski<\/div>\n<\/div>\n<\/div>\n<\/div>\n<\/div>\n<\/div>\n<\/div>\n<\/div>\n<p>&nbsp;<\/p>\n","protected":false},"excerpt":{"rendered":"<p>O primeiro turno das elei\u00e7\u00f5es de 2026 est\u00e1 marcado para 4 de outubro, e o segundo turno, se houver, para 25 de outubro. Neste ano, os eleitores devem votar para os cargos de presidente, governador, senador, deputado federal e deputado estadual ou distrital.\u00a0<\/p>\n","protected":false},"author":2,"featured_media":51256,"comment_status":"open","ping_status":"open","sticky":false,"template":"","format":"standard","meta":{"footnotes":""},"categories":[20,21,23,25,10,32,8,24,9,35,34,15,27,28],"tags":[],"class_list":["post-51255","post","type-post","status-publish","format-standard","has-post-thumbnail","hentry","category-cultura","category-destaque","category-educacao","category-interior","category-justica","category-ploitica","category-policia","category-policia-2","category-politica","category-politica-politica","category-religiao-2","category-religiao","category-saude","category-turismo"],"_links":{"self":[{"href":"https:\/\/tudonominuto.com.br\/portal\/wp-json\/wp\/v2\/posts\/51255","targetHints":{"allow":["GET"]}}],"collection":[{"href":"https:\/\/tudonominuto.com.br\/portal\/wp-json\/wp\/v2\/posts"}],"about":[{"href":"https:\/\/tudonominuto.com.br\/portal\/wp-json\/wp\/v2\/types\/post"}],"author":[{"embeddable":true,"href":"https:\/\/tudonominuto.com.br\/portal\/wp-json\/wp\/v2\/users\/2"}],"replies":[{"embeddable":true,"href":"https:\/\/tudonominuto.com.br\/portal\/wp-json\/wp\/v2\/comments?post=51255"}],"version-history":[{"count":2,"href":"https:\/\/tudonominuto.com.br\/portal\/wp-json\/wp\/v2\/posts\/51255\/revisions"}],"predecessor-version":[{"id":51258,"href":"https:\/\/tudonominuto.com.br\/portal\/wp-json\/wp\/v2\/posts\/51255\/revisions\/51258"}],"wp:featuredmedia":[{"embeddable":true,"href":"https:\/\/tudonominuto.com.br\/portal\/wp-json\/wp\/v2\/media\/51256"}],"wp:attachment":[{"href":"https:\/\/tudonominuto.com.br\/portal\/wp-json\/wp\/v2\/media?parent=51255"}],"wp:term":[{"taxonomy":"category","embeddable":true,"href":"https:\/\/tudonominuto.com.br\/portal\/wp-json\/wp\/v2\/categories?post=51255"},{"taxonomy":"post_tag","embeddable":true,"href":"https:\/\/tudonominuto.com.br\/portal\/wp-json\/wp\/v2\/tags?post=51255"}],"curies":[{"name":"wp","href":"https:\/\/api.w.org\/{rel}","templated":true}]}}