{"id":51259,"date":"2026-01-27T16:08:08","date_gmt":"2026-01-27T19:08:08","guid":{"rendered":"https:\/\/tudonominuto.com.br\/portal\/?p=51259"},"modified":"2026-01-27T16:12:32","modified_gmt":"2026-01-27T19:12:32","slug":"artesas-de-branquinha-comemoram-visibilidade-e-renda-extra-em-evento-estadual","status":"publish","type":"post","link":"https:\/\/tudonominuto.com.br\/portal\/2026\/01\/27\/artesas-de-branquinha-comemoram-visibilidade-e-renda-extra-em-evento-estadual\/","title":{"rendered":"Artes\u00e3s de Branquinha comemoram visibilidade e renda extra em evento estadual"},"content":{"rendered":"<header class=\"site-header\">\n<div class=\"container\">\n<div class=\"top-bar\">\n<div class=\"top-left\"><strong><a class=\"categoria\" href=\"https:\/\/www.br104.com.br\/interior\/\">Interior<\/a><\/strong><\/div>\n<div><img decoding=\"async\" class=\"img-fluid rounded wp-post-image lazyload\" data-src=\"https:\/\/www.br104.com.br\/wp-content\/uploads\/2026\/01\/rosangela-efigenio-artesa-branquinha-feira-municipios-2026-1024x540.webp\" data-sizes=\"(max-width: 1024px) 100vw, 1024px\" data-srcset=\"https:\/\/www.br104.com.br\/wp-content\/uploads\/2026\/01\/rosangela-efigenio-artesa-branquinha-feira-municipios-2026-1024x540.webp 1024w, https:\/\/www.br104.com.br\/wp-content\/uploads\/2026\/01\/rosangela-efigenio-artesa-branquinha-feira-municipios-2026-300x158.webp 300w, https:\/\/www.br104.com.br\/wp-content\/uploads\/2026\/01\/rosangela-efigenio-artesa-branquinha-feira-municipios-2026-150x79.webp 150w, https:\/\/www.br104.com.br\/wp-content\/uploads\/2026\/01\/rosangela-efigenio-artesa-branquinha-feira-municipios-2026-768x405.webp 768w, https:\/\/www.br104.com.br\/wp-content\/uploads\/2026\/01\/rosangela-efigenio-artesa-branquinha-feira-municipios-2026.webp 1280w\" alt=\"A artes\u00e3 Ros\u00e2ngela Efig\u00eanio, uma mulher negra de \u00f3culos e cabelos presos em um coque alto, sorri para a c\u00e2mera enquanto segura uma pe\u00e7a de croch\u00ea branca com uma grande flor amarela e folhas verdes bordadas. Ela veste uma camiseta branca da campanha &quot;M\u00e3os Criativas de Branquinha&quot; e usa um crach\u00e1 de expositora da AMA.\" width=\"1024\" height=\"540\" src=\"data:image\/gif;base64,R0lGODlhAQABAAAAACH5BAEKAAEALAAAAAABAAEAAAICTAEAOw==\" style=\"--smush-placeholder-width: 1024px; --smush-placeholder-aspect-ratio: 1024\/540;\" \/>Talento local: A artes\u00e3 Ros\u00e2ngela Efig\u00eanio apresenta suas pe\u00e7as bordadas \u00e0 m\u00e3o no estande &#8220;M\u00e3os Criativas de Branquinha&#8221; durante o evento em Macei\u00f3. (Foto: Reprodu\u00e7\u00e3o)<\/div>\n<\/div>\n<\/div>\n<\/header>\n<div class=\"row justify-content-center\">\n<div class=\"col-lg-8 col-md-10\">\n<article id=\"post-271208\">\n<header class=\"mb-4 header-single\"><strong>Participa\u00e7\u00e3o na 13\u00aa Feira dos Munic\u00edpios fortalece o projeto &#8220;M\u00e3os Criativas&#8221; e garante vendas para turistas de todo o Brasil.<\/strong><\/p>\n<div class=\"meta-info mt-3\"><a href=\"https:\/\/www.br104.com.br\/author\/giovana-chavarria\/\">TNM Giovana Chavarria<\/a><\/div>\n<\/header>\n<div class=\"entry-content fs-5 lh-lg\">\n<p data-path-to-node=\"9\"><b data-path-to-node=\"9\" data-index-in-node=\"0\">BRANQUINHA (AL) \u2014<\/b>\u00a0O talento das artes\u00e3s de\u00a0<a href=\"https:\/\/www.br104.com.br\/tag\/branquinha\/\" target=\"_blank\" rel=\"noopener\"><strong>Branquinha<\/strong><\/a>\u00a0ganhou destaque durante a 13\u00aa edi\u00e7\u00e3o da\u00a0<a href=\"https:\/\/www.br104.com.br\/tag\/feira-dos-municipios\/\" target=\"_blank\" rel=\"noopener\"><strong>Feira dos Munic\u00edpios Alagoanos<\/strong><\/a>, encerrada no \u00faltimo domingo (25), em Macei\u00f3. Integrando o estande tem\u00e1tico \u201cM\u00e3os Criativas\u201d, as profissionais locais celebraram o sucesso financeiro e a proje\u00e7\u00e3o de seus trabalhos artesanais para um p\u00fablico de mais de 40 mil pessoas.<\/p>\n<h3 data-path-to-node=\"10\"><b data-path-to-node=\"10\" data-index-in-node=\"0\">Sucesso nos bordados<\/b><\/h3>\n<p data-path-to-node=\"11\">A produ\u00e7\u00e3o de pe\u00e7as bordadas \u00e0 m\u00e3o foi um dos grandes atrativos do espa\u00e7o de Branquinha no Centro de Conven\u00e7\u00f5es. Para a artes\u00e3 Ros\u00e2ngela Efig\u00eanio, a feira representou um marco motivador para a continuidade do trabalho.<\/p>\n<p data-path-to-node=\"12\">\u201cEstamos muito felizes com o resultado. Apresentar e comercializar nossos produtos para visitantes de v\u00e1rias partes do Brasil foi gratificante. J\u00e1 estamos ansiosas para a pr\u00f3xima edi\u00e7\u00e3o\u201d, afirmou Ros\u00e2ngela, ressaltando o incentivo recebido pelo prefeito Neno Freitas e pela primeira-dama Renata.<\/p>\n<h3 data-path-to-node=\"13\"><b data-path-to-node=\"13\" data-index-in-node=\"0\">Fomento \u00e0 cultura e economia<\/b><\/h3>\n<p data-path-to-node=\"14\">O prefeito Neno Freitas enfatizou que a presen\u00e7a de Branquinha em eventos desse porte \u00e9 estrat\u00e9gica para valorizar a identidade cultural do munic\u00edpio e gerar renda direta para as fam\u00edlias envolvidas na cadeia produtiva do artesanato.<\/p>\n<blockquote>\n<p data-path-to-node=\"15\">\u201cAproveitamos o espa\u00e7o para dar maior visibilidade ao talento e \u00e0 arte da nossa Branquinha. Foi um sucesso e j\u00e1 confirmamos nossa participa\u00e7\u00e3o em 2027\u201d, garantiu o gestor.<\/p>\n<\/blockquote>\n<p data-path-to-node=\"16\">A feira, que reuniu 96 munic\u00edpios alagoanos, serviu como vitrine para a gastronomia, o folclore e a arte do estado, permitindo que cidades como Branquinha pudessem fechar neg\u00f3cios imediatos e estabelecer contatos para encomendas futuras.<\/p>\n<\/div>\n<\/article>\n<\/div>\n<\/div>\n<p>&nbsp;<\/p>\n<div class=\"row justify-content-center\">\n<div class=\"col-lg-8 col-md-10\">\n<article id=\"post-270412\">\n<header class=\"mb-4 header-single\">\n<h1 class=\"fw-bold display-5\">Artesanato e Xaxado: Veja a programa\u00e7\u00e3o de Branquinha na Feira dos Munic\u00edpios<\/h1>\n<p>Com o tema &#8220;Viva a sua Cidade!&#8221;, o munic\u00edpio leva o talento das artes\u00e3s e o ritmo do Sert\u00e3o para o Centro de Conven\u00e7\u00f5es em Macei\u00f3 at\u00e9 domingo (25).<\/p>\n<div class=\"meta-info mt-3\"><a href=\"https:\/\/www.br104.com.br\/author\/giovana-chavarria\/\">TNM\/Por Giovana Chavarria\u00a0<\/a><\/div>\n<\/header>\n<figure class=\"mb-3 text-center\"><img decoding=\"async\" class=\"img-fluid rounded wp-post-image lazyload\" data-src=\"https:\/\/www.br104.com.br\/wp-content\/uploads\/2026\/01\/neno-freitas-estande-branquinha-feira-municipios-alagoanos-2026-1024x540.webp\" data-sizes=\"(max-width: 1024px) 100vw, 1024px\" data-srcset=\"https:\/\/www.br104.com.br\/wp-content\/uploads\/2026\/01\/neno-freitas-estande-branquinha-feira-municipios-alagoanos-2026-1024x540.webp 1024w, https:\/\/www.br104.com.br\/wp-content\/uploads\/2026\/01\/neno-freitas-estande-branquinha-feira-municipios-alagoanos-2026-300x158.webp 300w, https:\/\/www.br104.com.br\/wp-content\/uploads\/2026\/01\/neno-freitas-estande-branquinha-feira-municipios-alagoanos-2026-150x79.webp 150w, https:\/\/www.br104.com.br\/wp-content\/uploads\/2026\/01\/neno-freitas-estande-branquinha-feira-municipios-alagoanos-2026-768x405.webp 768w, https:\/\/www.br104.com.br\/wp-content\/uploads\/2026\/01\/neno-freitas-estande-branquinha-feira-municipios-alagoanos-2026.webp 1280w\" alt=\"O prefeito de Branquinha, Neno Freitas, de camisa polo amarela, e a primeira-dama Renata, de blusa branca e cal\u00e7a jeans, posam no centro de um grupo de sete mulheres artes\u00e3s. Elas vestem camisetas brancas com a estampa &quot;M\u00e3os Criativas de Branquinha&quot;. O grupo est\u00e1 no interior de um estande decorado com artesanatos em croch\u00ea e uma placa superior com o logotipo da prefeitura.\" width=\"1024\" height=\"540\" src=\"data:image\/gif;base64,R0lGODlhAQABAAAAACH5BAEKAAEALAAAAAABAAEAAAICTAEAOw==\" style=\"--smush-placeholder-width: 1024px; --smush-placeholder-aspect-ratio: 1024\/540;\" \/><figcaption class=\"small text-muted mt-1\">Valoriza\u00e7\u00e3o cultural: Prefeito Neno Freitas e primeira-dama Renata prestigiam as artes\u00e3s no estande &#8220;M\u00e3os Criativas de Branquinha&#8221; durante a feira da AMA. (Foto: Reprodu\u00e7\u00e3o)<\/figcaption><\/figure>\n<div class=\"entry-content fs-5 lh-lg\">\n<p data-path-to-node=\"9\"><b data-path-to-node=\"9\" data-index-in-node=\"0\">MACEI\u00d3 (AL) \u2014<\/b>\u00a0O munic\u00edpio de\u00a0<a href=\"https:\/\/www.br104.com.br\/tag\/branquinha\/\" target=\"_blank\" rel=\"noopener\"><strong>Branquinha<\/strong><\/a>\u00a0preparou uma programa\u00e7\u00e3o especial para a\u00a0<a href=\"https:\/\/www.br104.com.br\/tag\/feira-dos-municipios\/\" target=\"_blank\" rel=\"noopener\"><strong>13\u00aa Feira dos Munic\u00edpios Alagoanos<\/strong><\/a>, destacando o potencial das \u201cM\u00e3os Criativas\u201d da cidade. O prefeito\u00a0<a href=\"https:\/\/www.br104.com.br\/tag\/neno-freitas\/\" target=\"_blank\" rel=\"noopener\"><strong>Neno Freitas<\/strong><\/a>\u00a0participou da abertura do evento nesta quinta-feira (22), ressaltando que o espa\u00e7o \u00e9 fundamental para dar visibilidade \u00e0 arte e \u00e0 cultura local.<\/p>\n<h3 data-path-to-node=\"10\"><b data-path-to-node=\"10\" data-index-in-node=\"0\">O que encontrar no estande de Branquinha<\/b><\/h3>\n<p data-path-to-node=\"11\">Os visitantes da feira podem conhecer de perto e adquirir produtos que refletem a identidade cultural do munic\u00edpio:<\/p>\n<ul>\n<li data-path-to-node=\"12,0,0\"><b data-path-to-node=\"12,0,0\" data-index-in-node=\"0\">Artesanato manual:<\/b>\u00a0Artigos de decora\u00e7\u00e3o, pe\u00e7as em croch\u00ea e roupas com detalhes feitos \u00e0 m\u00e3o.<\/li>\n<li data-path-to-node=\"12,1,0\"><b data-path-to-node=\"12,1,0\" data-index-in-node=\"0\">Del\u00edcias caseiras:<\/b>\u00a0Uma sele\u00e7\u00e3o de doces e geleias produzidas artesanalmente em Branquinha.<\/li>\n<\/ul>\n<h3 data-path-to-node=\"13\"><b data-path-to-node=\"13\" data-index-in-node=\"0\">Atra\u00e7\u00e3o na Arena Cultural<\/b><\/h3>\n<p data-path-to-node=\"14\">Al\u00e9m da exposi\u00e7\u00e3o permanente no estande, Branquinha levar\u00e1 o brilho da sua dan\u00e7a para o palco principal do evento:<\/p>\n<ul>\n<li data-path-to-node=\"15,0,0\"><b data-path-to-node=\"15,0,0\" data-index-in-node=\"0\">Grupo:<\/b>\u00a0Xaxado Filhos do Nordeste.<\/li>\n<li data-path-to-node=\"15,1,0\"><b data-path-to-node=\"15,1,0\" data-index-in-node=\"0\">Quando:<\/b>\u00a0S\u00e1bado, 24 de janeiro.<\/li>\n<li data-path-to-node=\"15,2,0\"><b data-path-to-node=\"15,2,0\" data-index-in-node=\"0\">Hor\u00e1rio:<\/b>\u00a017h.<\/li>\n<li data-path-to-node=\"15,3,0\"><b data-path-to-node=\"15,3,0\" data-index-in-node=\"0\">Onde:<\/b>\u00a0Arena Cultural da Feira dos Munic\u00edpios.<\/li>\n<\/ul>\n<h3 data-path-to-node=\"16\"><b data-path-to-node=\"16\" data-index-in-node=\"0\">Visibilidade e renda<\/b><\/h3>\n<p data-path-to-node=\"17\">Para o prefeito Neno Freitas, que esteve presente ao lado da primeira-dama Renata, a feira \u00e9 uma vitrine estrat\u00e9gica.<\/p>\n<blockquote>\n<p data-path-to-node=\"17\">\u201c\u00c9 uma excelente oportunidade dos nossos artistas comercializarem seus produtos e faturarem uma renda extra\u201d, afirmou o gestor, refor\u00e7ando o compromisso com a economia criativa do munic\u00edpio.<\/p>\n<\/blockquote>\n<p data-path-to-node=\"18\">A feira segue aberta ao p\u00fablico at\u00e9 este domingo (25), reunindo a diversidade de todos os munic\u00edpios de Alagoas no Centro de Conven\u00e7\u00f5es Ruth Cardoso.<\/p>\n<\/div>\n<\/article>\n<\/div>\n<\/div>\n<p>&nbsp;<\/p>\n<p data-path-to-node=\"16\">\n","protected":false},"excerpt":{"rendered":"<p>Artesanato e Xaxado: Veja a programa\u00e7\u00e3o de Branquinha na Feira dos Munic\u00edpios<\/p>\n","protected":false},"author":2,"featured_media":51260,"comment_status":"open","ping_status":"open","sticky":false,"template":"","format":"standard","meta":{"footnotes":""},"categories":[20,21,12,23,25,27,28],"tags":[],"class_list":["post-51259","post","type-post","status-publish","format-standard","has-post-thumbnail","hentry","category-cultura","category-destaque","category-economia","category-educacao","category-interior","category-saude","category-turismo"],"_links":{"self":[{"href":"https:\/\/tudonominuto.com.br\/portal\/wp-json\/wp\/v2\/posts\/51259","targetHints":{"allow":["GET"]}}],"collection":[{"href":"https:\/\/tudonominuto.com.br\/portal\/wp-json\/wp\/v2\/posts"}],"about":[{"href":"https:\/\/tudonominuto.com.br\/portal\/wp-json\/wp\/v2\/types\/post"}],"author":[{"embeddable":true,"href":"https:\/\/tudonominuto.com.br\/portal\/wp-json\/wp\/v2\/users\/2"}],"replies":[{"embeddable":true,"href":"https:\/\/tudonominuto.com.br\/portal\/wp-json\/wp\/v2\/comments?post=51259"}],"version-history":[{"count":3,"href":"https:\/\/tudonominuto.com.br\/portal\/wp-json\/wp\/v2\/posts\/51259\/revisions"}],"predecessor-version":[{"id":51263,"href":"https:\/\/tudonominuto.com.br\/portal\/wp-json\/wp\/v2\/posts\/51259\/revisions\/51263"}],"wp:featuredmedia":[{"embeddable":true,"href":"https:\/\/tudonominuto.com.br\/portal\/wp-json\/wp\/v2\/media\/51260"}],"wp:attachment":[{"href":"https:\/\/tudonominuto.com.br\/portal\/wp-json\/wp\/v2\/media?parent=51259"}],"wp:term":[{"taxonomy":"category","embeddable":true,"href":"https:\/\/tudonominuto.com.br\/portal\/wp-json\/wp\/v2\/categories?post=51259"},{"taxonomy":"post_tag","embeddable":true,"href":"https:\/\/tudonominuto.com.br\/portal\/wp-json\/wp\/v2\/tags?post=51259"}],"curies":[{"name":"wp","href":"https:\/\/api.w.org\/{rel}","templated":true}]}}