{"id":51289,"date":"2026-01-28T11:21:29","date_gmt":"2026-01-28T14:21:29","guid":{"rendered":"https:\/\/tudonominuto.com.br\/portal\/?p=51289"},"modified":"2026-01-28T11:22:06","modified_gmt":"2026-01-28T14:22:06","slug":"saude-reforca-importancia-do-combate-ao-trabalho-analogo-a-escravidao","status":"publish","type":"post","link":"https:\/\/tudonominuto.com.br\/portal\/2026\/01\/28\/saude-reforca-importancia-do-combate-ao-trabalho-analogo-a-escravidao\/","title":{"rendered":"Sa\u00fade refor\u00e7a import\u00e2ncia do combate ao trabalho an\u00e1logo \u00e0 escravid\u00e3o"},"content":{"rendered":"<div class=\"header-top\" data-base-font=\"14\">\n<div class=\"container\" data-base-font=\"14\"><a href=\"https:\/\/cdnpm.dhost.cloud\/imagens\/WhatsApp-Image-2026-01-28-at-10.11.00.jpeg\" data-fancybox=\"images\" data-base-font=\"14\"><img decoding=\"async\" data-src=\"https:\/\/maceio.al.gov.br\/transform\/imagens\/_850x560_crop_center-center_none\/WhatsApp-Image-2026-01-28-at-10.11.00.jpeg\" alt=\"Sa\u00fade refor\u00e7a import\u00e2ncia do combate ao trabalho an\u00e1logo \u00e0 escravid\u00e3o\" data-base-font=\"14\" src=\"data:image\/gif;base64,R0lGODlhAQABAAAAACH5BAEKAAEALAAAAAABAAEAAAICTAEAOw==\" class=\"lazyload\" \/><\/a>Combater o trabalho an\u00e1logo \u00e0 escravid\u00e3o \u00e9 proteger vidas, direitos e a sa\u00fade do trabalhador. Foto: Ascom SMS<\/div>\n<\/div>\n<div class=\"global\" data-base-font=\"14\">\n<section class=\"news-intern-list intern\" data-base-font=\"14\">\n<div class=\"container\" data-base-font=\"14\">\n<div class=\"row\" data-base-font=\"14\">\n<div class=\"col-12 col-sm-8\" data-base-font=\"14\">\n<div class=\"news-intern-content\" data-base-font=\"14\">\n<header class=\"news-header\" data-base-font=\"14\">\n<p class=\"news-header__excerpt\" data-base-font=\"18\"><strong>No Dia Nacional de Combate ao Trabalho Escravo, em 28 de janeiro, o Cerest destaca a import\u00e2ncia da preven\u00e7\u00e3o, da vigil\u00e2ncia e da den\u00fancia na prote\u00e7\u00e3o \u00e0 sa\u00fade e aos direitos dos trabalhadores<\/strong><\/p>\n<div class=\"info\" data-base-font=\"14\">\n<div class=\"info__content\" data-base-font=\"14\"><span class=\"info__author\" data-base-font=\"16\">TNM\/Por Wilson Smith \/ Ascom SMS<\/span><\/div>\n<\/div>\n<\/header>\n<section class=\"news-content --content block-internal\" data-base-font=\"14\">\n<p data-base-font=\"18\"><span data-base-font=\"18\">A Secretaria Municipal de Sa\u00fade (SMS), por meio do Cerest Regional Macei\u00f3, desenvolve a\u00e7\u00f5es cont\u00ednuas de preven\u00e7\u00e3o, vigil\u00e2ncia e enfrentamento dos agravos \u00e0 sa\u00fade do trabalhador. Uma dessas a\u00e7\u00f5es \u00e9 o reconhecendo de que o trabalho an\u00e1logo \u00e0 escravid\u00e3o configura uma grave viola\u00e7\u00e3o dos direitos humanos e impacta diretamente a sa\u00fade f\u00edsica, mental e social das v\u00edtimas. A atua\u00e7\u00e3o do Cerest envolve a promo\u00e7\u00e3o da informa\u00e7\u00e3o, a identifica\u00e7\u00e3o de situa\u00e7\u00f5es de risco e o fortalecimento da rede de prote\u00e7\u00e3o ao trabalhador, exigindo uma a\u00e7\u00e3o integrada entre as pol\u00edticas p\u00fablicas.<\/span><\/p>\n<p class=\"text-justify\" data-base-font=\"18\"><span data-base-font=\"18\">Nesse contexto, o Dia Nacional de Combate ao Trabalho Escravo refor\u00e7a a import\u00e2ncia de ampliar a conscientiza\u00e7\u00e3o da sociedade sobre uma realidade que ainda persiste no Brasil. De acordo com o artigo 149 do C\u00f3digo Penal Brasileiro, o trabalho an\u00e1logo \u00e0 escravid\u00e3o \u00e9 crime e se caracteriza por situa\u00e7\u00f5es como trabalho for\u00e7ado, quando h\u00e1 reten\u00e7\u00e3o de sal\u00e1rios ou documentos, al\u00e9m de amea\u00e7as f\u00edsicas ou psicol\u00f3gicas, jornadas exaustivas, que impedem o descanso m\u00ednimo necess\u00e1rio \u00e0 recupera\u00e7\u00e3o f\u00edsica e mental, condi\u00e7\u00f5es degradantes, marcadas pela aus\u00eancia de alojamento digno, higiene e acesso \u00e0 \u00e1gua pot\u00e1vel, e servid\u00e3o por d\u00edvida, pr\u00e1tica em que cobran\u00e7as ilegais por transporte, alimenta\u00e7\u00e3o ou ferramentas mant\u00eam o trabalhador preso ao empregador.<\/span><\/p>\n<p class=\"text-justify\" data-base-font=\"18\"><span data-base-font=\"18\">Essas situa\u00e7\u00f5es podem ser identificadas por sinais como reten\u00e7\u00e3o de documentos pessoais, vigil\u00e2ncia constante, presen\u00e7a de guardas armados, isolamento geogr\u00e1fico sem meios de transporte e sal\u00e1rios que nunca s\u00e3o pagos integralmente. Muitas v\u00edtimas s\u00e3o aliciadas com promessas de bons sal\u00e1rios e melhoria de vida, mas acabam submetidas a um ciclo de endividamento for\u00e7ado, pr\u00e1tica ilegal que compromete sua liberdade e dignidade.<\/span><\/p>\n<p class=\"text-justify\" data-base-font=\"18\"><span data-base-font=\"18\">\u201cPara este dia alusivo, o Cerest preparou um\u00a0<a href=\"https:\/\/cdnpm.dhost.cloud\/imagens\/230126-Folder-TrabalhoAnalogoAEscravidao-01-06-2.pdf\" data-base-font=\"18\">material educativo<\/a>\u00a0e se coloca \u00e0 disposi\u00e7\u00e3o para atender \u00e0s demandas da popula\u00e7\u00e3o. \u00c9 uma tem\u00e1tica complexa, mas necess\u00e1ria para ser debatida\u201d, destacou a m\u00e9dica do trabalho Teresa Karine Barbosa.<\/span><\/p>\n<p class=\"text-justify\" data-base-font=\"18\"><span data-base-font=\"18\">O Cerest Regional Macei\u00f3 refor\u00e7a que denunciar \u00e9 um ato fundamental de prote\u00e7\u00e3o \u00e0 vida e \u00e0 sa\u00fade do trabalhador. As den\u00fancias podem ser realizadas de forma an\u00f4nima e segura por meio do Disque 100 \u2013 Direitos Humanos ou pelo Sistema Ip\u00ea, canal oficial de den\u00fancias online do Governo Federal.<\/span><\/p>\n<p class=\"text-justify\" data-base-font=\"18\"><span data-base-font=\"18\">Neste 28 de janeiro, a Secretaria Municipal de Sa\u00fade reafirma seu compromisso com a promo\u00e7\u00e3o de ambientes de trabalho dignos, seguros e saud\u00e1veis. Combater o trabalho an\u00e1logo \u00e0 escravid\u00e3o \u00e9 uma responsabilidade coletiva, e a informa\u00e7\u00e3o, a identifica\u00e7\u00e3o e a den\u00fancia s\u00e3o passos essenciais para garantir direitos, preservar vidas e fortalecer a justi\u00e7a social.<\/span><\/p>\n<div class=\"gabinate\" data-base-font=\"14\">\n<p><a href=\"https:\/\/maceio.al.gov.br\/secretarias-e-orgaos\/sms\" data-base-font=\"18\">SMS<\/a><\/p>\n<h2 data-base-font=\"18\">Secretaria Municipal de Sa\u00fade<\/h2>\n<p data-base-font=\"18\">Rua Dias Cabral, 569 &#8211; Centro<br data-base-font=\"18\" \/>CEP 57020-250 \/\/ Telefone: 82 3312-5400<br data-base-font=\"18\" \/>Hor\u00e1rio de atendimento: segunda a sexta, de 8h \u00e0s 14h.<\/p>\n<\/div>\n<\/section>\n<\/div>\n<\/div>\n<\/div>\n<\/div>\n<\/section>\n<p>&nbsp;<\/p>\n<\/div>\n","protected":false},"excerpt":{"rendered":"<p>No Dia Nacional de Combate ao Trabalho Escravo, em 28 de janeiro, o Cerest destaca a import\u00e2ncia da preven\u00e7\u00e3o, da vigil\u00e2ncia e da den\u00fancia na prote\u00e7\u00e3o \u00e0 sa\u00fade e aos direitos dos trabalhadores<\/p>\n","protected":false},"author":2,"featured_media":51290,"comment_status":"open","ping_status":"open","sticky":false,"template":"","format":"standard","meta":{"footnotes":""},"categories":[36,13,20,12,23,25,10,8,24,34,15,27,28],"tags":[],"class_list":["post-51289","post","type-post","status-publish","format-standard","has-post-thumbnail","hentry","category-brasil-2","category-brasil","category-cultura","category-economia","category-educacao","category-interior","category-justica","category-policia","category-policia-2","category-religiao-2","category-religiao","category-saude","category-turismo"],"_links":{"self":[{"href":"https:\/\/tudonominuto.com.br\/portal\/wp-json\/wp\/v2\/posts\/51289","targetHints":{"allow":["GET"]}}],"collection":[{"href":"https:\/\/tudonominuto.com.br\/portal\/wp-json\/wp\/v2\/posts"}],"about":[{"href":"https:\/\/tudonominuto.com.br\/portal\/wp-json\/wp\/v2\/types\/post"}],"author":[{"embeddable":true,"href":"https:\/\/tudonominuto.com.br\/portal\/wp-json\/wp\/v2\/users\/2"}],"replies":[{"embeddable":true,"href":"https:\/\/tudonominuto.com.br\/portal\/wp-json\/wp\/v2\/comments?post=51289"}],"version-history":[{"count":2,"href":"https:\/\/tudonominuto.com.br\/portal\/wp-json\/wp\/v2\/posts\/51289\/revisions"}],"predecessor-version":[{"id":51292,"href":"https:\/\/tudonominuto.com.br\/portal\/wp-json\/wp\/v2\/posts\/51289\/revisions\/51292"}],"wp:featuredmedia":[{"embeddable":true,"href":"https:\/\/tudonominuto.com.br\/portal\/wp-json\/wp\/v2\/media\/51290"}],"wp:attachment":[{"href":"https:\/\/tudonominuto.com.br\/portal\/wp-json\/wp\/v2\/media?parent=51289"}],"wp:term":[{"taxonomy":"category","embeddable":true,"href":"https:\/\/tudonominuto.com.br\/portal\/wp-json\/wp\/v2\/categories?post=51289"},{"taxonomy":"post_tag","embeddable":true,"href":"https:\/\/tudonominuto.com.br\/portal\/wp-json\/wp\/v2\/tags?post=51289"}],"curies":[{"name":"wp","href":"https:\/\/api.w.org\/{rel}","templated":true}]}}