{"id":51442,"date":"2026-02-02T15:11:22","date_gmt":"2026-02-02T18:11:22","guid":{"rendered":"https:\/\/tudonominuto.com.br\/portal\/?p=51442"},"modified":"2026-02-02T15:11:56","modified_gmt":"2026-02-02T18:11:56","slug":"governo-libera-mais-r-46-bi-para-pagar-saque-aniversario-do-fgts","status":"publish","type":"post","link":"https:\/\/tudonominuto.com.br\/portal\/2026\/02\/02\/governo-libera-mais-r-46-bi-para-pagar-saque-aniversario-do-fgts\/","title":{"rendered":"Governo libera mais R$ 4,6 bi para pagar saque-anivers\u00e1rio do FGTS"},"content":{"rendered":"<header id=\"header-site\" class=\"header-site full-width rel-position\">\n<div class=\"header-ebc full-width\">\n<div class=\"content-center rowflex rowflex-full\"><a class=\"logo-veiculo\" href=\"https:\/\/agenciabrasil.ebc.com.br\/\"><img decoding=\"async\" data-src=\"https:\/\/agenciabrasil.ebc.com.br\/sites\/default\/themes\/agenciabrasil_v3\/images\/agbrasil-color-logo.svg?t716kh\" alt=\"logo Ag\u00eancia Brasil\" width=\"268\" height=\"37\" src=\"data:image\/gif;base64,R0lGODlhAQABAAAAACH5BAEKAAEALAAAAAABAAEAAAICTAEAOw==\" class=\"lazyload\" style=\"--smush-placeholder-width: 268px; --smush-placeholder-aspect-ratio: 268\/37;\" \/><\/a><\/div>\n<\/div>\n<div class=\"header-veiculo full-width\">\n<div class=\"content-center rowflex rowflex-full rel-position\">\n<div class=\"container-btns-menu rowflex rowflex-full\">\n<div id=\"menu-btn-mob\" class=\"menu-btn\" title=\"Menu\">\n<div class=\"menu-btn__burger\"><img decoding=\"async\" id=\"media-423218\" title=\"Marcelo Camargo\/Ag\u00eancia Brasil\" data-src=\"https:\/\/imagens.ebc.com.br\/mopWK1sVdLSe_5zhXhh03I1LZzI=\/1170x700\/smart\/https:\/\/agenciabrasil.ebc.com.br\/sites\/default\/files\/thumbnails\/image\/2025\/05\/05\/semana-trabalho_mcamgo_abr_05052025-12.jpg?itok=SlvX5sQH\" alt=\"Bras\u00edlia (DF), 05\/05\/2025 - O Minist\u00e9rio do Trabalho e Emprego (MTE) realiza a Semana do Trabalho, de hoje (5) a sexta-feira (9), na sede do minist\u00e9rio, em Bras\u00edlia, com uma s\u00e9rie de a\u00e7\u00f5es e servi\u00e7os gratuitos para o p\u00fablico. Foto: Marcelo Camargo\/Ag\u00eancia Brasil\" src=\"data:image\/gif;base64,R0lGODlhAQABAAAAACH5BAEKAAEALAAAAAABAAEAAAICTAEAOw==\" class=\"lazyload\" \/>\u00a9 Marcelo Camargo\/Ag\u00eancia Brasil<\/div>\n<\/div>\n<\/div>\n<\/div>\n<\/div>\n<\/header>\n<div class=\"region region-content\">\n<div id=\"block-system-main\" class=\"block block-system\">\n<div class=\"content\">\n<div id=\"panel\" class=\"container-noticia rel-position\">\n<div id=\"node-1676742\" class=\"node node-conteudo clearfix\">\n<div class=\"header-noticia full-width\">\n<p><strong><a class=\"editoria\" href=\"https:\/\/agenciabrasil.ebc.com.br\/economia\">Economia<\/a><\/strong><\/p>\n<div class=\"linha-fina-noticia\"><strong>Ministro alerta que modalidade imp\u00f5e \u201cpenaliza\u00e7\u00e3o injusta\u201d<\/strong><\/div>\n<\/div>\n<div class=\"subheader\">\n<div class=\"container-autoria\">\n<div class=\"autor-noticia\">TNM\/Pedro Peduzzi &#8211; Rep\u00f3rter da Ag\u00eancia Brasil<\/div>\n<div class=\"local\">Bras\u00edlia<\/div>\n<\/div>\n<\/div>\n<div class=\"conteudo-noticia\">\n<p><strong>O governo federal libera, a partir desta segunda-feira (2), R$ 4,6 bilh\u00f5es para pagamento da segunda parcela a trabalhadores que optaram pelo saque-anivers\u00e1rio do Fundo de Garantia do Tempo de Servi\u00e7o (FGTS).<\/strong><img decoding=\"async\" data-src=\"https:\/\/agenciabrasil.ebc.com.br\/ebc.png?id=1676742&amp;o=node\" src=\"data:image\/gif;base64,R0lGODlhAQABAAAAACH5BAEKAAEALAAAAAABAAEAAAICTAEAOw==\" class=\"lazyload\" \/><img decoding=\"async\" data-src=\"https:\/\/agenciabrasil.ebc.com.br\/ebc.gif?id=1676742&amp;o=node\" src=\"data:image\/gif;base64,R0lGODlhAQABAAAAACH5BAEKAAEALAAAAAABAAEAAAICTAEAOw==\" class=\"lazyload\" \/><\/p>\n<p>O valor corresponde aos recursos retidos de trabalhadores que foram demitidos entre janeiro de 2020 e 20 de dezembro de 2025. De acordo com o Minist\u00e9rio do Trabalho e Emprego, o pagamento desses saldos remanescentes nesta segunda etapa beneficiar\u00e1 822,6 mil pessoas.<\/p>\n<p>Os pagamentos dos saldos remanescentes ser\u00e3o feitos at\u00e9 o dia 12 de fevereiro.<\/p>\n<p>Confira mais informa\u00e7\u00f5es sobre o assunto no\u00a0<em>Rep\u00f3rter Brasil Tarde<\/em>, da\u00a0<strong>TV Brasil<\/strong><\/p>\n<p><iframe title=\"YouTube video player\" data-src=\"https:\/\/www.youtube.com\/embed\/rnFygdrwtrQ?si=7gFQMLEOBGx4tCI4&amp;start=764\" width=\"560\" height=\"315\" frameborder=\"0\" allowfullscreen=\"allowfullscreen\" data-mce-fragment=\"1\" src=\"data:image\/gif;base64,R0lGODlhAQABAAAAACH5BAEKAAEALAAAAAABAAEAAAICTAEAOw==\" class=\"lazyload\" data-load-mode=\"1\"><\/iframe><\/p>\n<p><strong>Na primeira etapa, foram liberados tamb\u00e9m R$ 3,8 bilh\u00f5es, que beneficiaram mais de 14 milh\u00f5es de pessoas, conforme previsto em medida provis\u00f3ria publicada no dia 23 de dezembro.<\/strong><\/p>\n<p><a href=\"https:\/\/www.whatsapp.com\/channel\/0029VaoRTgrInlqYLSk59B2M\" target=\"_blank\" rel=\"noopener\">&gt;&gt; Siga o canal da\u00a0<strong>Ag\u00eancia Brasil\u00a0<\/strong>no WhatsApp<\/a><\/p>\n<h2>Penaliza\u00e7\u00e3o injusta<\/h2>\n<p><strong>Em nota, o MTE lembra que a modalidade imp\u00f5e uma \u201cpenaliza\u00e7\u00e3o injusta\u201d aos trabalhadores e trabalhadoras que optam por esse formato, ao impedir o acesso aos recursos do FGTS em caso de demiss\u00e3o.<\/strong><\/p>\n<p>\u201cO saque-anivers\u00e1rio tem essa crueldade com o trabalhador e com a trabalhadora, que adere \u00e0 modalidade e fica impedido de acessar o saldo quando perde o emprego\u201d, alerta o ministro Luiz Marinho ao lembrar que o\u00a0<strong>FGTS \u00e9 uma \u201cpoupan\u00e7a individual criada para amparar o trabalhador e a trabalhadora nos momentos de desemprego, mas, na pr\u00e1tica, ele n\u00e3o consegue acess\u00e1-la justamente quando mais precisa\u201d.<\/strong><\/p>\n<p>De acordo com o MTE, a maior parte dos trabalhadores ter\u00e1 os valores creditados automaticamente nas contas banc\u00e1rias previamente cadastradas no aplicativo FGTS.<\/p>\n<p>Quem n\u00e3o informou um n\u00famero de conta para o dep\u00f3sito poder\u00e1 fazer o saque por meio dos terminais de autoatendimento da Caixa; nas casas lot\u00e9ricas; ou nas unidades do CAIXA Aqui.<\/p>\n<h2>Empr\u00e9stimos banc\u00e1rios<\/h2>\n<p>Dos 14,1 milh\u00f5es de pessoas com saldo dispon\u00edvel para saque, 9,9 milh\u00f5es possuem parte dos recursos parcialmente comprometidos com empr\u00e9stimos banc\u00e1rios, \u201co que impede o recebimento do valor integral\u201d, alerta o minist\u00e9rio.<\/p>\n<p><strong>\u201cOutras 2,1 milh\u00f5es de pessoas t\u00eam o saldo totalmente comprometido, n\u00e3o havendo, portanto, valores dispon\u00edveis para saque\u201d, acrescentou.<\/strong><\/p>\n<p>O MTE informa que, desde 2020, cerca de R$ 197 bilh\u00f5es j\u00e1 foram liberados pela modalidade saque-anivers\u00e1rio.<\/p>\n<p><strong>Desse total, 40% foram destinados diretamente aos trabalhadores, enquanto 60% foram transferidos aos bancos que anteciparam os valores por meio de opera\u00e7\u00f5es de cr\u00e9dito, detalha o minist\u00e9rio.<\/strong><\/p>\n<p>Segundo a pasta, atualmente 40,3 milh\u00f5es de pessoas aderiram \u00e0 modalidade saque-anivers\u00e1rio, em um total de 130 milh\u00f5es de trabalhadores celetistas. Deste total, 28,5 milh\u00f5es possuem opera\u00e7\u00f5es de antecipa\u00e7\u00e3o de valores ativas.<\/p>\n<div class=\"dnd-widget-wrapper context-cheio_8colunas type-image\">\n<div class=\"dnd-atom-rendered\"><img decoding=\"async\" title=\"EBC\" data-src=\"https:\/\/imagens.ebc.com.br\/7beXH0gRSrcEtzlEAIx15uAXyw8=\/754x0\/smart\/https:\/\/agenciabrasil.ebc.com.br\/sites\/default\/files\/thumbnails\/image\/2026\/02\/02\/infografico_saque_fgts_retido.jpeg?itok=cySlGCxA\" alt=\"infogr\u00e1fico saque fgts retido\" src=\"data:image\/gif;base64,R0lGODlhAQABAAAAACH5BAEKAAEALAAAAAABAAEAAAICTAEAOw==\" class=\"lazyload\" \/><\/div>\n<div class=\"dnd-caption-wrapper\">\n<div class=\"meta\"><em>* Mat\u00e9ria alterada \u00e0s 14h17 para corre\u00e7\u00e3o de informa\u00e7\u00e3o. O valor liberado pela Caixa a partir desta segunda-feira \u00e9 de R$ 4,6 bilh\u00f5es, e n\u00e3o R$ 3,9 bilh\u00f5es, como informado anteriormente pelo banco. O n\u00famero foi corrigido pela pr\u00f3pria Caixa posteriormente.<\/em><\/div>\n<\/div>\n<\/div>\n<div class=\"noticias-relacionadas rel-position rowflex\">\n<div><\/div>\n<div class=\"title abs-position\"><strong>Relacionada<\/strong><\/div>\n<div class=\"capa-noticia-relacionada\"><img decoding=\"async\" data-src=\"https:\/\/imagens.ebc.com.br\/_O7C3MRJJdEKDP46zP-UQpsCXCk=\/390x240\/smart\/https:\/\/agenciabrasil.ebc.com.br\/sites\/default\/files\/thumbnails\/image\/dinheiro_caixa_mcajr_abr_2907221128.jpg?itok=-Eiht3H7\" alt=\"Dinheiro\" src=\"data:image\/gif;base64,R0lGODlhAQABAAAAACH5BAEKAAEALAAAAAABAAEAAAICTAEAOw==\" class=\"lazyload\" \/><\/div>\n<div class=\"titulo-noticia-relacionada\">Saque-anivers\u00e1rio do FGTS 2026 come\u00e7a a ser liberado<\/div>\n<\/div>\n<\/div>\n<div class=\"footer-noticia\">\n<div class=\"editor rowflex\">\n<p>Edi\u00e7\u00e3o:<\/p>\n<div class=\"nome-editor\">Val\u00e9ria Aguiar<\/div>\n<\/div>\n<\/div>\n<\/div>\n<\/div>\n<\/div>\n<\/div>\n<\/div>\n<p>&nbsp;<\/p>\n","protected":false},"excerpt":{"rendered":"<p>O governo federal libera, a partir desta segunda-feira (2), R$ 4,6 bilh\u00f5es para pagamento da segunda parcela a trabalhadores que optaram pelo saque-anivers\u00e1rio do Fundo de Garantia do Tempo de Servi\u00e7o (FGTS).<\/p>\n","protected":false},"author":2,"featured_media":51443,"comment_status":"open","ping_status":"open","sticky":false,"template":"","format":"standard","meta":{"footnotes":""},"categories":[36,13,12,25,10,27,28],"tags":[],"class_list":["post-51442","post","type-post","status-publish","format-standard","has-post-thumbnail","hentry","category-brasil-2","category-brasil","category-economia","category-interior","category-justica","category-saude","category-turismo"],"_links":{"self":[{"href":"https:\/\/tudonominuto.com.br\/portal\/wp-json\/wp\/v2\/posts\/51442","targetHints":{"allow":["GET"]}}],"collection":[{"href":"https:\/\/tudonominuto.com.br\/portal\/wp-json\/wp\/v2\/posts"}],"about":[{"href":"https:\/\/tudonominuto.com.br\/portal\/wp-json\/wp\/v2\/types\/post"}],"author":[{"embeddable":true,"href":"https:\/\/tudonominuto.com.br\/portal\/wp-json\/wp\/v2\/users\/2"}],"replies":[{"embeddable":true,"href":"https:\/\/tudonominuto.com.br\/portal\/wp-json\/wp\/v2\/comments?post=51442"}],"version-history":[{"count":2,"href":"https:\/\/tudonominuto.com.br\/portal\/wp-json\/wp\/v2\/posts\/51442\/revisions"}],"predecessor-version":[{"id":51445,"href":"https:\/\/tudonominuto.com.br\/portal\/wp-json\/wp\/v2\/posts\/51442\/revisions\/51445"}],"wp:featuredmedia":[{"embeddable":true,"href":"https:\/\/tudonominuto.com.br\/portal\/wp-json\/wp\/v2\/media\/51443"}],"wp:attachment":[{"href":"https:\/\/tudonominuto.com.br\/portal\/wp-json\/wp\/v2\/media?parent=51442"}],"wp:term":[{"taxonomy":"category","embeddable":true,"href":"https:\/\/tudonominuto.com.br\/portal\/wp-json\/wp\/v2\/categories?post=51442"},{"taxonomy":"post_tag","embeddable":true,"href":"https:\/\/tudonominuto.com.br\/portal\/wp-json\/wp\/v2\/tags?post=51442"}],"curies":[{"name":"wp","href":"https:\/\/api.w.org\/{rel}","templated":true}]}}