{"id":51446,"date":"2026-02-02T15:21:30","date_gmt":"2026-02-02T18:21:30","guid":{"rendered":"https:\/\/tudonominuto.com.br\/portal\/?p=51446"},"modified":"2026-02-02T15:32:39","modified_gmt":"2026-02-02T18:32:39","slug":"salario-minimo-de-r-1-621-comeca-a-ser-pago-nesta-segunda","status":"publish","type":"post","link":"https:\/\/tudonominuto.com.br\/portal\/2026\/02\/02\/salario-minimo-de-r-1-621-comeca-a-ser-pago-nesta-segunda\/","title":{"rendered":"Sal\u00e1rio m\u00ednimo de R$ 1.621 come\u00e7a a ser pago nesta segunda"},"content":{"rendered":"<header id=\"header-site\" class=\"header-site full-width rel-position\">\n<div class=\"header-ebc full-width\">\n<div class=\"content-center rowflex rowflex-full\"><a class=\"logo-veiculo\" href=\"https:\/\/agenciabrasil.ebc.com.br\/\"><img decoding=\"async\" data-src=\"https:\/\/agenciabrasil.ebc.com.br\/sites\/default\/themes\/agenciabrasil_v3\/images\/agbrasil-color-logo.svg?t716kh\" alt=\"logo Ag\u00eancia Brasil\" width=\"268\" height=\"37\" src=\"data:image\/gif;base64,R0lGODlhAQABAAAAACH5BAEKAAEALAAAAAABAAEAAAICTAEAOw==\" class=\"lazyload\" style=\"--smush-placeholder-width: 268px; --smush-placeholder-aspect-ratio: 268\/37;\" \/><\/a><\/div>\n<\/div>\n<div class=\"header-veiculo full-width\">\n<div class=\"content-center rowflex rowflex-full rel-position\">\n<div class=\"container-btns-menu rowflex rowflex-full\">\n<div id=\"menu-btn-mob\" class=\"menu-btn\" title=\"Menu\">\n<div class=\"menu-btn__burger\"><img decoding=\"async\" id=\"media-376279\" title=\"Marcelo Camargo\/Ag\u00eancia Brasil\" data-src=\"https:\/\/imagens.ebc.com.br\/u8RbsBTz5w30NYKsD0R_fgqSKCw=\/1170x700\/smart\/https:\/\/agenciabrasil.ebc.com.br\/sites\/default\/files\/thumbnails\/image\/2024\/03\/15\/0d8a1308.jpg?itok=AdB4KU8V\" alt=\"Bras\u00edlia (DF) 15\/03\/2024 \u2013 A partir de hoje (15) de mar\u00e7o, parte da liquida\u00e7\u00e3o interbanc\u00e1ria da cobran\u00e7a do documento ser\u00e1 feita no mesmo dia do pagamento A novidade \u00e9 mais um projeto de moderniza\u00e7\u00e3o feito pelo setor banc\u00e1rio na modalidade de boletos, que englobar\u00e1 136 bancos e ser\u00e1 mandat\u00f3ria. Com a mudan\u00e7a, se o cliente pagar o boleto at\u00e9 *\u00e0s 13h30, o cobrador poder\u00e1 receber o dinheiro no mesmo dia, dependendo do contrato que ele tenha com a sua institui\u00e7\u00e3o financeira. Se o pagamento for feito ap\u00f3s *\u00e0s 13h30,\u00a0a liquida\u00e7\u00e3o ocorrer\u00e1 no dia seguinte. Foto: Marcelo Camargo\/Ag\u00eancia Brasil\" src=\"data:image\/gif;base64,R0lGODlhAQABAAAAACH5BAEKAAEALAAAAAABAAEAAAICTAEAOw==\" class=\"lazyload\" \/>\u00a9 Marcelo Camargo\/Ag\u00eancia Brasil<\/div>\n<\/div>\n<\/div>\n<\/div>\n<\/div>\n<\/header>\n<div class=\"region region-content\">\n<div id=\"block-system-main\" class=\"block block-system\">\n<div class=\"content\">\n<div id=\"panel\" class=\"container-noticia rel-position\">\n<div id=\"node-1676696\" class=\"node node-conteudo clearfix\">\n<div class=\"header-noticia full-width\">\n<p><a class=\"editoria\" href=\"https:\/\/agenciabrasil.ebc.com.br\/economia\"><strong>Economia<\/strong><\/a><\/p>\n<div class=\"linha-fina-noticia\"><strong>INSS, seguro-desemprego e contribui\u00e7\u00f5es t\u00eam novos valores<\/strong><\/div>\n<\/div>\n<div class=\"subheader\">\n<div class=\"container-autoria\">\n<div class=\"autor-noticia\">Wellton M\u00e1ximo &#8211; Rep\u00f3rter da Ag\u00eancia Brasil<\/div>\n<div class=\"local\">Bras\u00edlia<\/div>\n<\/div>\n<\/div>\n<div class=\"conteudo-noticia\">\n<p>O novo sal\u00e1rio m\u00ednimo de R$ 1.621 come\u00e7a a ser pago nesta segunda-feira (2) aos trabalhadores. O valor pode ser conferido no contracheque referente a janeiro.<img decoding=\"async\" data-src=\"https:\/\/agenciabrasil.ebc.com.br\/ebc.png?id=1676696&amp;o=node\" src=\"data:image\/gif;base64,R0lGODlhAQABAAAAACH5BAEKAAEALAAAAAABAAEAAAICTAEAOw==\" class=\"lazyload\" \/><img decoding=\"async\" data-src=\"https:\/\/agenciabrasil.ebc.com.br\/ebc.gif?id=1676696&amp;o=node\" src=\"data:image\/gif;base64,R0lGODlhAQABAAAAACH5BAEKAAEALAAAAAABAAEAAAICTAEAOw==\" class=\"lazyload\" \/><\/p>\n<p><strong>O reajuste de 6,79%, equivalente a R$ 103, foi oficializado pelo\u00a0<a href=\"https:\/\/agenciabrasil.ebc.com.br\/economia\/noticia\/2025-12\/novo-salario-minimo-sera-de-r-1621-em-2026\" target=\"_blank\" rel=\"noopener\">Decreto 12.797\/2025<\/a>.<\/strong>\u00a0O aumento segue a pol\u00edtica de valoriza\u00e7\u00e3o do sal\u00e1rio m\u00ednimo, que combina infla\u00e7\u00e3o (INPC) e crescimento do Produto In terno Bruto (PIB), respeitando os limites do arcabou\u00e7o fiscal, que restringe o reajuste a 2,5% acima da infla\u00e7\u00e3o do ano anterior.<\/p>\n<p><strong>Os\u00a0<a href=\"https:\/\/agenciabrasil.ebc.com.br\/geral\/noticia\/2026-01\/inss-pagamento-de-beneficios-de-janeiro-comeca-nesta-segunda-feira\" target=\"_blank\" rel=\"noopener\">aposentados e pensionistas<\/a>\u00a0do Instituto Nacional do Seguro Social (INSS) come\u00e7aram a\u00a0receber o novo sal\u00e1rio m\u00ednimo no \u00faltimo dia 26.<\/strong>\u00a0O pagamento segue at\u00e9 sexta-feira (6), conforme o n\u00famero final do cart\u00e3o, sem considerar o d\u00edgito verificador.<\/p>\n<h2>Quanto vale o m\u00ednimo em 2026<\/h2>\n<p>\u2022\u00a0 \u00a0 Mensal: R$ 1.621;<\/p>\n<p>\u2022\u00a0 \u00a0\u00a0Di\u00e1rio: R$ 54,04;<\/p>\n<p>\u2022\u00a0 \u00a0\u00a0Hora: R$ 7,37.<\/p>\n<h2>Como foi calculado<\/h2>\n<p>\u2022\u00a0 \u00a0\u00a0Infla\u00e7\u00e3o pelo INPC: 4,18%;<\/p>\n<p>\u2022\u00a0 \u00a0\u00a0Somada ao crescimento real do PIB: 3,4%;<\/p>\n<p>\u2022\u00a0 \u00a0\u00a0Adicional de 3,4% limitado a 2,5% pelo arcabou\u00e7o fiscal;<\/p>\n<p>\u2022\u00a0 \u00a0\u00a0Reajuste total: 6,79%.<\/p>\n<p><a href=\"https:\/\/whatsapp.com\/channel\/0029VaoRTgrInlqYLSk59B2M\" target=\"_blank\" rel=\"noopener\">&gt;&gt; Siga o canal da\u00a0<strong>Ag\u00eancia Brasil\u00a0<\/strong>no WhatsApp<\/a><\/p>\n<h2>Impactos<\/h2>\n<p><strong>Segundo o Departamento Intersindical de Estat\u00edstica e Estudos Socioecon\u00f4micos (Dieese), o novo sal\u00e1rio m\u00ednimo impacta 61,9 milh\u00f5es de brasileiros. O aumento deve\u00a0<a href=\"https:\/\/agenciabrasil.ebc.com.br\/economia\/noticia\/2025-12\/novo-salario-minimo-injetara-r-817-bi-na-economia-estima-dieese\" target=\"_blank\" rel=\"noopener\">injetar R$ 81,7 bilh\u00f5es na economia<\/a>\u00a0em 2026.<\/strong><\/p>\n<p>O reajuste tem efeitos amplos tanto sobre a renda das fam\u00edlias quanto sobre as contas p\u00fablicas. O governo estima impacto combinado de R$ 110 bilh\u00f5es na economia, ao considerar o reajuste e a isen\u00e7\u00e3o do IR. No entanto, haver\u00e1 custo adicional para a Previd\u00eancia Social estimado em R$ 39,1 bilh\u00f5es.<\/p>\n<p><strong>Al\u00e9m de afetar diretamente trabalhadores que recebem o piso nacional, o novo valor serve como refer\u00eancia para uma s\u00e9rie de benef\u00edcios previdenci\u00e1rios, assistenciais e trabalhistas, como aposentadorias do INSS, pens\u00f5es, seguro-desemprego e sal\u00e1rio-fam\u00edlia.<\/strong><\/p>\n<p>Confira como ficam os benef\u00edcios e as contribui\u00e7\u00f5es atreladas ao sal\u00e1rio-m\u00ednimo:<\/p>\n<h2>INSS<\/h2>\n<p>\u2022\u00a0 \u00a0 Benef\u00edcios no piso (1 sal\u00e1rio m\u00ednimo): reajuste integral de 6,79%, para R$ 1.621<\/p>\n<p>\u2022\u00a0 \u00a0\u00a0Acima do piso: reajuste de 3,90% (INPC de 2025)<\/p>\n<p>\u2022\u00a0 \u00a0\u00a0Teto do INSS: R$ 8.475,55<\/p>\n<p><strong>Contribui\u00e7\u00f5es ao INSS (CLT)<\/strong><\/p>\n<p>\u2022\u00a0 \u00a0\u00a0At\u00e9 R$ 1.621: 7,5%<\/p>\n<p>\u2022\u00a0 \u00a0\u00a0De R$ 1.621,01 a R$ 2.902,84: 9%<\/p>\n<p>\u2022\u00a0 \u00a0\u00a0De R$ 2.902,85 a R$ 4.354,27: 12%<\/p>\n<p>\u2022\u00a0 \u00a0\u00a0De R$ 4.354,28 a R$ 8.475,55: 14%<\/p>\n<p><strong>Aut\u00f4nomos, facultativos e MEI<\/strong><\/p>\n<p>\u2022\u00a0 \u00a0\u00a0Plano normal (20%): R$ 324,20<\/p>\n<p>\u2022\u00a0 \u00a0\u00a0Plano simplificado (11%): R$ 178,31<\/p>\n<p>\u2022\u00a0 \u00a0\u00a0Baixa renda (5%): R$ 81,05<\/p>\n<p>\u2022\u00a0 \u00a0\u00a0MEI (5%): R$ 81,05<\/p>\n<p><strong>Seguro-desemprego<\/strong><\/p>\n<p>\u2022\u00a0 \u00a0\u00a0Reajustado pelo INPC (3,90%), com vig\u00eancia desde 11 de janeiro<\/p>\n<p>\u2022\u00a0 \u00a0\u00a0Parcela m\u00ednima: R$ 1.621<\/p>\n<p>\u2022\u00a0 \u00a0\u00a0Parcela m\u00e1xima: R$ 2.518,65<\/p>\n<p>\u2022\u00a0 \u00a0 Valor varia conforme sal\u00e1rio m\u00e9dio dos \u00faltimos meses.<\/p>\n<p><strong>Sal\u00e1rio-fam\u00edlia<\/strong><\/p>\n<p>\u2022\u00a0 \u00a0\u00a0Sal\u00e1rio-fam\u00edlia: R$ 67,54 por dependente<\/p>\n<p>\u2022\u00a0 \u00a0 Pago a quem recebe at\u00e9 R$ 1.980,38 mensais<\/p>\n<div class=\"noticias-relacionadas rel-position rowflex\">\n<div class=\"title abs-position\"><strong>Relacionadas<\/strong><\/div>\n<div class=\"capa-noticia-relacionada\"><img decoding=\"async\" data-src=\"https:\/\/imagens.ebc.com.br\/rC7QZfjriGeafcTK06O9hJEIm4s=\/390x240\/smart\/https:\/\/agenciabrasil.ebc.com.br\/sites\/default\/files\/thumbnails\/image\/2026\/02\/01\/isencao-imposto-renda-mc_abr_30012026-3.jpg?itok=EB08K7KB\" alt=\"Bras\u00edlia (DF), 30\/01\/2026 - O pedreiro Genival Gil fala sobre a isen\u00e7\u00e3o no Imposto de Renda para quem ganha at\u00e9 5mil reais.Foto: Marcelo Camargo\/Ag\u00eancia Brasil\" src=\"data:image\/gif;base64,R0lGODlhAQABAAAAACH5BAEKAAEALAAAAAABAAEAAAICTAEAOw==\" class=\"lazyload\" \/><\/div>\n<div class=\"titulo-noticia-relacionada\">IR zero para quem ganha at\u00e9 R$ 5 mil vale nos sal\u00e1rios pagos este m\u00eas<\/div>\n<div class=\"capa-noticia-relacionada\"><img decoding=\"async\" data-src=\"https:\/\/imagens.ebc.com.br\/ILPI8eRFpmefCyJD89XVgCsN4MY=\/390x240\/smart\/https:\/\/agenciabrasil.ebc.com.br\/sites\/default\/files\/thumbnails\/image\/img_3039.jpg?itok=h08JZZKK\" alt=\"S\u00e3o Paulo (SP), 01\/05\/2023 - Ato unificado das centrais sindicais CUT, For\u00e7a Sindical, CTB, UGT, Intersindical, CSB, Nova Central e P\u00fablica em comemora\u00e7\u00e3o ao dia dos trabalhadores e das trabalhadoras, com o lema Emprego, Renda, Direitos e Democracia, no Vale do Anhangaba\u00fa. Foto: Rovena Rosa\/Ag\u00eancia Brasil.\" src=\"data:image\/gif;base64,R0lGODlhAQABAAAAACH5BAEKAAEALAAAAAABAAEAAAICTAEAOw==\" class=\"lazyload\" \/><\/div>\n<div class=\"titulo-noticia-relacionada\">Sindicatos celebram sal\u00e1rio m\u00ednimo e defendem melhoria em reajustes<\/div>\n<div class=\"capa-noticia-relacionada\"><img decoding=\"async\" data-src=\"https:\/\/imagens.ebc.com.br\/ZRxkZFidfFCPPzXwezdFEQLE5no=\/390x240\/smart\/https:\/\/agenciabrasil.ebc.com.br\/sites\/default\/files\/thumbnails\/image\/real_moedadinheiro_jfcrz_abr_1701220043_1.jpg?itok=HiddQYJ5\" alt=\"Dinheiro, Real Moeda brasileira\" src=\"data:image\/gif;base64,R0lGODlhAQABAAAAACH5BAEKAAEALAAAAAABAAEAAAICTAEAOw==\" class=\"lazyload\" \/><\/div>\n<div class=\"titulo-noticia-relacionada\">Lei do sal\u00e1rio m\u00ednimo, que faz 90 anos, organizou rela\u00e7\u00f5es de trabalho<\/div>\n<\/div>\n<\/div>\n<div class=\"footer-noticia\">\n<div class=\"editor rowflex\">\n<p>Edi\u00e7\u00e3o:<\/p>\n<div class=\"nome-editor\">Gra\u00e7a Adjuto<\/div>\n<\/div>\n<\/div>\n<\/div>\n<\/div>\n<\/div>\n<\/div>\n<\/div>\n<p>&nbsp;<\/p>\n","protected":false},"excerpt":{"rendered":"<p>O reajuste de 6,79%, equivalente a R$ 103, foi oficializado pelo\u00a0Decreto 12.797\/2025.\u00a0O aumento segue a pol\u00edtica de valoriza\u00e7\u00e3o do sal\u00e1rio m\u00ednimo, que combina infla\u00e7\u00e3o (INPC) e crescimento do Produto In terno Bruto (PIB), respeitando os limites do arcabou\u00e7o fiscal, que restringe o reajuste a 2,5% acima da infla\u00e7\u00e3o do ano anterior.<\/p>\n","protected":false},"author":2,"featured_media":51447,"comment_status":"open","ping_status":"open","sticky":false,"template":"","format":"standard","meta":{"footnotes":""},"categories":[36,13,12,25,10,27,28],"tags":[],"class_list":["post-51446","post","type-post","status-publish","format-standard","has-post-thumbnail","hentry","category-brasil-2","category-brasil","category-economia","category-interior","category-justica","category-saude","category-turismo"],"_links":{"self":[{"href":"https:\/\/tudonominuto.com.br\/portal\/wp-json\/wp\/v2\/posts\/51446","targetHints":{"allow":["GET"]}}],"collection":[{"href":"https:\/\/tudonominuto.com.br\/portal\/wp-json\/wp\/v2\/posts"}],"about":[{"href":"https:\/\/tudonominuto.com.br\/portal\/wp-json\/wp\/v2\/types\/post"}],"author":[{"embeddable":true,"href":"https:\/\/tudonominuto.com.br\/portal\/wp-json\/wp\/v2\/users\/2"}],"replies":[{"embeddable":true,"href":"https:\/\/tudonominuto.com.br\/portal\/wp-json\/wp\/v2\/comments?post=51446"}],"version-history":[{"count":3,"href":"https:\/\/tudonominuto.com.br\/portal\/wp-json\/wp\/v2\/posts\/51446\/revisions"}],"predecessor-version":[{"id":51450,"href":"https:\/\/tudonominuto.com.br\/portal\/wp-json\/wp\/v2\/posts\/51446\/revisions\/51450"}],"wp:featuredmedia":[{"embeddable":true,"href":"https:\/\/tudonominuto.com.br\/portal\/wp-json\/wp\/v2\/media\/51447"}],"wp:attachment":[{"href":"https:\/\/tudonominuto.com.br\/portal\/wp-json\/wp\/v2\/media?parent=51446"}],"wp:term":[{"taxonomy":"category","embeddable":true,"href":"https:\/\/tudonominuto.com.br\/portal\/wp-json\/wp\/v2\/categories?post=51446"},{"taxonomy":"post_tag","embeddable":true,"href":"https:\/\/tudonominuto.com.br\/portal\/wp-json\/wp\/v2\/tags?post=51446"}],"curies":[{"name":"wp","href":"https:\/\/api.w.org\/{rel}","templated":true}]}}