{"id":51451,"date":"2026-02-02T15:47:25","date_gmt":"2026-02-02T18:47:25","guid":{"rendered":"https:\/\/tudonominuto.com.br\/portal\/?p=51451"},"modified":"2026-02-02T15:47:47","modified_gmt":"2026-02-02T18:47:47","slug":"carmen-lucia-sera-relatora-de-codigo-de-etica-do-stf-anuncia-fachin","status":"publish","type":"post","link":"https:\/\/tudonominuto.com.br\/portal\/2026\/02\/02\/carmen-lucia-sera-relatora-de-codigo-de-etica-do-stf-anuncia-fachin\/","title":{"rendered":"C\u00e1rmen L\u00facia ser\u00e1 relatora de C\u00f3digo de \u00c9tica do STF, anuncia Fachin"},"content":{"rendered":"<header id=\"header-site\" class=\"header-site full-width rel-position\">\n<div class=\"header-ebc full-width\">\n<div class=\"content-center rowflex rowflex-full\"><a class=\"logo-veiculo\" href=\"https:\/\/agenciabrasil.ebc.com.br\/\"><img decoding=\"async\" data-src=\"https:\/\/agenciabrasil.ebc.com.br\/sites\/default\/themes\/agenciabrasil_v3\/images\/agbrasil-color-logo.svg?t716kh\" alt=\"logo Ag\u00eancia Brasil\" width=\"268\" height=\"37\" src=\"data:image\/gif;base64,R0lGODlhAQABAAAAACH5BAEKAAEALAAAAAABAAEAAAICTAEAOw==\" class=\"lazyload\" style=\"--smush-placeholder-width: 268px; --smush-placeholder-aspect-ratio: 268\/37;\" \/><\/a><\/div>\n<\/div>\n<div class=\"header-veiculo full-width\">\n<div class=\"content-center rowflex rowflex-full rel-position\">\n<div class=\"container-btns-menu rowflex rowflex-full\">\n<div id=\"menu-btn-mob\" class=\"menu-btn\" title=\"Menu\">\n<div class=\"menu-btn__burger\"><img decoding=\"async\" id=\"media-438803\" title=\"Valter Campanato\/Ag\u00eancia Brasil\" data-src=\"https:\/\/imagens.ebc.com.br\/hr0fM8jgnQwqzK2PMBdYLzeqmEg=\/1170x700\/smart\/https:\/\/agenciabrasil.ebc.com.br\/sites\/default\/files\/thumbnails\/image\/2025\/09\/29\/0d7a8474.jpg?itok=GL35RH2J\" alt=\"Bras\u00edlia (DF), 29\/09\/2025 \u2013 Posse do novo presidente do Supremo Tribunal Federal (STF), Edson Fachin, ele foi eleito para suceder o ministro Lu\u00eds Roberto Barroso, cujo mandato terminou ontem (28). Tamb\u00e9m assume o cargo o novo vice-presidente, Alexandre de Moraes. Os dois ministros comandar\u00e3o o Supremo pelos pr\u00f3ximos dois anos (2025-2027). Foto: Valter Campanato\/Ag\u00eancia Brasil\" src=\"data:image\/gif;base64,R0lGODlhAQABAAAAACH5BAEKAAEALAAAAAABAAEAAAICTAEAOw==\" class=\"lazyload\" \/>\u00a9 Valter Campanato\/Ag\u00eancia Brasil<\/div>\n<\/div>\n<\/div>\n<\/div>\n<\/div>\n<\/header>\n<div class=\"region region-content\">\n<div id=\"block-system-main\" class=\"block block-system\">\n<div class=\"content\">\n<div id=\"panel\" class=\"container-noticia rel-position\">\n<div id=\"node-1676773\" class=\"node node-conteudo clearfix\">\n<div class=\"header-noticia full-width\">\n<p><a class=\"editoria\" href=\"https:\/\/agenciabrasil.ebc.com.br\/justica\"><strong>Justi\u00e7a<\/strong><\/a><\/p>\n<div class=\"linha-fina-noticia\">TNM\/Presidente da Corte diz que buscar\u00e1 di\u00e1logo para aprovar texto<\/div>\n<\/div>\n<div class=\"subheader\">\n<div class=\"container-autoria\">\n<div class=\"autor-noticia\">Por Andr\u00e9 Richter &#8211; Rep\u00f3rter da Ag\u00eancia Brasil<\/div>\n<div class=\"local\">Bras\u00edlia<\/div>\n<\/div>\n<\/div>\n<div class=\"conteudo-noticia\">\n<p><strong>O presidente do Supremo Tribunal Federal (STF), Edson Fachin, anunciou nesta segunda-feira (2) que a ministra C\u00e1rmen L\u00facia ser\u00e1 relatora da proposta de cria\u00e7\u00e3o de um c\u00f3digo de \u00e9tica para os integrantes da Corte.<\/strong><img decoding=\"async\" data-src=\"https:\/\/agenciabrasil.ebc.com.br\/ebc.png?id=1676773&amp;o=node\" src=\"data:image\/gif;base64,R0lGODlhAQABAAAAACH5BAEKAAEALAAAAAABAAEAAAICTAEAOw==\" class=\"lazyload\" \/><img decoding=\"async\" data-src=\"https:\/\/agenciabrasil.ebc.com.br\/ebc.gif?id=1676773&amp;o=node\" src=\"data:image\/gif;base64,R0lGODlhAQABAAAAACH5BAEKAAEALAAAAAABAAEAAAICTAEAOw==\" class=\"lazyload\" \/><\/p>\n<p>Fachin discursou durante a sess\u00e3o solene de\u00a0<strong>abertura do Ano Judici\u00e1rio de 2026<\/strong>, cerim\u00f4nia que marca a abertura dos trabalhos ap\u00f3s o per\u00edodo de recesso.\u00a0O ministro disse que as institui\u00e7\u00f5es t\u00eam desafios para se manterem \u00edntegras e com legitimidade.<\/p>\n<blockquote><p>&#8220;Momentos de adversidade exigem mais do que discurso, pedem responsabilidade institucional, clareza de limites e fidelidade absoluta \u00e0 Constitui\u00e7\u00e3o da Rep\u00fablica.&#8221;<\/p><\/blockquote>\n<p>O presidente do STF\u00a0afirmou que os ministros &#8220;respondem pelas escolhas que fazem&#8221; e que o \u00e9 momento \u00e9 de &#8220;autocorre\u00e7\u00e3o&#8221;.<\/p>\n<p>Diante da resist\u00eancia interna de ministros que s\u00e3o contra a aprova\u00e7\u00e3o de regras para regular a conduta da Corte,\u00a0<strong>Fachin prometeu que buscar\u00e1 o di\u00e1logo com os colegas pela aprova\u00e7\u00e3o do texto<\/strong>.<\/p>\n<p>&#8220;Vamos caminhar juntos na constru\u00e7\u00e3o do consenso no \u00e2mbito desse colegiado. Impende dialogar e construir confian\u00e7a p\u00fablica, porque nessa reside a verdadeira for\u00e7a do Estado Democr\u00e1tico de Direito&#8221;, afirmou durante a solenidade.<\/p>\n<p>A cerim\u00f4nia foi acompanhada pelo presidente Luiz In\u00e1cio Lula da Silva, os presidentes da C\u00e2mara dos Deputados, Hugo Motta (Republicanos-PB), e do Senado, Davi Alcolumbre (Uni\u00e3o-AP), al\u00e9m de outras autoridades.<\/p>\n<p><a href=\"https:\/\/whatsapp.com\/channel\/0029VaoRTgrInlqYLSk59B2M\" target=\"_blank\" rel=\"noopener\">&gt;&gt; Siga o canal da\u00a0<strong>Ag\u00eancia Brasil\u00a0<\/strong>no WhatsApp<\/a><\/p>\n<h2>Banco Master<\/h2>\n<p><strong>O an\u00fancio sobre a cria\u00e7\u00e3o de um c\u00f3digo de \u00e9tica para o STF ocorre ap\u00f3s membros da Corte\u00a0serem criticados publicamente pela condu\u00e7\u00e3o das investiga\u00e7\u00f5es envolvendo as fraudes no Banco Master.<\/strong><\/p>\n<p>No m\u00eas passado, o ministro Alexandre de Moraes negou ter participado de um encontro com o ex-presidente do Banco Regional de Bras\u00edlia (BRB) Paulo Henrique Costa, no primeiro semestre de 2025, na casa do banqueiro Daniel Vorcaro, dono do Banco Master.<\/p>\n<p>O suposto encontro foi noticiado pelo Portal Metr\u00f3poles e teria ocorrido em meio ao processo de tentativa de compra do Master pelo BRB. Em nota \u00e0 imprensa, Moraes classificou a reportagem como \u201cfalsa e mentirosa\u201d.<\/p>\n<p>Antes da liquida\u00e7\u00e3o do Master pelo Banco Central, o escrit\u00f3rio de advocacia Barci de Moraes, que pertence \u00e0 fam\u00edlia do ministro, prestou servi\u00e7os ao banco de Vorcaro.<\/p>\n<p>No in\u00edcio deste m\u00eas, o ministro Dias Toffoli passou a ser criticado por permanecer na condi\u00e7\u00e3o de relator do caso ap\u00f3s mat\u00e9rias jornal\u00edsticas informarem que a Pol\u00edcia Federal encontrou irregularidades em um fundo de investimento ligado ao Banco Master. O fundo comprou uma participa\u00e7\u00e3o no\u00a0<em>resort<\/em>\u00a0Tayay\u00e1, localizado no Paran\u00e1, que era de propriedade de familiares do ministro.<\/p>\n<p>Fachin tamb\u00e9m foi criticado por divulgar uma nota \u00e0 imprensa para defender a atua\u00e7\u00e3o de Toffoli.<\/p>\n<div class=\"noticias-relacionadas rel-position rowflex\">\n<div class=\"title abs-position\">Relacionadas<\/div>\n<div class=\"capa-noticia-relacionada\"><img decoding=\"async\" data-src=\"https:\/\/imagens.ebc.com.br\/r9Ty7zKWEB0FdfZ7n4s0nG1TZ44=\/390x240\/smart\/https:\/\/agenciabrasil.ebc.com.br\/sites\/default\/files\/thumbnails\/image\/51283828699_c540635734_o_0.jpg?itok=dcDZ84K6\" alt=\"Bras\u00edlia (DF) \u2013 Ministro do Supremo Tribunal Federal-STF, Dias Toffoli. Foto: ASCOM\/STF\" src=\"data:image\/gif;base64,R0lGODlhAQABAAAAACH5BAEKAAEALAAAAAABAAEAAAICTAEAOw==\" class=\"lazyload\" \/><\/div>\n<div class=\"titulo-noticia-relacionada\">Toffoli: decis\u00e3o sobre inst\u00e2ncia do caso Master sair\u00e1 ap\u00f3s inqu\u00e9rito<\/div>\n<div class=\"capa-noticia-relacionada\"><img decoding=\"async\" data-src=\"https:\/\/imagens.ebc.com.br\/Vox1rBPPKPgPGAvj_jCxLTxtEZ4=\/390x240\/smart\/https:\/\/agenciabrasil.ebc.com.br\/sites\/default\/files\/thumbnails\/image\/2025\/10\/07\/lula9839.jpg?itok=MJTYVU8X\" alt=\"Bras\u00edlia - 07\/10\/2025 - Ministro da Fazendo, Fernando Haddad, durante coletiva ap\u00f3s reuni\u00e3o com o presidente do Congresso, Davi Alcolumbre. Foto: Lula Marques\/ Ag\u00eancia Brasil.\" src=\"data:image\/gif;base64,R0lGODlhAQABAAAAACH5BAEKAAEALAAAAAABAAEAAAICTAEAOw==\" class=\"lazyload\" \/><\/div>\n<div class=\"titulo-noticia-relacionada\">Haddad: STF encontrar\u00e1 caminhos para lidar com impactos do caso Master<\/div>\n<div class=\"capa-noticia-relacionada\"><img decoding=\"async\" data-src=\"https:\/\/imagens.ebc.com.br\/BYvOHlqIIz05o3WWmWQTcRwtDqs=\/390x240\/smart\/https:\/\/agenciabrasil.ebc.com.br\/sites\/default\/files\/thumbnails\/image\/2025\/11\/19\/0g0a6470.jpg?itok=DQSepjec\" alt=\"S\u00e3o Paulo (SP), 19\/11\/2025 - Fachada do Banco Master na rua Elvira Ferraz em Itaim Bibi. Foto: Rovena Rosa\/Ag\u00eancia Brasil\" src=\"data:image\/gif;base64,R0lGODlhAQABAAAAACH5BAEKAAEALAAAAAABAAEAAAICTAEAOw==\" class=\"lazyload\" \/><\/div>\n<div class=\"titulo-noticia-relacionada\">Mendes defende atua\u00e7\u00e3o de Toffoli no inqu\u00e9rito do Banco Master<\/div>\n<\/div>\n<\/div>\n<div class=\"footer-noticia\">\n<div class=\"editor rowflex\">\n<p>Edi\u00e7\u00e3o:<\/p>\n<div class=\"nome-editor\">Juliana Andrade<\/div>\n<\/div>\n<\/div>\n<\/div>\n<\/div>\n<\/div>\n<\/div>\n<\/div>\n<p>&nbsp;<\/p>\n","protected":false},"excerpt":{"rendered":"<p>O an\u00fancio sobre a cria\u00e7\u00e3o de um c\u00f3digo de \u00e9tica para o STF ocorre ap\u00f3s membros da Corte\u00a0serem criticados publicamente pela condu\u00e7\u00e3o das investiga\u00e7\u00f5es envolvendo as fraudes no Banco Master.<\/p>\n","protected":false},"author":2,"featured_media":51453,"comment_status":"open","ping_status":"open","sticky":false,"template":"","format":"standard","meta":{"footnotes":""},"categories":[12,25,10,32,24,8,9,33,35,15],"tags":[],"class_list":["post-51451","post","type-post","status-publish","format-standard","has-post-thumbnail","hentry","category-economia","category-interior","category-justica","category-ploitica","category-policia-2","category-policia","category-politica","category-politica-2","category-politica-politica","category-religiao"],"_links":{"self":[{"href":"https:\/\/tudonominuto.com.br\/portal\/wp-json\/wp\/v2\/posts\/51451","targetHints":{"allow":["GET"]}}],"collection":[{"href":"https:\/\/tudonominuto.com.br\/portal\/wp-json\/wp\/v2\/posts"}],"about":[{"href":"https:\/\/tudonominuto.com.br\/portal\/wp-json\/wp\/v2\/types\/post"}],"author":[{"embeddable":true,"href":"https:\/\/tudonominuto.com.br\/portal\/wp-json\/wp\/v2\/users\/2"}],"replies":[{"embeddable":true,"href":"https:\/\/tudonominuto.com.br\/portal\/wp-json\/wp\/v2\/comments?post=51451"}],"version-history":[{"count":2,"href":"https:\/\/tudonominuto.com.br\/portal\/wp-json\/wp\/v2\/posts\/51451\/revisions"}],"predecessor-version":[{"id":51455,"href":"https:\/\/tudonominuto.com.br\/portal\/wp-json\/wp\/v2\/posts\/51451\/revisions\/51455"}],"wp:featuredmedia":[{"embeddable":true,"href":"https:\/\/tudonominuto.com.br\/portal\/wp-json\/wp\/v2\/media\/51453"}],"wp:attachment":[{"href":"https:\/\/tudonominuto.com.br\/portal\/wp-json\/wp\/v2\/media?parent=51451"}],"wp:term":[{"taxonomy":"category","embeddable":true,"href":"https:\/\/tudonominuto.com.br\/portal\/wp-json\/wp\/v2\/categories?post=51451"},{"taxonomy":"post_tag","embeddable":true,"href":"https:\/\/tudonominuto.com.br\/portal\/wp-json\/wp\/v2\/tags?post=51451"}],"curies":[{"name":"wp","href":"https:\/\/api.w.org\/{rel}","templated":true}]}}