{"id":51523,"date":"2026-02-04T19:28:46","date_gmt":"2026-02-04T22:28:46","guid":{"rendered":"https:\/\/tudonominuto.com.br\/portal\/?p=51523"},"modified":"2026-02-04T19:29:35","modified_gmt":"2026-02-04T22:29:35","slug":"bolsonaro-fez-descaso-com-preceitos-eticos-dos-militares-diz-mpm","status":"publish","type":"post","link":"https:\/\/tudonominuto.com.br\/portal\/2026\/02\/04\/bolsonaro-fez-descaso-com-preceitos-eticos-dos-militares-diz-mpm\/","title":{"rendered":"Bolsonaro fez descaso com preceitos \u00e9ticos dos militares, diz MPM"},"content":{"rendered":"<header id=\"header-site\" class=\"header-site full-width rel-position\">\n<div class=\"header-ebc full-width\">\n<div class=\"content-center rowflex rowflex-full\"><a class=\"logo-veiculo\" href=\"https:\/\/agenciabrasil.ebc.com.br\/\"><img decoding=\"async\" data-src=\"https:\/\/agenciabrasil.ebc.com.br\/sites\/default\/themes\/agenciabrasil_v3\/images\/agbrasil-color-logo.svg?t716kh\" alt=\"logo Ag\u00eancia Brasil\" width=\"268\" height=\"37\" src=\"data:image\/gif;base64,R0lGODlhAQABAAAAACH5BAEKAAEALAAAAAABAAEAAAICTAEAOw==\" class=\"lazyload\" style=\"--smush-placeholder-width: 268px; --smush-placeholder-aspect-ratio: 268\/37;\" \/><\/a><\/div>\n<\/div>\n<\/header>\n<div class=\"tabs\"><img decoding=\"async\" id=\"media-451942\" title=\"Jo\u00e9dson Alves\/Ag\u00eancia Brasil\" data-src=\"https:\/\/imagens.ebc.com.br\/DqHP0wsOfF1d-DkIsOCPwV6tYdU=\/1170x700\/smart\/https:\/\/agenciabrasil.ebc.com.br\/sites\/default\/files\/thumbnails\/image\/2026\/02\/03\/0d4a2863.jpg?itok=09EICulr\" alt=\"Bras\u00edlia (DF), 03\/02\/2026 \u2013 A presidenta do Superior Tribunal Militar ministra Maria Elizabeth Rocha, fala sobre o rito que o tribunal ir\u00e1 fazer durante o julgamento da perda dos postos e patentes de Bolsonaro, Heleno, Braga Netto e outros condenados por trama golpista. Foto: Jo\u00e9dson Alves\/Ag\u00eancia Brasil\" src=\"data:image\/gif;base64,R0lGODlhAQABAAAAACH5BAEKAAEALAAAAAABAAEAAAICTAEAOw==\" class=\"lazyload\" \/>\u00a9 Jo\u00e9dson Alves\/Ag\u00eancia Brasil<\/div>\n<div class=\"region region-content\">\n<div id=\"block-system-main\" class=\"block block-system\">\n<div class=\"content\">\n<div id=\"panel\" class=\"container-noticia rel-position\">\n<div id=\"node-1677099\" class=\"node node-conteudo clearfix\">\n<div class=\"header-noticia full-width\">\n<p><strong><a class=\"editoria\" href=\"https:\/\/agenciabrasil.ebc.com.br\/justica\">Justi\u00e7a<\/a><\/strong><\/p>\n<div class=\"linha-fina-noticia\"><strong>\u00d3rg\u00e3o diz que ex-presidente feriu princ\u00edpios como fidelidade \u00e0 P\u00e1tria<\/strong><\/div>\n<\/div>\n<div class=\"subheader\">\n<div class=\"container-autoria\">\n<div class=\"autor-noticia\">Andr\u00e9 Richter &#8211; Rep\u00f3rter da Ag\u00eancia Brasil Bras\u00edlia<\/div>\n<\/div>\n<\/div>\n<div class=\"conteudo-noticia\">\n<p>O Minist\u00e9rio P\u00fablico Militar (MPM) afirmou que o ex-presidente Jair Bolsonaro fez descaso com a \u00e9tica militar ao se envolver na trama golpista que pretendia impedir a posse de Luiz In\u00e1cio Lula da Silva como presidente da Rep\u00fablica.\u00a0<strong>Segundo o \u00f3rg\u00e3o, o ex-presidente violou os princ\u00edpios \u00e9ticos de fidelidade \u00e0 p\u00e1tria e de lealdade, entre outros<\/strong>.<img decoding=\"async\" data-src=\"https:\/\/agenciabrasil.ebc.com.br\/ebc.png?id=1677099&amp;o=node\" src=\"data:image\/gif;base64,R0lGODlhAQABAAAAACH5BAEKAAEALAAAAAABAAEAAAICTAEAOw==\" class=\"lazyload\" \/><img decoding=\"async\" data-src=\"https:\/\/agenciabrasil.ebc.com.br\/ebc.gif?id=1677099&amp;o=node\" src=\"data:image\/gif;base64,R0lGODlhAQABAAAAACH5BAEKAAEALAAAAAABAAEAAAICTAEAOw==\" class=\"lazyload\" \/><\/p>\n<p>A conclus\u00e3o faz parte da representa\u00e7\u00e3o na qual o \u00f3rg\u00e3o pediu, nesta ter\u00e7a-feira (3), ao Superior Tribunal Militar (STM) a\u00a0<a href=\"https:\/\/agenciabrasil.ebc.com.br\/justica\/noticia\/2026-02\/stm-recebe-pedido-de-perda-de-patente-de-bolsonaro-e-mais-4-oficiais\" target=\"_blank\" rel=\"noopener\">perda da patente do ex-presidente<\/a>, que \u00e9 capit\u00e3o da reserva do Ex\u00e9rcito, e a consequente expuls\u00e3o da for\u00e7a militar ap\u00f3s a condena\u00e7\u00e3o a 27 anos e tr\u00eas meses de pris\u00e3o pelo Supremo Tribunal Federal (STF).<\/p>\n<p>Para defender a expuls\u00e3o de Bolsonaro do Ex\u00e9rcito, o MPM citou as viola\u00e7\u00f5es cometidas pelo ex-presidente.<\/p>\n<p>\u201cSem muito esfor\u00e7o, portanto, nota-se o descaso do ora representado Jair Messias Bolsonaro para com os preceitos \u00e9ticos mais b\u00e1sicos previstos no art. 28 da Lei 6.880\/1980 [Estatuto dos Militares]&#8221;.<\/p>\n<p><strong>Segundo o MPM, a decis\u00e3o do Supremo que\u00a0<a href=\"https:\/\/agenciabrasil.ebc.com.br\/justica\/noticia\/2025-09\/stf-condena-bolsonaro-27-anos-e-tres-meses-de-prisao\" target=\"_blank\" rel=\"noopener\">condenou Bolsonaro<\/a>\u00a0e outros acusados pela tentativa de golpe de Estado demonstra a gravidade da conduta de militares que juraram respeitar a bandeira nacional.<\/strong><\/p>\n<p>&#8220;S\u00e3o incontroversas, como se ver\u00e1 a seguir, a gravidade dos delitos cometidos e a viola\u00e7\u00e3o dos preceitos \u00e9ticos militares que os representados outrora juraram voluntariamente respeitar perante a bandeira do Brasil, em intensidade que aponta para a declara\u00e7\u00e3o de indignidade e a consequente perda do posto e da patente que ostentam e da qual fizeram uso&#8221;, sustentou o \u00f3rg\u00e3o.<\/p>\n<p>Segundo o MPM,\u00a0 Bolsonaro tamb\u00e9m violou as seguintes regras militares:<\/p>\n<ul>\n<li>Dever de probidade e de proceder de maneira ilibada na vida p\u00fablica ao\u00a0\u201cconstituir e chefiar uma organiza\u00e7\u00e3o, com autoridades do Estado brasileiro, e valer-se da estrutura p\u00fablica para alcan\u00e7ar objetivos inconstitucionais\u201d;<\/li>\n<li>Dignidade da pessoa humana\u00a0ao\u00a0\u201ctentar conduzir o pa\u00eds a um novo per\u00edodo de exce\u00e7\u00e3o democr\u00e1tica\u201d;<\/li>\n<li>Cumprimento das leis e das ordens das autoridades competentes, j\u00e1 que\u00a0\u201creiteradamente conchavava com os demais integrantes da organiza\u00e7\u00e3o o descumprimento da Constitui\u00e7\u00e3o, que solenemente jurou defender, e dos comandos judiciais provindos da Suprema Corte e do Tribunal Superior Eleitoral;<\/li>\n<li>Zelo pelo preparo moral\u00a0\u2013 \u201ca\u00a0conduta do ora representado espelha um estado de imoralidade\u201d;<\/li>\n<li>Pr\u00e1tica da camaradagem e do esp\u00edrito de coopera\u00e7\u00e3o\u00a0\u2013 \u201ctendo em vista que a organiza\u00e7\u00e3o que liderava ocupou-se tamb\u00e9m de promover ataques a militares que n\u00e3o endossavam o movimento golpista\u201d;<\/li>\n<li>Discri\u00e7\u00e3o em suas atitudes, maneiras e em sua linguagem escrita e falada e observ\u00e2ncia das normas de boa educa\u00e7\u00e3o\u00a0\u2013 \u201ctendo preferido chamar membros de outro Poder de canalhas, enquanto esbravejava amea\u00e7as e discursos de \u00f3dio ou mesmo insinuar, em reuni\u00e3o ministerial gravada, a pr\u00e1tica de corrup\u00e7\u00e3o por ministros da Suprema Corte\u201d;<\/li>\n<li>Acatamento das autoridades civis\u00a0\u2013 \u201corganiza\u00e7\u00e3o liderada pelo ora representado buscava inverter a l\u00f3gica constitucional da submiss\u00e3o do poder militar ao poder civil\u201d;<\/li>\n<li>Cumprimento dos deveres de cidad\u00e3o\u00a0\u2013 \u201cDentre os quais se destacam o de respeitar a Constitui\u00e7\u00e3o, as leis e o resultado das elei\u00e7\u00f5es\u201d.<\/li>\n<\/ul>\n<h2>Julgamento<\/h2>\n<p>Al\u00e9m de Bolsonaro, o MPM tamb\u00e9m pediu ao STM a perda da patente dos generais da reserva Augusto Heleno, Paulo Sergio Nogueira, Braga Netto e o almirante Almir Garnier. Todos foram condenados na a\u00e7\u00e3o penal da trama golpista.<\/p>\n<p><strong>Segundo a presidente do STM, ministra Maria Elisabeth Rocha (foto em destaque), o tribunal n\u00e3o tem prazo legal para julgar as a\u00e7\u00f5es.<\/strong><\/p>\n<p>Ontem, a presidente disse que vai pautar os processos para julgamento imediatamente ap\u00f3s os relatores liberarem os casos para julgamento. De acordo com as regras internas do STM, ela s\u00f3 vota em caso de empate e sempre a favor do r\u00e9u nas a\u00e7\u00f5es de perda do oficialato.<\/p>\n<div class=\"noticias-relacionadas rel-position rowflex\">\n<div class=\"title abs-position\"><strong>Relacionadas<\/strong><\/div>\n<div class=\"capa-noticia-relacionada\"><img decoding=\"async\" data-src=\"https:\/\/imagens.ebc.com.br\/bsAdQFfFRmKAPbxgBwe614b3eTo=\/390x240\/smart\/https:\/\/agenciabrasil.ebc.com.br\/sites\/default\/files\/thumbnails\/image\/2026\/02\/03\/0d4a3313.jpg?itok=N5n0aNlJ\" alt=\"Bras\u00edlia (DF), 03\/02\/2026 \u2013 Fachada do Superior Tribunal Miliatr (STM), hoje a presidenta do Superior Tribunal Militar ministra Maria Elizabeth Rocha, falou para jornalistas sobre o rito que o tribunal ir\u00e1 fazer durante o julgamento da perda dos postos e patentes de Bolsonaro, Heleno, Braga Netto e outros condenados por trama golpista. Foto: Jo\u00e9dson Alves\/Ag\u00eancia Brasil\" src=\"data:image\/gif;base64,R0lGODlhAQABAAAAACH5BAEKAAEALAAAAAABAAEAAAICTAEAOw==\" class=\"lazyload\" \/><\/div>\n<div class=\"titulo-noticia-relacionada\">Saiba os pr\u00f3ximos passos do pedido de perda de patente de Bolsonaro<\/div>\n<div class=\"capa-noticia-relacionada\"><img decoding=\"async\" data-src=\"https:\/\/imagens.ebc.com.br\/-9LnDnzq92FrhGEkzn897W3mNfA=\/390x240\/smart\/https:\/\/agenciabrasil.ebc.com.br\/sites\/default\/files\/thumbnails\/image\/2024\/11\/14\/54135368876_ffaf05fa2a_o.jpg?itok=RlFhHF9S\" alt=\"Bras\u00edlia (DF) 13\/11\/2024 - Foto tirada na sess\u00e3o da Primeira Turma do STF - 12\/11\/2024 Ministro Alexandre de Moraes durante a sess\u00e3o da Primeira Turma do STF. Foto: Gustavo Moreno\/STF\" src=\"data:image\/gif;base64,R0lGODlhAQABAAAAACH5BAEKAAEALAAAAAABAAEAAAICTAEAOw==\" class=\"lazyload\" \/><\/div>\n<div class=\"titulo-noticia-relacionada\">Moraes diz que juiz pode receber por palestra e ter a\u00e7\u00f5es de empresas<\/div>\n<div class=\"capa-noticia-relacionada\"><img decoding=\"async\" data-src=\"https:\/\/imagens.ebc.com.br\/w6CBLo3qODnu6Dl8GsxwXnUFdDg=\/390x240\/smart\/https:\/\/agenciabrasil.ebc.com.br\/sites\/default\/files\/thumbnails\/image\/2026\/01\/31\/pedro.jpg?itok=LHIn9a9Z\" alt=\"31\/01\/2026 - O piloto Pedro Arthur Turra Basso, que mandou um adolescente de 16 anos para a UTI ap\u00f3s uma briga envolvendo chicletes, foi preso pela Pol\u00edcia Civil do Distrito Federal. Foto: Reprodu\u00e7\u00e3o\/Instagram\" src=\"data:image\/gif;base64,R0lGODlhAQABAAAAACH5BAEKAAEALAAAAAABAAEAAAICTAEAOw==\" class=\"lazyload\" \/><\/div>\n<div class=\"titulo-noticia-relacionada\">Justi\u00e7a mant\u00e9m pris\u00e3o e diz que piloto n\u00e3o tem direito \u00e0 cela especial<\/div>\n<\/div>\n<\/div>\n<div class=\"footer-noticia\">\n<div class=\"editor rowflex\">\n<p>Edi\u00e7\u00e3o:<\/p>\n<div class=\"nome-editor\">Aline Leal<\/div>\n<\/div>\n<\/div>\n<\/div>\n<\/div>\n<\/div>\n<\/div>\n<\/div>\n<p>&nbsp;<\/p>\n","protected":false},"excerpt":{"rendered":"<p>Segundo o MPM, a decis\u00e3o do Supremo que\u00a0condenou Bolsonaro\u00a0e outros acusados pela tentativa de golpe de Estado demonstra a gravidade da conduta de militares que juraram respeitar a bandeira nacional.<\/p>\n","protected":false},"author":2,"featured_media":51524,"comment_status":"open","ping_status":"open","sticky":false,"template":"","format":"standard","meta":{"footnotes":""},"categories":[23,25,10,32,24,8,35,9,33,34,15,27],"tags":[],"class_list":["post-51523","post","type-post","status-publish","format-standard","has-post-thumbnail","hentry","category-educacao","category-interior","category-justica","category-ploitica","category-policia-2","category-policia","category-politica-politica","category-politica","category-politica-2","category-religiao-2","category-religiao","category-saude"],"_links":{"self":[{"href":"https:\/\/tudonominuto.com.br\/portal\/wp-json\/wp\/v2\/posts\/51523","targetHints":{"allow":["GET"]}}],"collection":[{"href":"https:\/\/tudonominuto.com.br\/portal\/wp-json\/wp\/v2\/posts"}],"about":[{"href":"https:\/\/tudonominuto.com.br\/portal\/wp-json\/wp\/v2\/types\/post"}],"author":[{"embeddable":true,"href":"https:\/\/tudonominuto.com.br\/portal\/wp-json\/wp\/v2\/users\/2"}],"replies":[{"embeddable":true,"href":"https:\/\/tudonominuto.com.br\/portal\/wp-json\/wp\/v2\/comments?post=51523"}],"version-history":[{"count":2,"href":"https:\/\/tudonominuto.com.br\/portal\/wp-json\/wp\/v2\/posts\/51523\/revisions"}],"predecessor-version":[{"id":51526,"href":"https:\/\/tudonominuto.com.br\/portal\/wp-json\/wp\/v2\/posts\/51523\/revisions\/51526"}],"wp:featuredmedia":[{"embeddable":true,"href":"https:\/\/tudonominuto.com.br\/portal\/wp-json\/wp\/v2\/media\/51524"}],"wp:attachment":[{"href":"https:\/\/tudonominuto.com.br\/portal\/wp-json\/wp\/v2\/media?parent=51523"}],"wp:term":[{"taxonomy":"category","embeddable":true,"href":"https:\/\/tudonominuto.com.br\/portal\/wp-json\/wp\/v2\/categories?post=51523"},{"taxonomy":"post_tag","embeddable":true,"href":"https:\/\/tudonominuto.com.br\/portal\/wp-json\/wp\/v2\/tags?post=51523"}],"curies":[{"name":"wp","href":"https:\/\/api.w.org\/{rel}","templated":true}]}}