{"id":51527,"date":"2026-02-04T19:37:50","date_gmt":"2026-02-04T22:37:50","guid":{"rendered":"https:\/\/tudonominuto.com.br\/portal\/?p=51527"},"modified":"2026-02-04T19:38:49","modified_gmt":"2026-02-04T22:38:49","slug":"stf-marca-julgamento-que-vai-definir-alcance-da-lei-de-anistia","status":"publish","type":"post","link":"https:\/\/tudonominuto.com.br\/portal\/2026\/02\/04\/stf-marca-julgamento-que-vai-definir-alcance-da-lei-de-anistia\/","title":{"rendered":"STF marca julgamento que vai definir alcance da Lei de Anistia"},"content":{"rendered":"<header id=\"header-site\" class=\"header-site full-width rel-position\">\n<div class=\"header-ebc full-width\">\n<div class=\"content-center rowflex rowflex-full\"><a class=\"logo-veiculo\" href=\"https:\/\/agenciabrasil.ebc.com.br\/\"><img decoding=\"async\" data-src=\"https:\/\/agenciabrasil.ebc.com.br\/sites\/default\/themes\/agenciabrasil_v3\/images\/agbrasil-color-logo.svg?t716kh\" alt=\"logo Ag\u00eancia Brasil\" width=\"268\" height=\"37\" src=\"data:image\/gif;base64,R0lGODlhAQABAAAAACH5BAEKAAEALAAAAAABAAEAAAICTAEAOw==\" class=\"lazyload\" style=\"--smush-placeholder-width: 268px; --smush-placeholder-aspect-ratio: 268\/37;\" \/><\/a><\/div>\n<\/div>\n<div class=\"header-veiculo full-width\">\n<div class=\"content-center rowflex rowflex-full rel-position\">\n<div class=\"container-btns-menu rowflex rowflex-full\">\n<div id=\"menu-btn-mob\" class=\"menu-btn\" title=\"Menu\">\n<div class=\"menu-btn__burger\"><img decoding=\"async\" id=\"media-166809\" title=\"Marcello Casal JrAg\u00eancia Brasil\" data-src=\"https:\/\/imagens.ebc.com.br\/KB0AUgaaJptr-NM9qXwTkD-cOis=\/1170x700\/smart\/https:\/\/agenciabrasil.ebc.com.br\/sites\/default\/files\/thumbnails\/image\/stf_1908200974.jpg?itok=R6EXBTBP\" alt=\"Fachada do edif\u00edcio sede do Supremo Tribunal Federal - STF\" src=\"data:image\/gif;base64,R0lGODlhAQABAAAAACH5BAEKAAEALAAAAAABAAEAAAICTAEAOw==\" class=\"lazyload\" \/>\u00a9 Marcello Casal JrAg\u00eancia Brasil<\/div>\n<\/div>\n<\/div>\n<\/div>\n<\/div>\n<\/header>\n<div class=\"region region-content\">\n<div id=\"block-system-main\" class=\"block block-system\">\n<div class=\"content\">\n<div id=\"panel\" class=\"container-noticia rel-position\">\n<div id=\"node-1677103\" class=\"node node-conteudo clearfix\">\n<div class=\"header-noticia full-width\">\n<p><a class=\"editoria\" href=\"https:\/\/agenciabrasil.ebc.com.br\/justica\"><strong>Justi\u00e7a<\/strong><\/a><\/p>\n<div class=\"linha-fina-noticia\"><strong>Caso ser\u00e1 julgado em plen\u00e1rio virtual da Corte<\/strong><\/div>\n<\/div>\n<div class=\"subheader\">\n<div class=\"container-autoria\">\n<div class=\"autor-noticia\">TNM\/Por Andr\u00e9 Richter &#8211; Rep\u00f3rter da Ag\u00eancia Brasil Bras\u00edlia<\/div>\n<\/div>\n<\/div>\n<div class=\"conteudo-noticia\">\n<p>O Supremo Tribunal Federal (STF) marcou para o dia 13 de fevereiro o in\u00edcio do julgamento que vai decidir se a Lei de Anistia pode ser aplicada em casos de oculta\u00e7\u00e3o de\u00a0cad\u00e1ver ocorridos durante a ditadura militar.\u00a0<strong>O caso ser\u00e1 julgado pelo plen\u00e1rio virtual da Corte.\u00a0<\/strong><img decoding=\"async\" data-src=\"https:\/\/agenciabrasil.ebc.com.br\/ebc.png?id=1677103&amp;o=node\" src=\"data:image\/gif;base64,R0lGODlhAQABAAAAACH5BAEKAAEALAAAAAABAAEAAAICTAEAOw==\" class=\"lazyload\" \/><img decoding=\"async\" data-src=\"https:\/\/agenciabrasil.ebc.com.br\/ebc.gif?id=1677103&amp;o=node\" src=\"data:image\/gif;base64,R0lGODlhAQABAAAAACH5BAEKAAEALAAAAAABAAEAAAICTAEAOw==\" class=\"lazyload\" \/><\/p>\n<p>A Corte vai decidir o alcance da lei, que anistiou os crimes cometidos entre 2 de setembro de 1961 e 15 de agosto de 1979.<\/p>\n<p><strong>Conforme entendimento da Corte Interamericana de\u00a0Direitos Humanos (CIDH), o desaparecimento for\u00e7ado deve ser tratado como crime permanente, ou seja, n\u00e3o prescreve.<\/strong><\/p>\n<p>Com base nesse entendimento, o STF vai decidir se Lei de Anistia, que extinguiu a punibilidade de crimes ocorridos antes de sua vig\u00eancia, pode ser aplicada para evitar a puni\u00e7\u00e3o de agentes do Estado que foram respons\u00e1veis por desaparecimentos for\u00e7ados no per\u00edodo de exce\u00e7\u00e3o.<\/p>\n<p><strong>O processo que motiva a discuss\u00e3o trata da den\u00fancia apresentada em 2015 pelo Minist\u00e9rio P\u00fablico Federal (MPF) contra os militares do Ex\u00e9rcito L\u00edcio Augusto Ribeiro Maciel e Sebasti\u00e3o Curi\u00f3 Rodrigues de\u00a0Moura (falecido) pelas acusa\u00e7\u00f5es de\u00a0oculta\u00e7\u00e3o de\u00a0cad\u00e1ver e homic\u00eddio cometidos na Guerrilha do Araguaia.\u00a0<\/strong><\/p>\n<p>Os ministros do STF\u00a0v\u00e3o julgar um recurso para derrubar a decis\u00e3o de\u00a0primeira inst\u00e2ncia que rejeitou a den\u00fancia do MPF contra os militares. A decis\u00e3o aplicou a decis\u00e3o do STF, tomada em 2010, que validou a aplica\u00e7\u00e3o da Lei\u00a0de\u00a0Anistia de forma ampla.<\/p>\n<div class=\"noticias-relacionadas rel-position rowflex\">\n<div class=\"title abs-position\">Relacionadas<\/div>\n<div class=\"capa-noticia-relacionada\"><img decoding=\"async\" data-src=\"https:\/\/imagens.ebc.com.br\/oKTTA-kajbB-H2-Dl1gXrreU4Q4=\/390x240\/smart\/https:\/\/agenciabrasil.ebc.com.br\/sites\/default\/files\/thumbnails\/image\/2026\/02\/03\/0d4a2863.jpg?itok=gHRh348R\" alt=\"Bras\u00edlia (DF), 03\/02\/2026 \u2013 A presidenta do Superior Tribunal Militar ministra Maria Elizabeth Rocha, fala sobre o rito que o tribunal ir\u00e1 fazer durante o julgamento da perda dos postos e patentes de Bolsonaro, Heleno, Braga Netto e outros condenados por trama golpista. Foto: Jo\u00e9dson Alves\/Ag\u00eancia Brasil\" src=\"data:image\/gif;base64,R0lGODlhAQABAAAAACH5BAEKAAEALAAAAAABAAEAAAICTAEAOw==\" class=\"lazyload\" \/><\/div>\n<div class=\"titulo-noticia-relacionada\">Bolsonaro fez descaso com preceitos \u00e9ticos dos militares, diz MPM<\/div>\n<div class=\"capa-noticia-relacionada\"><img decoding=\"async\" data-src=\"https:\/\/imagens.ebc.com.br\/bsAdQFfFRmKAPbxgBwe614b3eTo=\/390x240\/smart\/https:\/\/agenciabrasil.ebc.com.br\/sites\/default\/files\/thumbnails\/image\/2026\/02\/03\/0d4a3313.jpg?itok=N5n0aNlJ\" alt=\"Bras\u00edlia (DF), 03\/02\/2026 \u2013 Fachada do Superior Tribunal Miliatr (STM), hoje a presidenta do Superior Tribunal Militar ministra Maria Elizabeth Rocha, falou para jornalistas sobre o rito que o tribunal ir\u00e1 fazer durante o julgamento da perda dos postos e patentes de Bolsonaro, Heleno, Braga Netto e outros condenados por trama golpista. Foto: Jo\u00e9dson Alves\/Ag\u00eancia Brasil\" src=\"data:image\/gif;base64,R0lGODlhAQABAAAAACH5BAEKAAEALAAAAAABAAEAAAICTAEAOw==\" class=\"lazyload\" \/><\/div>\n<div class=\"titulo-noticia-relacionada\">Saiba os pr\u00f3ximos passos do pedido de perda de patente de Bolsonaro<\/div>\n<div class=\"capa-noticia-relacionada\"><img decoding=\"async\" data-src=\"https:\/\/imagens.ebc.com.br\/-9LnDnzq92FrhGEkzn897W3mNfA=\/390x240\/smart\/https:\/\/agenciabrasil.ebc.com.br\/sites\/default\/files\/thumbnails\/image\/2024\/11\/14\/54135368876_ffaf05fa2a_o.jpg?itok=RlFhHF9S\" alt=\"Bras\u00edlia (DF) 13\/11\/2024 - Foto tirada na sess\u00e3o da Primeira Turma do STF - 12\/11\/2024 Ministro Alexandre de Moraes durante a sess\u00e3o da Primeira Turma do STF. Foto: Gustavo Moreno\/STF\" src=\"data:image\/gif;base64,R0lGODlhAQABAAAAACH5BAEKAAEALAAAAAABAAEAAAICTAEAOw==\" class=\"lazyload\" \/><\/div>\n<div class=\"titulo-noticia-relacionada\">Moraes diz que juiz pode receber por palestra e ter a\u00e7\u00f5es de empresas<\/div>\n<\/div>\n<\/div>\n<div class=\"footer-noticia\">\n<div class=\"editor rowflex\">\n<p>Edi\u00e7\u00e3o:<\/p>\n<div class=\"nome-editor\">Maria Claudia<\/div>\n<\/div>\n<\/div>\n<\/div>\n<\/div>\n<\/div>\n<\/div>\n<\/div>\n<p>&nbsp;<\/p>\n","protected":false},"excerpt":{"rendered":"<p>O processo que motiva a discuss\u00e3o trata da den\u00fancia apresentada em 2015 pelo Minist\u00e9rio P\u00fablico Federal (MPF) contra os militares do Ex\u00e9rcito L\u00edcio Augusto Ribeiro Maciel e Sebasti\u00e3o Curi\u00f3 Rodrigues de\u00a0Moura (falecido) pelas acusa\u00e7\u00f5es de\u00a0oculta\u00e7\u00e3o de\u00a0cad\u00e1ver e homic\u00eddio cometidos na Guerrilha do Araguaia.\u00a0<\/p>\n","protected":false},"author":2,"featured_media":51530,"comment_status":"open","ping_status":"open","sticky":false,"template":"","format":"standard","meta":{"footnotes":""},"categories":[36,13,20,23,25,10,24,8],"tags":[],"class_list":["post-51527","post","type-post","status-publish","format-standard","has-post-thumbnail","hentry","category-brasil-2","category-brasil","category-cultura","category-educacao","category-interior","category-justica","category-policia-2","category-policia"],"_links":{"self":[{"href":"https:\/\/tudonominuto.com.br\/portal\/wp-json\/wp\/v2\/posts\/51527","targetHints":{"allow":["GET"]}}],"collection":[{"href":"https:\/\/tudonominuto.com.br\/portal\/wp-json\/wp\/v2\/posts"}],"about":[{"href":"https:\/\/tudonominuto.com.br\/portal\/wp-json\/wp\/v2\/types\/post"}],"author":[{"embeddable":true,"href":"https:\/\/tudonominuto.com.br\/portal\/wp-json\/wp\/v2\/users\/2"}],"replies":[{"embeddable":true,"href":"https:\/\/tudonominuto.com.br\/portal\/wp-json\/wp\/v2\/comments?post=51527"}],"version-history":[{"count":2,"href":"https:\/\/tudonominuto.com.br\/portal\/wp-json\/wp\/v2\/posts\/51527\/revisions"}],"predecessor-version":[{"id":51532,"href":"https:\/\/tudonominuto.com.br\/portal\/wp-json\/wp\/v2\/posts\/51527\/revisions\/51532"}],"wp:featuredmedia":[{"embeddable":true,"href":"https:\/\/tudonominuto.com.br\/portal\/wp-json\/wp\/v2\/media\/51530"}],"wp:attachment":[{"href":"https:\/\/tudonominuto.com.br\/portal\/wp-json\/wp\/v2\/media?parent=51527"}],"wp:term":[{"taxonomy":"category","embeddable":true,"href":"https:\/\/tudonominuto.com.br\/portal\/wp-json\/wp\/v2\/categories?post=51527"},{"taxonomy":"post_tag","embeddable":true,"href":"https:\/\/tudonominuto.com.br\/portal\/wp-json\/wp\/v2\/tags?post=51527"}],"curies":[{"name":"wp","href":"https:\/\/api.w.org\/{rel}","templated":true}]}}