{"id":51544,"date":"2026-02-04T20:16:20","date_gmt":"2026-02-04T23:16:20","guid":{"rendered":"https:\/\/tudonominuto.com.br\/portal\/?p=51544"},"modified":"2026-02-04T20:20:33","modified_gmt":"2026-02-04T23:20:33","slug":"secom-lanca-nesta-sexta-feira-projeto-plural-de-comunicacao-comunitaria","status":"publish","type":"post","link":"https:\/\/tudonominuto.com.br\/portal\/2026\/02\/04\/secom-lanca-nesta-sexta-feira-projeto-plural-de-comunicacao-comunitaria\/","title":{"rendered":"Secom lan\u00e7a, nesta sexta-feira, Projeto Plural de Comunica\u00e7\u00e3o Comunit\u00e1ria"},"content":{"rendered":"<div class=\"col-md-12 mb-20 text-black font-14\">\n<p><i class=\"fa fa-calendar\"><\/i><strong>\u00a0| <span class=\"label label-info label-rounded ml-5\">Inclus\u00e3o Social <\/span><span class=\"label label-info label-rounded ml-5\">Comunica\u00e7\u00e3o<\/span><\/strong><\/p>\n<h2 class=\"text-black font-14 font-weight-700 mt-0 pt-0 pb-0 mb-0\"><img decoding=\"async\" data-src=\"https:\/\/alagoas.al.gov.br\/imagens\/conteudos\/secom-lanca-nesta-sexta-feira-projeto-plural-de-comunicacao-comunitaria.jpeg\" src=\"data:image\/gif;base64,R0lGODlhAQABAAAAACH5BAEKAAEALAAAAAABAAEAAAICTAEAOw==\" class=\"lazyload\" \/><\/h2>\n<div class=\"col-md-7 m-0 p-0\">\n<p class=\"font-12\">Wendel Palhares defende o processo inclusivo da Comunica\u00e7\u00e3o como bem social<\/p>\n<\/div>\n<div class=\"col-md-5 m-0 p-0 text-right\">\n<p class=\"font-12\"><i class=\"fa fa-camera\"><\/i>\u00a0Thiago Sampaio \/ Ag\u00eancia Alagoas<\/p>\n<\/div>\n<h2 class=\"text-black font-18 mt-0 pt-0\">Iniciativa democratiza a informa\u00e7\u00e3o e o acesso digital em Alagoas<\/h2>\n<hr \/>\n<\/div>\n<div class=\"col-md-8 font-18\">\n<p><strong>TNM\/Por Rose Ferreira \/ Ag\u00eancia Alagoas<\/strong><br \/>\nO Governo de Alagoas lan\u00e7a nesta sexta-feira (6) o Projeto Plural. Coordenado pela Secretaria de Estado da Comunica\u00e7\u00e3o de Alagoas (Secom), o programa vai apoiar comunicadores locais, incentivando uma comunica\u00e7\u00e3o independente e respons\u00e1vel voltada para os interesses de quem vive em cada local.<\/p>\n<p>A solenidade de lan\u00e7amento acontecer\u00e1 no Laborat\u00f3rio do OxeTech, no Centro de Inova\u00e7\u00e3o do Jaragu\u00e1, \u00e0s 8h.<\/p>\n<p>Incubadoras espalhadas por todo o estado ir\u00e3o democratizar o acesso \u00e0 infraestrutura de comunica\u00e7\u00e3o, oferecendo espa\u00e7os f\u00edsicos equipados para produ\u00e7\u00e3o de conte\u00fado (computadores, internet, est\u00fadios de r\u00e1dio e podcast) a comunicadores que n\u00e3o disp\u00f5em desses recursos.<\/p>\n<p>O objetivo \u00e9 que, comunidades que hoje n\u00e3o se veem representadas pelos meios de comunica\u00e7\u00e3o de maior visibilidade, sejam alcan\u00e7adas com informa\u00e7\u00f5es \u00fateis, relevantes, \u00edntegras e de interesse local.<\/p>\n<p>A primeira Incubadora Plural ser\u00e1 em Macei\u00f3, no Centro de Inova\u00e7\u00e3o, e funcionar\u00e1 aos s\u00e1bados, das 9h \u00e0s 17h, nos laborat\u00f3rios do OxeTech. Na sequ\u00eancia, o projeto de cidadania digital ser\u00e1 expandido para outros munic\u00edpios, como Batalha, Arapiraca, Murici, P\u00e3o de A\u00e7\u00facar, Coruripe, Maragogi, Delmiro Gouveia e Santana do Ipanema.<\/p>\n<p>\u201cQueremos promover o direito constitucional \u00e0 informa\u00e7\u00e3o, atrav\u00e9s do reconhecimento e valoriza\u00e7\u00e3o da comunica\u00e7\u00e3o comunit\u00e1ria em seu sentido amplo, para al\u00e9m do jornalismo tradicional, incluindo iniciativas culturais, econ\u00f4micas, identit\u00e1rias e territoriais\u201d, explica Wendel Palhares, Secret\u00e1rio de Estado da Comunica\u00e7\u00e3o.<\/p>\n<p>O Projeto Plural \u00e9 desenvolvido em parceria com o Governo Federal (Secom da Presid\u00eancia) e a Secretaria de Estado da Ci\u00eancia, da Tecnologia e da Inova\u00e7\u00e3o (Secti).<\/p>\n<p>As informa\u00e7\u00f5es sobre crit\u00e9rios de participa\u00e7\u00e3o e utiliza\u00e7\u00e3o da infraestrutura ser\u00e3o divulgadas durante o lan\u00e7amento oficial.<\/p>\n<p><b>O que<\/b>: Lan\u00e7amento Incubadora Plural<\/p>\n<p><b>Quando<\/b>: 06 de fevereiro, \u00e0s 8h<\/p>\n<p><b>Onde<\/b>: Laborat\u00f3rio do OxeTech, n<\/p>\n<\/div>\n","protected":false},"excerpt":{"rendered":"<p>Iniciativa democratiza a informa\u00e7\u00e3o e o acesso digital em Alagoas<\/p>\n","protected":false},"author":2,"featured_media":51548,"comment_status":"open","ping_status":"open","sticky":false,"template":"","format":"standard","meta":{"footnotes":""},"categories":[20,21,12,23,25,10,8,24,34,15,27,28],"tags":[],"class_list":["post-51544","post","type-post","status-publish","format-standard","has-post-thumbnail","hentry","category-cultura","category-destaque","category-economia","category-educacao","category-interior","category-justica","category-policia","category-policia-2","category-religiao-2","category-religiao","category-saude","category-turismo"],"_links":{"self":[{"href":"https:\/\/tudonominuto.com.br\/portal\/wp-json\/wp\/v2\/posts\/51544","targetHints":{"allow":["GET"]}}],"collection":[{"href":"https:\/\/tudonominuto.com.br\/portal\/wp-json\/wp\/v2\/posts"}],"about":[{"href":"https:\/\/tudonominuto.com.br\/portal\/wp-json\/wp\/v2\/types\/post"}],"author":[{"embeddable":true,"href":"https:\/\/tudonominuto.com.br\/portal\/wp-json\/wp\/v2\/users\/2"}],"replies":[{"embeddable":true,"href":"https:\/\/tudonominuto.com.br\/portal\/wp-json\/wp\/v2\/comments?post=51544"}],"version-history":[{"count":3,"href":"https:\/\/tudonominuto.com.br\/portal\/wp-json\/wp\/v2\/posts\/51544\/revisions"}],"predecessor-version":[{"id":51547,"href":"https:\/\/tudonominuto.com.br\/portal\/wp-json\/wp\/v2\/posts\/51544\/revisions\/51547"}],"wp:featuredmedia":[{"embeddable":true,"href":"https:\/\/tudonominuto.com.br\/portal\/wp-json\/wp\/v2\/media\/51548"}],"wp:attachment":[{"href":"https:\/\/tudonominuto.com.br\/portal\/wp-json\/wp\/v2\/media?parent=51544"}],"wp:term":[{"taxonomy":"category","embeddable":true,"href":"https:\/\/tudonominuto.com.br\/portal\/wp-json\/wp\/v2\/categories?post=51544"},{"taxonomy":"post_tag","embeddable":true,"href":"https:\/\/tudonominuto.com.br\/portal\/wp-json\/wp\/v2\/tags?post=51544"}],"curies":[{"name":"wp","href":"https:\/\/api.w.org\/{rel}","templated":true}]}}