{"id":51758,"date":"2026-02-13T19:24:17","date_gmt":"2026-02-13T22:24:17","guid":{"rendered":"https:\/\/tudonominuto.com.br\/portal\/?p=51758"},"modified":"2026-02-13T19:24:17","modified_gmt":"2026-02-13T22:24:17","slug":"nomeado-relator-do-caso-master-mendonca-se-reune-com-delegados-da-pf","status":"publish","type":"post","link":"https:\/\/tudonominuto.com.br\/portal\/2026\/02\/13\/nomeado-relator-do-caso-master-mendonca-se-reune-com-delegados-da-pf\/","title":{"rendered":"Nomeado relator do caso Master, Mendon\u00e7a se re\u00fane com delegados da PF"},"content":{"rendered":"<header id=\"header-site\" class=\"header-site full-width rel-position\">\n<div class=\"header-ebc full-width\">\n<div class=\"content-center rowflex rowflex-full\"><a class=\"logo-veiculo\" href=\"https:\/\/agenciabrasil.ebc.com.br\/\"><img decoding=\"async\" data-src=\"https:\/\/agenciabrasil.ebc.com.br\/sites\/default\/themes\/agenciabrasil_v3\/images\/agbrasil-color-logo.svg?t716kh\" alt=\"logo Ag\u00eancia Brasil\" width=\"268\" height=\"37\" src=\"data:image\/gif;base64,R0lGODlhAQABAAAAACH5BAEKAAEALAAAAAABAAEAAAICTAEAOw==\" class=\"lazyload\" style=\"--smush-placeholder-width: 268px; --smush-placeholder-aspect-ratio: 268\/37;\" \/><\/a><\/div>\n<div><img decoding=\"async\" id=\"media-329671\" title=\"Carlos Moura\/SCO\/STF\" data-src=\"https:\/\/imagens.ebc.com.br\/R3phOukarIuzb0m4FLz_IY3B-Nw=\/1170x700\/smart\/https:\/\/agenciabrasil.ebc.com.br\/sites\/default\/files\/thumbnails\/image\/52733072438_a841b60b4d_o.jpg?itok=HrvZjjG7\" alt=\"29\/05\/2023 - Bras\u00edlia - Sess\u00e3o da Segunda Turma do STF. 07\/03\/2023 Ministro Andr\u00e9 Mendon\u00e7a preside a sess\u00e3o da Segunda Turma do STF. Local: Sala de sess\u00f5es da Segunda Turma. Foto: Carlos Moura\/SCO\/STF\" src=\"data:image\/gif;base64,R0lGODlhAQABAAAAACH5BAEKAAEALAAAAAABAAEAAAICTAEAOw==\" class=\"lazyload\" \/>\u00a9 Carlos Moura\/SCO\/STF<\/div>\n<\/div>\n<\/header>\n<p><main class=\"main-site\"><\/p>\n<div class=\"region region-content\">\n<div id=\"block-system-main\" class=\"block block-system\">\n<div class=\"content\">\n<div id=\"panel\" class=\"container-noticia rel-position\">\n<div id=\"node-1678154\" class=\"node node-conteudo clearfix\">\n<div class=\"header-noticia full-width\"><strong><a class=\"editoria\" href=\"https:\/\/agenciabrasil.ebc.com.br\/justica\">Justi\u00e7a<\/a><\/strong><\/p>\n<div class=\"linha-fina-noticia\"><strong>Ministro passou a liderar o processo ap\u00f3s sa\u00edda de Dias Toffoli<\/strong><\/div>\n<\/div>\n<div class=\"subheader\">\n<div class=\"container-autoria\">\n<div class=\"autor-noticia\">TNM\/Por Andr\u00e9 Richter &#8211; Rep\u00f3rter da Ag\u00eancia Brasil Bras\u00edlia<\/div>\n<\/div>\n<\/div>\n<div class=\"conteudo-noticia\">\n<p><strong>O ministro Andr\u00e9 Mendon\u00e7a, do Supremo Tribunal Federal (STF), marcou uma reuni\u00e3o, na tarde desta sexta-feira (13), com delegados da Pol\u00edcia Federal (PF) que est\u00e3o \u00e0 frente das investiga\u00e7\u00f5es envolvendo o Banco Master.<\/strong><img decoding=\"async\" data-src=\"https:\/\/agenciabrasil.ebc.com.br\/ebc.png?id=1678154&amp;o=node\" src=\"data:image\/gif;base64,R0lGODlhAQABAAAAACH5BAEKAAEALAAAAAABAAEAAAICTAEAOw==\" class=\"lazyload\" \/><img decoding=\"async\" data-src=\"https:\/\/agenciabrasil.ebc.com.br\/ebc.gif?id=1678154&amp;o=node\" src=\"data:image\/gif;base64,R0lGODlhAQABAAAAACH5BAEKAAEALAAAAAABAAEAAAICTAEAOw==\" class=\"lazyload\" \/><\/p>\n<p>Mendon\u00e7a pretende tomar conhecimento sobre o andamento das investiga\u00e7\u00f5es ap\u00f3s se tornar relator do inqu\u00e9rito que apura as fraudes no banco, que foi liquidado pelo Banco Central.<\/p>\n<p>A escolha de\u00a0<a href=\"https:\/\/agenciabrasil.ebc.com.br\/justica\/noticia\/2026-02\/andre-mendonca-e-o-novo-relator-do-inquerito-do-master\" target=\"_blank\" rel=\"noopener\">Andr\u00e9 Mendon\u00e7a para comandar as investiga\u00e7\u00f5es<\/a>\u00a0foi feita nesta quinta-feira (12) ap\u00f3s\u00a0<a href=\"https:\/\/agenciabrasil.ebc.com.br\/justica\/noticia\/2026-02\/toffoli-deixa-relatoria-de-investigacao-sobre-o-banco-master\" target=\"_blank\" rel=\"noopener\">Dias Toffoli pedir para deixar a relatoria<\/a>\u00a0do caso.<\/p>\n<p>A decis\u00e3o foi tomada durante reuni\u00e3o na qual os ministros da Corte foram informados de que h\u00e1 men\u00e7\u00f5es a Toffoli em mensagens encontradas no celular do banqueiro Daniel Vorcaro, dono do Master, que teve o aparelho apreendido durante busca e apreens\u00e3o.<\/p>\n<p><strong>Ao pedir para deixar o caso, Toffoli n\u00e3o foi considerado suspeito para relatar o processo, e as decis\u00f5es j\u00e1 tomadas foram preservadas.\u00a0<\/strong><\/p>\n<p>A partir de agora, os pr\u00f3ximos passos da investiga\u00e7\u00e3o ser\u00e3o comandados por Mendon\u00e7a,\u00a0tamb\u00e9m relator do inqu\u00e9rito que trata dos descontos indevidos de mensalidades associativas nos benef\u00edcios de aposentados e pensionistas do\u00a0Instituto Nacional do\u00a0Seguro Social (INSS).<\/p>\n<div class=\"noticias-relacionadas rel-position rowflex\">\n<div class=\"title abs-position\"><strong>Relacionadas<\/strong><\/div>\n<div class=\"capa-noticia-relacionada\"><img decoding=\"async\" data-src=\"https:\/\/imagens.ebc.com.br\/5qU_DBOw_1ls3Ay1EeigMkm_iYk=\/390x240\/smart\/https:\/\/agenciabrasil.ebc.com.br\/sites\/default\/files\/thumbnails\/image\/52441529977_f3565b5d7d_o.jpg?itok=9JBflprM\" alt=\"29\/05\/2023 - Bras\u00edlia - Sess\u00e3o extraordin\u00e1ria do STF. 20\/10\/2022 Ministro Andr\u00e9 Mendon\u00e7a participa da sess\u00e3o extraordin\u00e1ria do STF. Foto: Carlos Moura\/SCO\/STF\" src=\"data:image\/gif;base64,R0lGODlhAQABAAAAACH5BAEKAAEALAAAAAABAAEAAAICTAEAOw==\" class=\"lazyload\" \/><\/div>\n<div class=\"titulo-noticia-relacionada\">Andr\u00e9 Mendon\u00e7a assume relatoria do caso Master ap\u00f3s sa\u00edda de Toffoli<\/div>\n<div class=\"capa-noticia-relacionada\"><img decoding=\"async\" data-src=\"https:\/\/imagens.ebc.com.br\/ElP16g8QEQX48e43C8gXqDcVLv4=\/390x240\/smart\/https:\/\/agenciabrasil.ebc.com.br\/sites\/default\/files\/thumbnails\/image\/mcmgo_abr_110220193064df.jpg?itok=uIVhiTkM\" alt=\"Primeiro dia de aulas no CED 01 da Estrutural, uma das escolas p\u00fablicas do DF onde foi implementado o modelo c\u00edvico-militar. \" src=\"data:image\/gif;base64,R0lGODlhAQABAAAAACH5BAEKAAEALAAAAAABAAEAAAICTAEAOw==\" class=\"lazyload\" \/><\/div>\n<div class=\"titulo-noticia-relacionada\">Justi\u00e7a suspende regras de escolas c\u00edvico-militares em SP<\/div>\n<div class=\"capa-noticia-relacionada\"><img decoding=\"async\" data-src=\"https:\/\/imagens.ebc.com.br\/R2qYLQHsOThBh694S9ziGa0w13Q=\/390x240\/smart\/https:\/\/agenciabrasil.ebc.com.br\/sites\/default\/files\/thumbnails\/image\/51612134479_a28d130d74_o_0.jpg?itok=iNE4CDZf\" alt=\"Bras\u00edlia (DF) \u2013 Ministro do Supremo Tribunal Federal-STF,  Dias Toffoli. Foto: ASCOM\/STF\" src=\"data:image\/gif;base64,R0lGODlhAQABAAAAACH5BAEKAAEALAAAAAABAAEAAAICTAEAOw==\" class=\"lazyload\" \/><\/div>\n<div class=\"titulo-noticia-relacionada\">Toffoli deixa relatoria de investiga\u00e7\u00e3o sobre o Banco Master<\/div>\n<\/div>\n<\/div>\n<div class=\"footer-noticia\">\n<div class=\"editor rowflex\">Edi\u00e7\u00e3o:<\/p>\n<div class=\"nome-editor\">Aline Leal<\/div>\n<\/div>\n<\/div>\n<\/div>\n<\/div>\n<\/div>\n<\/div>\n<\/div>\n<p><\/main><\/p>\n","protected":false},"excerpt":{"rendered":"<p>O ministro Andr\u00e9 Mendon\u00e7a, do Supremo Tribunal Federal (STF), marcou uma reuni\u00e3o, na tarde desta sexta-feira (13), com delegados da Pol\u00edcia Federal (PF) que est\u00e3o \u00e0 frente das investiga\u00e7\u00f5es envolvendo o Banco Master.<\/p>\n","protected":false},"author":2,"featured_media":51759,"comment_status":"open","ping_status":"open","sticky":false,"template":"","format":"standard","meta":{"footnotes":""},"categories":[20,12,23,25,10,8,24,15,34,27],"tags":[],"class_list":["post-51758","post","type-post","status-publish","format-standard","has-post-thumbnail","hentry","category-cultura","category-economia","category-educacao","category-interior","category-justica","category-policia","category-policia-2","category-religiao","category-religiao-2","category-saude"],"_links":{"self":[{"href":"https:\/\/tudonominuto.com.br\/portal\/wp-json\/wp\/v2\/posts\/51758","targetHints":{"allow":["GET"]}}],"collection":[{"href":"https:\/\/tudonominuto.com.br\/portal\/wp-json\/wp\/v2\/posts"}],"about":[{"href":"https:\/\/tudonominuto.com.br\/portal\/wp-json\/wp\/v2\/types\/post"}],"author":[{"embeddable":true,"href":"https:\/\/tudonominuto.com.br\/portal\/wp-json\/wp\/v2\/users\/2"}],"replies":[{"embeddable":true,"href":"https:\/\/tudonominuto.com.br\/portal\/wp-json\/wp\/v2\/comments?post=51758"}],"version-history":[{"count":1,"href":"https:\/\/tudonominuto.com.br\/portal\/wp-json\/wp\/v2\/posts\/51758\/revisions"}],"predecessor-version":[{"id":51760,"href":"https:\/\/tudonominuto.com.br\/portal\/wp-json\/wp\/v2\/posts\/51758\/revisions\/51760"}],"wp:featuredmedia":[{"embeddable":true,"href":"https:\/\/tudonominuto.com.br\/portal\/wp-json\/wp\/v2\/media\/51759"}],"wp:attachment":[{"href":"https:\/\/tudonominuto.com.br\/portal\/wp-json\/wp\/v2\/media?parent=51758"}],"wp:term":[{"taxonomy":"category","embeddable":true,"href":"https:\/\/tudonominuto.com.br\/portal\/wp-json\/wp\/v2\/categories?post=51758"},{"taxonomy":"post_tag","embeddable":true,"href":"https:\/\/tudonominuto.com.br\/portal\/wp-json\/wp\/v2\/tags?post=51758"}],"curies":[{"name":"wp","href":"https:\/\/api.w.org\/{rel}","templated":true}]}}