{"id":52361,"date":"2026-03-04T20:17:50","date_gmt":"2026-03-04T23:17:50","guid":{"rendered":"https:\/\/tudonominuto.com.br\/portal\/?p=52361"},"modified":"2026-03-04T20:41:43","modified_gmt":"2026-03-04T23:41:43","slug":"justica-mantem-prisao-de-vorcaro-e-cunhado-em-audiencia-de-custodia","status":"publish","type":"post","link":"https:\/\/tudonominuto.com.br\/portal\/2026\/03\/04\/justica-mantem-prisao-de-vorcaro-e-cunhado-em-audiencia-de-custodia\/","title":{"rendered":"Justi\u00e7a mant\u00e9m pris\u00e3o de Vorcaro e cunhado em audi\u00eancia de cust\u00f3dia"},"content":{"rendered":"<header id=\"header-site\" class=\"header-site full-width rel-position\">\n<div class=\"header-ebc full-width\">\n<div class=\"content-center rowflex rowflex-full\"><a class=\"logo-veiculo\" href=\"https:\/\/agenciabrasil.ebc.com.br\/\"><img decoding=\"async\" data-src=\"https:\/\/agenciabrasil.ebc.com.br\/sites\/default\/themes\/agenciabrasil_v3\/images\/agbrasil-color-logo.svg?tb0ok8\" alt=\"logo Ag\u00eancia Brasil\" width=\"268\" height=\"37\" src=\"data:image\/gif;base64,R0lGODlhAQABAAAAACH5BAEKAAEALAAAAAABAAEAAAICTAEAOw==\" class=\"lazyload\" style=\"--smush-placeholder-width: 268px; --smush-placeholder-aspect-ratio: 268\/37;\" \/><\/a><\/div>\n<\/div>\n<div class=\"header-veiculo full-width\">\n<div class=\"content-center rowflex rowflex-full rel-position\">\n<div class=\"container-btns-menu rowflex rowflex-full\">\n<div id=\"menu-btn-mob\" class=\"menu-btn\" title=\"Menu\">\n<div class=\"menu-btn__burger\"><img decoding=\"async\" id=\"media-455001\" title=\"Esfera Brasil\/Divulga\u00e7\u00e3o\" data-src=\"https:\/\/imagens.ebc.com.br\/cCMF8lZUvjj_yrO6MJBsSfTjXaE=\/1170x700\/smart\/https:\/\/agenciabrasil.ebc.com.br\/sites\/default\/files\/thumbnails\/image\/2026\/03\/04\/daniel-vorcaro.jpg?itok=atOMypj_\" alt=\"Bras\u00edlia (DF), 04\/03\/2026 - FOTO DE ARQUIVO - Ex-banqueiro Daniel Vorcaro, CEO do Banco Master. Foto: Esfera Brasil\/Divulga\u00e7\u00e3o\" src=\"data:image\/gif;base64,R0lGODlhAQABAAAAACH5BAEKAAEALAAAAAABAAEAAAICTAEAOw==\" class=\"lazyload\" \/>\u00a9 Esfera Brasil\/Divulga\u00e7\u00e3o<\/div>\n<\/div>\n<\/div>\n<\/div>\n<\/div>\n<\/header>\n<div class=\"region region-content\">\n<div id=\"block-system-main\" class=\"block block-system\">\n<div class=\"content\">\n<div id=\"panel\" class=\"container-noticia rel-position\">\n<div id=\"node-1680655\" class=\"node node-conteudo clearfix\">\n<div class=\"header-noticia full-width\">\n<p><strong><a class=\"editoria\" href=\"https:\/\/agenciabrasil.ebc.com.br\/justica\">Justi\u00e7a<\/a><\/strong><\/p>\n<div class=\"linha-fina-noticia\"><strong>Banqueiro foi transferido para pris\u00e3o estadual em Guarulhos<\/strong><\/div>\n<\/div>\n<div class=\"subheader\">\n<div class=\"container-autoria\">\n<div class=\"autor-noticia\">TNM\/Por Elaine Patricia Cruz \u2013 Rep\u00f3rter da Ag\u00eancia Brasil S\u00e3o Paulo<\/div>\n<\/div>\n<\/div>\n<div class=\"conteudo-noticia\">\n<p>A Justi\u00e7a Federal em S\u00e3o Paulo manteve nesta quarta-feira (4) a pris\u00e3o do banqueiro e empres\u00e1rio Daniel Vorcaro, dono do Banco Master, e determinou que ele seja encaminhado diretamente ao sistema prisional estadual.<img decoding=\"async\" data-src=\"https:\/\/agenciabrasil.ebc.com.br\/ebc.png?id=1680655&amp;o=node\" src=\"data:image\/gif;base64,R0lGODlhAQABAAAAACH5BAEKAAEALAAAAAABAAEAAAICTAEAOw==\" class=\"lazyload\" \/><img decoding=\"async\" data-src=\"https:\/\/agenciabrasil.ebc.com.br\/ebc.gif?id=1680655&amp;o=node\" src=\"data:image\/gif;base64,R0lGODlhAQABAAAAACH5BAEKAAEALAAAAAABAAEAAAICTAEAOw==\" class=\"lazyload\" \/><\/p>\n<p><a href=\"https:\/\/agenciabrasil.ebc.com.br\/justica\/noticia\/2026-03\/pf-deflagra-terceira-fase-da-operacao-compliance-zero\" target=\"_blank\" rel=\"noopener\">Depois de ter sido preso pela manh\u00e3 e encaminhado \u00e0 sede da superintend\u00eancia da Pol\u00edcia Federal em S\u00e3o Paulo, na capital paulista<\/a>, Vorcaro e seu cunhado, Fabiano Zettel, passaram por uma audi\u00eancia de cust\u00f3dia na Justi\u00e7a Federal.<\/p>\n<p>Eles deixaram a Superintend\u00eancia\u00a0da Pol\u00edcia Federal em uma viatura descaracterizada, por volta das 14h, e foram encaminhados \u00e0\u00a0Justi\u00e7a Federal, onde o juiz avaliou a legalidade e a necessidade da pris\u00e3o.<\/p>\n<p>O magistrado tamb\u00e9m verificou, como \u00e9 o costume em uma audi\u00eancia de cust\u00f3dia, se houve sinais de tortura e maus-tratos.<\/p>\n<p>Nessa audi\u00eancia, que terminou por volta das 16h, o juiz manteve a pris\u00e3o de ambos, e\u00a0<strong>eles foram encaminhados para o Centro de Deten\u00e7\u00e3o Provis\u00f3ria (CDP) 2 de Guarulhos, na Regi\u00e3o Metropolitana de S\u00e3o Paulo.<\/strong><\/p>\n<p><a href=\"https:\/\/agenciabrasil.ebc.com.br\/justica\/noticia\/2026-03\/mendonca-autoriza-transferencia-de-vorcaro-para-presidio-em-sao-paulo\" target=\"_blank\" rel=\"noopener\">A transfer\u00eancia\u00a0de Vorcaro para um pres\u00eddio estadual foi uma decis\u00e3o do Supremo Tribunal Federal (STF), atendendo a pedido da PF.<\/a><\/p>\n<p>De acordo com a corpora\u00e7\u00e3o, as instala\u00e7\u00f5es de sua superintend\u00eancia na capital paulista, onde ele estava detido, n\u00e3o tinham estrutura para manter presos preventivamente e servem apenas como unidade de tr\u00e2nsito de detentos.<\/p>\n<h2>Opera\u00e7\u00e3o Compliance Zero<\/h2>\n<p>As pris\u00f5es de Vorcaro e de seu cunhado foram cumpridas na\u00a0<a href=\"http:\/\/agenciabrasil.ebc.com.br\/justica\/noticia\/2026-03\/pf-deflagra-terceira-fase-da-operacao-compliance-zero\" target=\"_blank\" rel=\"noopener\">terceira fase da Opera\u00e7\u00e3o Compliance Zero<\/a>, que apura suspeitas de amea\u00e7a, corrup\u00e7\u00e3o, lavagem de dinheiro e invas\u00e3o de dispositivos inform\u00e1ticos, al\u00e9m de um esquema bilion\u00e1rio de fraudes financeiras envolvendo a venda de t\u00edtulos de cr\u00e9dito falsos.<\/p>\n<p>A opera\u00e7\u00e3o apura fraudes bilion\u00e1rias no Banco Master, que causaram um rombo de at\u00e9 R$ 47 bilh\u00f5es ao Fundo Garantidor de Cr\u00e9ditos para o ressarcimento a\u00a0investidores.\u00a0<a href=\"https:\/\/agenciabrasil.ebc.com.br\/justica\/noticia\/2025-11\/daniel-vorcaro-dono-do-banco-master-e-preso-pela-pf-em-guarulhos\" target=\"_blank\" rel=\"noopener\">No ano passado, o empres\u00e1rio tamb\u00e9m foi alvo de um mandado de pris\u00e3o<\/a>, mas ganhou direito \u00e0 liberdade provis\u00f3ria, mediante uso de tornozeleira eletr\u00f4nica.<\/p>\n<p>A nova pris\u00e3o foi fundamentada em mensagens encontradas no celular do banqueiro, apreendido na primeira fase da opera\u00e7\u00e3o.\u00a0<a href=\"https:\/\/agenciabrasil.ebc.com.br\/justica\/noticia\/2026-03\/vorcaro-mantinha-estrutura-de-intimidacao-de-pessoas-cita-ministro\" target=\"_blank\" rel=\"noopener\">Nas mensagens, Vorcaro amea\u00e7a jornalistas e pessoas que teriam contrariado seus interesses<\/a>.<\/p>\n<h2>Defesa<\/h2>\n<p>Em nota \u00e0 imprensa, a defesa de Daniel Vorcaro disse que o empres\u00e1rio sempre esteve \u00e0 disposi\u00e7\u00e3o das autoridades e colaborou com as investiga\u00e7\u00f5es. Os advogados tamb\u00e9m negaram as acusa\u00e7\u00f5es de intimida\u00e7\u00e3o atribu\u00eddas pela PF ao banqueiro.<\/p>\n<p>&#8220;A defesa nega categoricamente as alega\u00e7\u00f5es atribu\u00eddas a Vorcaro e confia que o esclarecimento completo dos fatos demonstrar\u00e1 a regularidade de sua conduta. Reitera sua confian\u00e7a no devido processo legal e no regular funcionamento das institui\u00e7\u00f5es&#8221;, disseram os advogados.<\/p>\n<p>A defesa de Zettel tamb\u00e9m informou que seu cliente j\u00e1 se apresentou \u00e0 Pol\u00edcia Federal e est\u00e1 inteiramente \u00e0 disposi\u00e7\u00e3o das autoridades.<\/p>\n<div class=\"noticias-relacionadas rel-position rowflex\">\n<div class=\"title abs-position\"><strong>Relacionadas<\/strong><\/div>\n<div class=\"capa-noticia-relacionada\"><img decoding=\"async\" data-src=\"https:\/\/imagens.ebc.com.br\/pvFOwmVdY2QoQ3Oi35KUc3KC9OI=\/390x240\/smart\/https:\/\/agenciabrasil.ebc.com.br\/sites\/default\/files\/thumbnails\/image\/2026\/03\/04\/captura_de_tela_2026-03-04_172423_copy.jpg?itok=qdPdhZdm\" alt=\"04\/03\/2026 - A Pol\u00edcia Federal lamenta informar que Luiz Phillipi Machado de Moraes Mour\u00e3o, um dos presos na Opera\u00e7\u00e3o Compliance Zero, deflagrada nesta quarta-feira (4\/3), atentou contra a pr\u00f3pria vida, enquanto se encontrava sob cust\u00f3dia da institui\u00e7\u00e3o na Superintend\u00eancia Regional da Pol\u00edcia Federal em Minas Gerais. Foto: PM MG\/Divulga\u00e7\u00e3o\" src=\"data:image\/gif;base64,R0lGODlhAQABAAAAACH5BAEKAAEALAAAAAABAAEAAAICTAEAOw==\" class=\"lazyload\" \/><\/div>\n<div class=\"titulo-noticia-relacionada\">Comparsa de Vorcaro, Sic\u00e1rio \u00e9 levado para atendimento em hospital<\/div>\n<div class=\"capa-noticia-relacionada\"><img decoding=\"async\" data-src=\"https:\/\/imagens.ebc.com.br\/1PnR-rSKczYXYfgCoh6bx1KvU7o=\/390x240\/smart\/https:\/\/agenciabrasil.ebc.com.br\/sites\/default\/files\/thumbnails\/image\/2025\/12\/21\/retrospectiva74.jpg?itok=R5PRWJpU\" alt=\"S\u00e3o Paulo (SP), 22\/12\/2025 - Retrospectiva 2025 - Foto feita em 19\/11\/2025 - Fachada do Banco Master na rua Elvira Ferraz em Itaim Bibi. Foto: Rovena Rosa\/Ag\u00eancia Brasil\" src=\"data:image\/gif;base64,R0lGODlhAQABAAAAACH5BAEKAAEALAAAAAABAAEAAAICTAEAOw==\" class=\"lazyload\" \/><\/div>\n<div class=\"titulo-noticia-relacionada\">Entidades repudiam planos de Vorcaro contra jornalistas<\/div>\n<div class=\"capa-noticia-relacionada\"><img decoding=\"async\" data-src=\"https:\/\/imagens.ebc.com.br\/tl2nWKuE_pmv0w4_zktAhVWkZ_4=\/390x240\/smart\/https:\/\/agenciabrasil.ebc.com.br\/sites\/default\/files\/thumbnails\/image\/2026\/03\/04\/55088884606_4d87d84586_o.jpg?itok=jmF0SEBJ\" alt=\"Sess\u00e3o da Segunda Turma do STF Foto: Antonio Augusto\/STF\" src=\"data:image\/gif;base64,R0lGODlhAQABAAAAACH5BAEKAAEALAAAAAABAAEAAAICTAEAOw==\" class=\"lazyload\" \/><\/div>\n<div class=\"titulo-noticia-relacionada\">Turma de Toffoli no STF vai decidir se referenda pris\u00e3o de Vorcaro<\/div>\n<\/div>\n<\/div>\n<div class=\"footer-noticia\">\n<div class=\"editor rowflex\">\n<p>Edi\u00e7\u00e3o:<\/p>\n<div class=\"nome-editor\">Vinicius Lisboa<\/div>\n<\/div>\n<\/div>\n<\/div>\n<\/div>\n<\/div>\n<\/div>\n<\/div>\n<p>&nbsp;<\/p>\n","protected":false},"excerpt":{"rendered":"<p>As pris\u00f5es de Vorcaro e de seu cunhado foram cumpridas na\u00a0terceira fase da Opera\u00e7\u00e3o Compliance Zero, que apura suspeitas de amea\u00e7a, corrup\u00e7\u00e3o, lavagem de dinheiro e invas\u00e3o de dispositivos inform\u00e1ticos, al\u00e9m de um esquema bilion\u00e1rio de fraudes financeiras envolvendo a venda de t\u00edtulos de cr\u00e9dito falsos.<\/p>\n","protected":false},"author":2,"featured_media":52373,"comment_status":"open","ping_status":"open","sticky":false,"template":"","format":"standard","meta":{"footnotes":""},"categories":[21,12,25,10,32,8,24,33,9,35,34,15,27,28],"tags":[],"class_list":["post-52361","post","type-post","status-publish","format-standard","has-post-thumbnail","hentry","category-destaque","category-economia","category-interior","category-justica","category-ploitica","category-policia","category-policia-2","category-politica-2","category-politica","category-politica-politica","category-religiao-2","category-religiao","category-saude","category-turismo"],"_links":{"self":[{"href":"https:\/\/tudonominuto.com.br\/portal\/wp-json\/wp\/v2\/posts\/52361","targetHints":{"allow":["GET"]}}],"collection":[{"href":"https:\/\/tudonominuto.com.br\/portal\/wp-json\/wp\/v2\/posts"}],"about":[{"href":"https:\/\/tudonominuto.com.br\/portal\/wp-json\/wp\/v2\/types\/post"}],"author":[{"embeddable":true,"href":"https:\/\/tudonominuto.com.br\/portal\/wp-json\/wp\/v2\/users\/2"}],"replies":[{"embeddable":true,"href":"https:\/\/tudonominuto.com.br\/portal\/wp-json\/wp\/v2\/comments?post=52361"}],"version-history":[{"count":3,"href":"https:\/\/tudonominuto.com.br\/portal\/wp-json\/wp\/v2\/posts\/52361\/revisions"}],"predecessor-version":[{"id":52374,"href":"https:\/\/tudonominuto.com.br\/portal\/wp-json\/wp\/v2\/posts\/52361\/revisions\/52374"}],"wp:featuredmedia":[{"embeddable":true,"href":"https:\/\/tudonominuto.com.br\/portal\/wp-json\/wp\/v2\/media\/52373"}],"wp:attachment":[{"href":"https:\/\/tudonominuto.com.br\/portal\/wp-json\/wp\/v2\/media?parent=52361"}],"wp:term":[{"taxonomy":"category","embeddable":true,"href":"https:\/\/tudonominuto.com.br\/portal\/wp-json\/wp\/v2\/categories?post=52361"},{"taxonomy":"post_tag","embeddable":true,"href":"https:\/\/tudonominuto.com.br\/portal\/wp-json\/wp\/v2\/tags?post=52361"}],"curies":[{"name":"wp","href":"https:\/\/api.w.org\/{rel}","templated":true}]}}