{"id":52366,"date":"2026-03-04T20:37:27","date_gmt":"2026-03-04T23:37:27","guid":{"rendered":"https:\/\/tudonominuto.com.br\/portal\/?p=52366"},"modified":"2026-03-04T20:37:27","modified_gmt":"2026-03-04T23:37:27","slug":"sicario-espiao-de-vorcaro-morre-em-belo-horizonte","status":"publish","type":"post","link":"https:\/\/tudonominuto.com.br\/portal\/2026\/03\/04\/sicario-espiao-de-vorcaro-morre-em-belo-horizonte\/","title":{"rendered":"\u201cSic\u00e1rio\u201d, espi\u00e3o de Vorcaro, morre em Belo Horizonte"},"content":{"rendered":"<p><strong><a title=\"POL\u00cdTICA\" href=\"https:\/\/www.gazetaweb.com\/noticias\/politica\" data-event-name=\"click_breadcrumb\" data-breadcrumb-item=\"Pol\u00edtica\" data-breadcrumb-url=\"\/noticias\/politica\" data-breadcrumb-position=\"3\">POL\u00cdTICA<\/a><\/strong><\/p>\n<section class=\"gzw-articleContent\" data-article-container=\"\">\n<header>\n<div class=\"article-category-info\"><strong><span class=\"article-category-info-text\">BRASIL<\/span><\/strong><\/div>\n<div><picture><img decoding=\"async\" data-src=\"https:\/\/cdn.gazetaweb.com\/img\/inline\/880000\/374x250\/sicario-espiao-de-vorcaro-morre-em-belo-horizonte-00884416-96d07ebdc72245f4ee772dc6c3ad7e48-7.webp?fallback=https%3A%2F%2Fcdn.gazetaweb.com%2Fimg%2Finline%2F880000%2Fsicario-espiao-de-vorcaro-morre-em-belo-horizonte-00884416-96d07ebdc72245f4ee772dc6c3ad7e48.webp%3Fxid%3D1934905&amp;xid=1934905\" alt=\"\n\t\t\t\t\u201cSic\u00e1rio\u201d, espi\u00e3o de Vorcaro, morre em Belo Horizonte\n\n\t\t\t\" src=\"data:image\/gif;base64,R0lGODlhAQABAAAAACH5BAEKAAEALAAAAAABAAEAAAICTAEAOw==\" class=\"lazyload\" \/><\/picture><\/div>\n<div>Reprodu\u00e7\u00e3o<\/div>\n<h2>Ele estava sob cust\u00f3dia na Superintend\u00eancia Regional da Pol\u00edcia Federal em Minas Gerais (MG)<\/h2>\n<div class=\"gzw-articleAuthor\">\n<div class=\"articleInfos\">\n<h3>TNM\/Metr\u00f3poles \/G<strong>zetaWeb<\/strong> no Google <a id=\"google-news-btn\" href=\"https:\/\/profile.google.com\/cp\/Cg0vZy8xMWM1MnNuZHJr\" target=\"_blank\" rel=\"noopener\"><img decoding=\"async\" data-src=\"https:\/\/www.gazetaweb.com\/themes\/default\/assets\/img\/SVG\/google.svg\" alt=\"Google icon\" src=\"data:image\/gif;base64,R0lGODlhAQABAAAAACH5BAEKAAEALAAAAAABAAEAAAICTAEAOw==\" class=\"lazyload\" \/><\/a><\/h3>\n<\/div>\n<\/div>\n<\/header>\n<div class=\"gzw-conteudo\">\n<article id=\"article\" data-fetch=\"true\">Morreu, na noite desta quarta-feira (4\/3), Luiz Phillipi Machado de Moraes Mour\u00e3o (foto em destaque), um dos presos na Opera\u00e7\u00e3o Compliance Zero. Conhecido como \u201cSic\u00e1rio\u201d, ele atentou contra a pr\u00f3pria vida enquanto se encontrava sob cust\u00f3dia da institui\u00e7\u00e3o na Superintend\u00eancia Regional da Pol\u00edcia Federal em Minas Gerais (MG). Fontes da PF ouvidas pela coluna confirmaram que o preso teve morte encef\u00e1lica e n\u00e3o resistiu.<\/p>\n<p>Na tarde desta quarta (4), a PF havia informado que o investigado chegou a ser socorrido por policiais federais que estavam no local no momento da ocorr\u00eancia. Ele foi submetido a procedimentos de reanima\u00e7\u00e3o e levado pelo Servi\u00e7o de Atendimento M\u00f3vel de Urg\u00eancia (Samu) ao Pode colocar que ele foi levado pro Hospital Jo\u00e3o XXIII no centro de Belo Horizonte.<\/p>\n<\/article>\n<\/div>\n<\/section>\n","protected":false},"excerpt":{"rendered":"<p>Morreu, na noite desta quarta-feira (4\/3), Luiz Phillipi Machado de Moraes Mour\u00e3o (foto em destaque), um dos presos na Opera\u00e7\u00e3o Compliance Zero. Conhecido como \u201cSic\u00e1rio\u201d, ele atentou contra a pr\u00f3pria vida enquanto se encontrava sob cust\u00f3dia da institui\u00e7\u00e3o na Superintend\u00eancia Regional da Pol\u00edcia Federal em Minas Gerais (MG)<\/p>\n","protected":false},"author":2,"featured_media":52367,"comment_status":"open","ping_status":"open","sticky":false,"template":"","format":"standard","meta":{"footnotes":""},"categories":[21,12,23,25,10,32,8,24,9,33,35,34,15,27,28],"tags":[],"class_list":["post-52366","post","type-post","status-publish","format-standard","has-post-thumbnail","hentry","category-destaque","category-economia","category-educacao","category-interior","category-justica","category-ploitica","category-policia","category-policia-2","category-politica","category-politica-2","category-politica-politica","category-religiao-2","category-religiao","category-saude","category-turismo"],"_links":{"self":[{"href":"https:\/\/tudonominuto.com.br\/portal\/wp-json\/wp\/v2\/posts\/52366","targetHints":{"allow":["GET"]}}],"collection":[{"href":"https:\/\/tudonominuto.com.br\/portal\/wp-json\/wp\/v2\/posts"}],"about":[{"href":"https:\/\/tudonominuto.com.br\/portal\/wp-json\/wp\/v2\/types\/post"}],"author":[{"embeddable":true,"href":"https:\/\/tudonominuto.com.br\/portal\/wp-json\/wp\/v2\/users\/2"}],"replies":[{"embeddable":true,"href":"https:\/\/tudonominuto.com.br\/portal\/wp-json\/wp\/v2\/comments?post=52366"}],"version-history":[{"count":1,"href":"https:\/\/tudonominuto.com.br\/portal\/wp-json\/wp\/v2\/posts\/52366\/revisions"}],"predecessor-version":[{"id":52369,"href":"https:\/\/tudonominuto.com.br\/portal\/wp-json\/wp\/v2\/posts\/52366\/revisions\/52369"}],"wp:featuredmedia":[{"embeddable":true,"href":"https:\/\/tudonominuto.com.br\/portal\/wp-json\/wp\/v2\/media\/52367"}],"wp:attachment":[{"href":"https:\/\/tudonominuto.com.br\/portal\/wp-json\/wp\/v2\/media?parent=52366"}],"wp:term":[{"taxonomy":"category","embeddable":true,"href":"https:\/\/tudonominuto.com.br\/portal\/wp-json\/wp\/v2\/categories?post=52366"},{"taxonomy":"post_tag","embeddable":true,"href":"https:\/\/tudonominuto.com.br\/portal\/wp-json\/wp\/v2\/tags?post=52366"}],"curies":[{"name":"wp","href":"https:\/\/api.w.org\/{rel}","templated":true}]}}