{"id":52377,"date":"2026-03-04T21:00:13","date_gmt":"2026-03-05T00:00:13","guid":{"rendered":"https:\/\/tudonominuto.com.br\/portal\/?p=52377"},"modified":"2026-03-04T21:01:51","modified_gmt":"2026-03-05T00:01:51","slug":"padre-julio-lancellotti-ganha-titulo-de-cidadao-alagoano-apesar-de-voto-contrario-de-deputado","status":"publish","type":"post","link":"https:\/\/tudonominuto.com.br\/portal\/2026\/03\/04\/padre-julio-lancellotti-ganha-titulo-de-cidadao-alagoano-apesar-de-voto-contrario-de-deputado\/","title":{"rendered":"Padre J\u00falio Lancellotti ganha t\u00edtulo de cidad\u00e3o alagoano apesar de voto contr\u00e1rio de deputado"},"content":{"rendered":"<header class=\"site-header\">\n<div class=\"container\">\n<div class=\"top-bar\">\n<div class=\"top-left\"><strong><a class=\"categoria\" href=\"https:\/\/www.br104.com.br\/alagoas\/\">Alagoas<\/a><\/strong><\/div>\n<div><img decoding=\"async\" class=\"img-fluid rounded wp-post-image lazyload\" data-src=\"https:\/\/www.br104.com.br\/wp-content\/uploads\/2026\/03\/padre-julio-lancellotti-cidadao-honorario-alagoas-ale-1024x540.webp\" data-sizes=\"(max-width: 1024px) 100vw, 1024px\" data-srcset=\"https:\/\/www.br104.com.br\/wp-content\/uploads\/2026\/03\/padre-julio-lancellotti-cidadao-honorario-alagoas-ale-1024x540.webp 1024w, https:\/\/www.br104.com.br\/wp-content\/uploads\/2026\/03\/padre-julio-lancellotti-cidadao-honorario-alagoas-ale-300x158.webp 300w, https:\/\/www.br104.com.br\/wp-content\/uploads\/2026\/03\/padre-julio-lancellotti-cidadao-honorario-alagoas-ale-150x79.webp 150w, https:\/\/www.br104.com.br\/wp-content\/uploads\/2026\/03\/padre-julio-lancellotti-cidadao-honorario-alagoas-ale-768x405.webp 768w, https:\/\/www.br104.com.br\/wp-content\/uploads\/2026\/03\/padre-julio-lancellotti-cidadao-honorario-alagoas-ale.webp 1280w\" alt=\"O Padre J\u00falio Lancellotti, um senhor calvo de \u00f3culos escuros, veste uma camisa branca sob um colete de l\u00e3 azul claro e um avental preto. Ele est\u00e1 com o bra\u00e7o esquerdo levantado, apontando o dedo indicador para cima. Ao fundo, em uma parede branca, l\u00ea-se a frase em letras pretas: &quot;\u00c9 SEGUNDO O AMOR QUE SEREMOS JULGADOS&quot;.\" width=\"1024\" height=\"540\" src=\"data:image\/gif;base64,R0lGODlhAQABAAAAACH5BAEKAAEALAAAAAABAAEAAAICTAEAOw==\" style=\"--smush-placeholder-width: 1024px; --smush-placeholder-aspect-ratio: 1024\/540;\" \/>Reconhecimento: Assembleia Legislativa aprova t\u00edtulo de cidad\u00e3o honor\u00e1rio para o Padre J\u00falio Lancellotti. (Foto: Reprodu\u00e7\u00e3o)<\/div>\n<\/div>\n<\/div>\n<\/header>\n<div class=\"row justify-content-center\">\n<div class=\"col-lg-8 col-md-10\">\n<article id=\"post-275891\">\n<header class=\"mb-4 header-single\"><strong>Cabo Bebeto foi o \u00fanico a divergir da homenagem ao sacerdote.<\/strong><\/p>\n<div class=\"meta-info mt-3\"><a href=\"https:\/\/www.br104.com.br\/author\/giovana-chavarria\/\">TNM\/Giovana Chavarria\u00a0<\/a><\/div>\n<\/header>\n<div class=\"entry-content fs-5 lh-lg\">\n<p data-path-to-node=\"9\"><b data-path-to-node=\"9\" data-index-in-node=\"0\">MACEI\u00d3 (AL) \u2014<\/b>\u00a0O\u00a0<a href=\"https:\/\/www.br104.com.br\/tag\/padre-julio-lancelloti\/\" target=\"_blank\" rel=\"noopener\"><strong>Padre J\u00falio Lancellotti<\/strong><\/a>, conhecido nacionalmente por sua atua\u00e7\u00e3o junto \u00e0 Pastoral do Povo da Rua, ser\u00e1 oficialmente cidad\u00e3o honor\u00e1rio de\u00a0<a href=\"https:\/\/www.br104.com.br\/tag\/alagoas\/\" target=\"_blank\" rel=\"noopener\"><strong>Alagoas<\/strong><\/a>.<\/p>\n<p data-path-to-node=\"9\">O projeto de lei para a concess\u00e3o da honraria foi aprovado pelo plen\u00e1rio da Assembleia Legislativa (ALE) em sess\u00e3o ordin\u00e1ria. aprova\u00e7\u00e3o ocorreu com o apoio de quase todos os deputados presentes. A \u00fanica exce\u00e7\u00e3o foi o deputado estadual Cabo Bebeto (PL), que votou contra a homenagem ao religioso.<\/p>\n<p data-path-to-node=\"11\">Apesar da diverg\u00eancia, a proposta seguiu para formaliza\u00e7\u00e3o, garantindo ao sacerdote o reconhecimento oficial do estado por seu trabalho social.<\/p>\n<p data-path-to-node=\"13\">A concess\u00e3o da cidadania honor\u00e1ria \u00e9 motivada pela atua\u00e7\u00e3o hist\u00f3rica de Lancellotti na defesa dos direitos humanos e no amparo \u00e0 popula\u00e7\u00e3o em situa\u00e7\u00e3o de vulnerabilidade extrema.<\/p>\n<div class=\"code-block code-block-4\">\n<div><\/div>\n<div>\n<p>&nbsp;<\/p>\n<div id=\"aswift_2_host\"><iframe id=\"aswift_2\" tabindex=\"0\" title=\"Advertisement\" data-src=\"https:\/\/googleads.g.doubleclick.net\/pagead\/ads?client=ca-pub-1610410417544199&amp;output=html&amp;h=300&amp;slotname=9932800343&amp;adk=759228825&amp;adf=325281465&amp;pi=t.ma~as.9932800343&amp;w=300&amp;lmt=1772668416&amp;format=300x300&amp;url=https%3A%2F%2Fwww.br104.com.br%2Falagoas%2Fpadre-julio-lancellotti-ganha-titulo-de-cidadao-alagoano-apesar-de-voto-contrario-de-deputado%2F&amp;aieuf=1&amp;aicrs=1&amp;uach=WyJXaW5kb3dzIiwiMTkuMC4wIiwieDg2IiwiIiwiMTQ1LjAuNzYzMi4xMTkiLG51bGwsMCxudWxsLCI2NCIsW1siTm90OkEtQnJhbmQiLCI5OS4wLjAuMCJdLFsiR29vZ2xlIENocm9tZSIsIjE0NS4wLjc2MzIuMTE5Il0sWyJDaHJvbWl1bSIsIjE0NS4wLjc2MzIuMTE5Il1dLDBd&amp;abgtt=6&amp;dt=1772668416369&amp;bpp=1&amp;bdt=146&amp;idt=262&amp;shv=r20260303&amp;mjsv=m202602260101&amp;ptt=9&amp;saldr=aa&amp;abxe=1&amp;cookie=ID%3D24e15403ab073c94%3AT%3D1742737878%3ART%3D1772668030%3AS%3DALNI_MZfOXwiila5AYbT9XuRoFfJFTBTqQ&amp;gpic=UID%3D00001083f5a0bec8%3AT%3D1742737878%3ART%3D1772668030%3AS%3DALNI_MZKk_TZIOroyqqDVQT1V9jCB2Lrig&amp;eo_id_str=ID%3D9314a1f12a992e7e%3AT%3D1758319372%3ART%3D1772668030%3AS%3DAA-AfjbapN0yPlaXm-hEpMOo2ANt&amp;prev_fmts=0x0%2C300x300&amp;nras=1&amp;correlator=6964950992159&amp;frm=20&amp;pv=1&amp;u_tz=-180&amp;u_his=3&amp;u_h=864&amp;u_w=1536&amp;u_ah=816&amp;u_aw=1536&amp;u_cd=32&amp;u_sd=1.25&amp;dmc=4&amp;adx=610&amp;ady=1743&amp;biw=1521&amp;bih=695&amp;scr_x=0&amp;scr_y=0&amp;eid=31096982%2C42531705%2C95378425%2C95381339%2C95381490%2C95382852%2C95383701%2C95384612%2C31096998%2C95384712%2C95379823&amp;oid=2&amp;pvsid=8573098377613594&amp;tmod=1526230114&amp;uas=1&amp;nvt=1&amp;ref=https%3A%2F%2Fwww.br104.com.br%2F&amp;fc=1920&amp;brdim=0%2C0%2C0%2C0%2C1536%2C0%2C1536%2C816%2C1536%2C695&amp;vis=1&amp;rsz=%7C%7CeEbr%7C&amp;abl=CS&amp;pfx=0&amp;fu=0&amp;bc=31&amp;plas=181x546_l%7C204x546_r&amp;bz=1&amp;pgls=CAEaBTYuOS4x~CAEQBBoHMS4xNzMuMA..&amp;ifi=3&amp;uci=a!3&amp;btvi=2&amp;fsb=1&amp;dtd=271\" name=\"aswift_2\" width=\"300\" height=\"300\" frameborder=\"0\" marginwidth=\"0\" marginheight=\"0\" scrolling=\"no\" sandbox=\"allow-forms allow-popups allow-popups-to-escape-sandbox allow-same-origin allow-scripts allow-top-navigation-by-user-activation\" data-google-container-id=\"a!3\" aria-label=\"Advertisement\" data-google-query-id=\"CKv0orq4h5MDFdeDYQYdsgkjqA\" data-load-complete=\"true\" data-mce-fragment=\"1\" src=\"data:image\/gif;base64,R0lGODlhAQABAAAAACH5BAEKAAEALAAAAAABAAEAAAICTAEAOw==\" class=\"lazyload\" data-load-mode=\"1\"><\/iframe><\/div>\n<p>&nbsp;<\/p>\n<\/div>\n<\/div>\n<p data-path-to-node=\"13\">Seus principais marcos incluem den\u00fancias nacionais sobre barreiras urbanas para afastar moradores de rua, coordena\u00e7\u00e3o de redes de alimenta\u00e7\u00e3o e acolhimento e influ\u00eancia no debate p\u00fablico sobre pol\u00edticas de erradica\u00e7\u00e3o da pobreza.<\/p>\n<p data-path-to-node=\"15\">Com a aprova\u00e7\u00e3o, o parlamento estadual deve agendar em breve a cerim\u00f4nia solene para a entrega da comenda.<\/p>\n<p><strong>Corre\u00e7\u00f5es:<\/strong>\u00a0Encontrou um erro? Fale com a reda\u00e7\u00e3o:\u00a0<strong><a href=\"mailto:redacao@br104.com.br\">redacao@br104.com.br<\/a><\/strong>.<\/p>\n<\/div>\n<footer class=\"tags-post-end\"><a href=\"https:\/\/www.br104.com.br\/tag\/alagoas\/\" rel=\"tag\">Alagoas<\/a>\u00a0<a href=\"https:\/\/www.br104.com.br\/tag\/cidadao-honorario\/\" rel=\"tag\">Cidad\u00e3o Honor\u00e1rio<\/a>\u00a0<a href=\"https:\/\/www.br104.com.br\/tag\/padre-julio-lancelloti\/\" rel=\"tag\">Padre Julio Lancelloti<\/a><\/footer>\n<\/article>\n<\/div>\n<\/div>\n<p>&nbsp;<\/p>\n","protected":false},"excerpt":{"rendered":"<p>O projeto de lei para a concess\u00e3o da honraria foi aprovado pelo plen\u00e1rio da Assembleia Legislativa (ALE) em sess\u00e3o ordin\u00e1ria. aprova\u00e7\u00e3o ocorreu com o apoio de quase todos os deputados presentes. A \u00fanica exce\u00e7\u00e3o foi o deputado estadual Cabo Bebeto (PL), que votou contra a homenagem ao religioso.<\/p>\n","protected":false},"author":2,"featured_media":52378,"comment_status":"open","ping_status":"open","sticky":false,"template":"","format":"standard","meta":{"footnotes":""},"categories":[36,13,20,21,12,23,25,10,15,34,27],"tags":[],"class_list":["post-52377","post","type-post","status-publish","format-standard","has-post-thumbnail","hentry","category-brasil-2","category-brasil","category-cultura","category-destaque","category-economia","category-educacao","category-interior","category-justica","category-religiao","category-religiao-2","category-saude"],"_links":{"self":[{"href":"https:\/\/tudonominuto.com.br\/portal\/wp-json\/wp\/v2\/posts\/52377","targetHints":{"allow":["GET"]}}],"collection":[{"href":"https:\/\/tudonominuto.com.br\/portal\/wp-json\/wp\/v2\/posts"}],"about":[{"href":"https:\/\/tudonominuto.com.br\/portal\/wp-json\/wp\/v2\/types\/post"}],"author":[{"embeddable":true,"href":"https:\/\/tudonominuto.com.br\/portal\/wp-json\/wp\/v2\/users\/2"}],"replies":[{"embeddable":true,"href":"https:\/\/tudonominuto.com.br\/portal\/wp-json\/wp\/v2\/comments?post=52377"}],"version-history":[{"count":2,"href":"https:\/\/tudonominuto.com.br\/portal\/wp-json\/wp\/v2\/posts\/52377\/revisions"}],"predecessor-version":[{"id":52380,"href":"https:\/\/tudonominuto.com.br\/portal\/wp-json\/wp\/v2\/posts\/52377\/revisions\/52380"}],"wp:featuredmedia":[{"embeddable":true,"href":"https:\/\/tudonominuto.com.br\/portal\/wp-json\/wp\/v2\/media\/52378"}],"wp:attachment":[{"href":"https:\/\/tudonominuto.com.br\/portal\/wp-json\/wp\/v2\/media?parent=52377"}],"wp:term":[{"taxonomy":"category","embeddable":true,"href":"https:\/\/tudonominuto.com.br\/portal\/wp-json\/wp\/v2\/categories?post=52377"},{"taxonomy":"post_tag","embeddable":true,"href":"https:\/\/tudonominuto.com.br\/portal\/wp-json\/wp\/v2\/tags?post=52377"}],"curies":[{"name":"wp","href":"https:\/\/api.w.org\/{rel}","templated":true}]}}