{"id":52499,"date":"2026-03-08T16:47:24","date_gmt":"2026-03-08T19:47:24","guid":{"rendered":"https:\/\/tudonominuto.com.br\/portal\/?p=52499"},"modified":"2026-03-08T16:48:12","modified_gmt":"2026-03-08T19:48:12","slug":"mulheres-se-reunem-em-copacabana-contra-a-violencia-e-o-feminicidio","status":"publish","type":"post","link":"https:\/\/tudonominuto.com.br\/portal\/2026\/03\/08\/mulheres-se-reunem-em-copacabana-contra-a-violencia-e-o-feminicidio\/","title":{"rendered":"Mulheres se re\u00fanem em Copacabana contra a viol\u00eancia e o feminic\u00eddio"},"content":{"rendered":"<header id=\"header-site\" class=\"header-site full-width rel-position\">\n<div class=\"header-ebc full-width\">\n<div class=\"content-center rowflex rowflex-full\"><a class=\"logo-veiculo\" href=\"https:\/\/agenciabrasil.ebc.com.br\/\"><img decoding=\"async\" data-src=\"https:\/\/agenciabrasil.ebc.com.br\/sites\/default\/themes\/agenciabrasil_v3\/images\/agbrasil-color-logo.svg?tb0ok8\" alt=\"logo Ag\u00eancia Brasil\" width=\"268\" height=\"37\" src=\"data:image\/gif;base64,R0lGODlhAQABAAAAACH5BAEKAAEALAAAAAABAAEAAAICTAEAOw==\" class=\"lazyload\" style=\"--smush-placeholder-width: 268px; --smush-placeholder-aspect-ratio: 268\/37;\" \/><\/a><\/div>\n<\/div>\n<div class=\"header-veiculo full-width\">\n<div class=\"content-center rowflex rowflex-full rel-position\">\n<div class=\"container-btns-menu rowflex rowflex-full\">\n<div id=\"menu-btn-mob\" class=\"menu-btn\" title=\"Menu\">\n<div class=\"menu-btn__burger\"><img decoding=\"async\" id=\"media-455490\" title=\"Tomaz Silva\/Ag\u00eancia Brasil\" data-src=\"https:\/\/imagens.ebc.com.br\/M4BZSKFVKzWIhvUJt7vqkjTlQeI=\/1170x700\/smart\/https:\/\/agenciabrasil.ebc.com.br\/sites\/default\/files\/thumbnails\/image\/2026\/03\/08\/toms0080.jpg?itok=VPYVWGuV\" alt=\"Rio de Janeiro (RJ), 08\/03\/2026 \u2013 Ato do Dia Internacional da Mulher ocupa a praia de Copacabana, na zona sul do Rio, pedindo o fim das viol\u00eancias contra as mulheres. Foto: Tomaz Silva\/Ag\u00eancia Brasil\" src=\"data:image\/gif;base64,R0lGODlhAQABAAAAACH5BAEKAAEALAAAAAABAAEAAAICTAEAOw==\" class=\"lazyload\" \/>\u00a9 Tomaz Silva\/Ag\u00eancia Brasil<\/div>\n<\/div>\n<\/div>\n<\/div>\n<\/div>\n<\/header>\n<div class=\"region region-content\">\n<div id=\"block-system-main\" class=\"block block-system\">\n<div class=\"content\">\n<div id=\"panel\" class=\"container-noticia rel-position\">\n<div id=\"node-1681122\" class=\"node node-conteudo clearfix\">\n<div class=\"header-noticia full-width\">\n<p><strong><a class=\"editoria\" href=\"https:\/\/agenciabrasil.ebc.com.br\/direitos-humanos\">Direitos Humanos<\/a><\/strong><\/p>\n<div class=\"linha-fina-noticia\"><strong>Milhares foram \u00e0s ruas para pedir paz e igualdade de direitos<\/strong><\/div>\n<\/div>\n<div class=\"subheader\">\n<div class=\"container-autoria\">\n<div class=\"autor-noticia\">TNM\/Por T\u00e2mara Freire &#8211; Rep\u00f3rter da Ag\u00eancia Brasil Rio de Janeiro<\/div>\n<\/div>\n<\/div>\n<div class=\"conteudo-noticia\">\n<p>No Rio de Janeiro, o Dia Internacional das Mulheres foi marcado por uma marcha na Praia de Copacabana. Milhares de mulheres protestaram contra o feminic\u00eddio e as diversas formas de viol\u00eancia de g\u00eanero. Elas tamb\u00e9m exigiram mais or\u00e7amento para as pol\u00edticas p\u00fablicas voltadas \u00e0 igualdade.<img decoding=\"async\" data-src=\"https:\/\/agenciabrasil.ebc.com.br\/ebc.png?id=1681122&amp;o=node\" src=\"data:image\/gif;base64,R0lGODlhAQABAAAAACH5BAEKAAEALAAAAAABAAEAAAICTAEAOw==\" class=\"lazyload\" \/><img decoding=\"async\" data-src=\"https:\/\/agenciabrasil.ebc.com.br\/ebc.gif?id=1681122&amp;o=node\" src=\"data:image\/gif;base64,R0lGODlhAQABAAAAACH5BAEKAAEALAAAAAABAAEAAAICTAEAOw==\" class=\"lazyload\" \/><\/p>\n<p>No carro de som, diversas representantes de coletivos feministas se revezaram na leitura do manifesto do movimento.\u00a0<strong>As reivindica\u00e7\u00f5es abordavam \u00e1reas diversas, como a criminaliza\u00e7\u00e3o dos grupos que promovem o \u00f3dio \u00e0s mulheres, o aumento das licen\u00e7as-maternidade e paternidade, a cria\u00e7\u00e3o de linhas de cr\u00e9dito para mulheres empreendedoras e de espa\u00e7os educacionais inclusivos para crian\u00e7as com defici\u00eancia ou neurodivergentes. Outra demanda bastante lembrada foi o fim da escala 6&#215;1 de trabalho.<\/strong><\/p>\n<h2>Fim da Viol\u00eancia<\/h2>\n<p><img decoding=\"async\" data-src=\"https:\/\/imagens.ebc.com.br\/LIBsNJZ7AKsGrYNoFqo5vYjaYNs=\/463x0\/smart\/https:\/\/agenciabrasil.ebc.com.br\/sites\/default\/files\/thumbnails\/image\/2026\/03\/08\/toms0142.jpg?itok=fZC7ZGGD\" alt=\"Rio de Janeiro (RJ), 08\/03\/2026 \u2013 Ato do Dia Internacional da Mulher ocupa a praia de Copacabana, na zona sul do Rio, pedindo o fim das viol\u00eancias contra as mulheres. Foto: Tomaz Silva\/Ag\u00eancia Brasil\" src=\"data:image\/gif;base64,R0lGODlhAQABAAAAACH5BAEKAAEALAAAAAABAAEAAAICTAEAOw==\" class=\"lazyload\" \/><\/p>\n<div class=\"dnd-widget-wrapper context-grande_6colunas type-image atom-align-right\">\n<div class=\"dnd-atom-rendered\">Um grupo de pernaltas participou do ato em defesa dos direitos das mulheres neste 8 de mar\u00e7o, no Rio de Janeiro. Foto:\u00a0<strong>Tomaz Silva\/Ag\u00eancia Brasil<\/strong><\/div>\n<\/div>\n<p><strong>Mas a t\u00f4nica principal do protesto foi o fim da viol\u00eancia de g\u00eanero.<\/strong>\u00a0Muitas participantes lembraram de casos recentes como a morte de Tainara Souza Santos, atropelada por um ex-companheiro, e o estupro coletivo cometido contra uma adolescente, ocorrido na mesma Copacabana onde o ato ocorria.<\/p>\n<p>Acompanhando o carro de som, as participantes cantaram uma par\u00f3dia da m\u00fasica \u201cEu quero \u00e9 botar meu bloco na rua\u201d de S\u00e9rgio Sampaio: \u201cEu quero \u00e9 andar sem medo nas ruas. Chega! Queremos viver! Eu quero \u00e9 ficar sem medo em casa. Chega! Queremos viver!\u201d<\/p>\n<p>\u00c0 frente da marcha, um grupo de pernaltas carregava uma faixa com a frase: \u201cJuntas somos gigantes\u201d. As artistas fizeram uma performance deitando no ch\u00e3o de olhos fechados, para lembrar as mulheres mortas nos crimes de viol\u00eancia de g\u00eanero. Depois se levantaram e se posicionaram em c\u00edrculo gritando as palavras de ordem: \u201cTodas vivas!\u201d<\/p>\n<h2>Diferentes Gera\u00e7\u00f5es<\/h2>\n<p>O protesto reuniu v\u00e1rias gera\u00e7\u00f5es de mulheres. Rachel Brabbins, por exemplo, participou da marcha ao lado da filha Amara, de sete anos. A pequena carregava um cartaz com os dizeres: \u201cLute como uma menina\u201d. \u201cEu acho super importante, pra ela aprender que tem direitos, tem voz e pode falar. Aqui tamb\u00e9m ela v\u00ea a nossa luta, e que estamos todas juntas\u201d, disse Rachel.<\/p>\n<p>E n\u00e3o faltaram inspira\u00e7\u00f5es para a pequena Amara. Como Silvia de Mendon\u00e7a, que milita em coletivos feministas desde a d\u00e9cada de 80, e fez quest\u00e3o de comparecer \u00e0 marcha vestindo uma bandeira com o rosto da vereadora Marielle Franco, assassinada em mar\u00e7o de 2018.<\/p>\n<p>\u201cA Marielle foi v\u00edtima de um crime brutal, que pretendia o silenciamento e o apagamento dela. \u00c9 uma dor muito entranhada, que se reflete tamb\u00e9m em outras mulheres v\u00edtimas de feminic\u00eddio, de viol\u00eancia dom\u00e9stica, de estupro\u2026 E a Marielle se tornou um s\u00edmbolo de resist\u00eancia, de que n\u00f3s temos que nos unir cada vez mais\u201d.<\/p>\n<div class=\"dnd-widget-wrapper context-grande_6colunas type-image atom-align-left\">\n<div><img decoding=\"async\" data-src=\"https:\/\/imagens.ebc.com.br\/5Qzs6lCu1tFphwOkEAM1CVUdLcY=\/463x0\/smart\/https:\/\/agenciabrasil.ebc.com.br\/sites\/default\/files\/thumbnails\/image\/2026\/03\/08\/toms0044.jpg?itok=O3LPoitL\" alt=\"Rio de Janeiro (RJ), 08\/03\/2026 \u2013 Ato do Dia Internacional da Mulher ocupa a praia de Copacabana, na zona sul do Rio, pedindo o fim das viol\u00eancias contra as mulheres. Foto: Tomaz Silva\/Ag\u00eancia Brasil\" src=\"data:image\/gif;base64,R0lGODlhAQABAAAAACH5BAEKAAEALAAAAAABAAEAAAICTAEAOw==\" class=\"lazyload\" \/><\/div>\n<div class=\"dnd-atom-rendered\">Mulheres de diferentes gera\u00e7\u00f5es estiveram presentes, pedindo o fim das viol\u00eancias. Foto:\u00a0<strong>Tomaz Silva\/Ag\u00eancia Brasil<\/strong><\/div>\n<\/div>\n<p>As organizadoras do ato deste domingo tamb\u00e9m convocaram os homens para se juntar \u00e0 luta pelo fim das viol\u00eancias. Thiago da Fonseca Martins atendeu ao chamado e participou do protesto junto com o filho Miguel, de 9 anos. Ele concorda que os homens devem contribuir de forma ativa, inclusive na cria\u00e7\u00e3o dos filhos.<\/p>\n<p>\u201cObviamente, a gente n\u00e3o pode promover viol\u00eancia contra a mulher, mas tamb\u00e9m temos que promover a igualdade sempre que a gente puder. A gente vive numa sociedade machista, e temos que entender que tivemos uma cria\u00e7\u00e3o machista, ent\u00e3o precisamos sempre ficar atentos, discutir e demover essas ideias\u201d.<\/p>\n<p>Para Rita de C\u00e1ssia Silva, tamb\u00e9m presente nesta manh\u00e3 em Copacabana, a educa\u00e7\u00e3o contra a viol\u00eancia de g\u00eanero tamb\u00e9m \u00e9 essencial: \u201cEssa cultura mis\u00f3gina \u00e9 geracional. Ao longo de gera\u00e7\u00f5es, muitas mulheres achavam que era normal as viol\u00eancias que elas sofriam, e os filhos assistiam aquilo e achavam que era normal\u201d, disse.<\/p>\n<p>\u201c\u00c9 \u00f3timo que n\u00f3s estamos conscientizando a popula\u00e7\u00e3o adulta, mas \u00e9 importante uma iniciativa, com apoio dos governos, para ajudar as fam\u00edlias a mudar essa cultura, desde as crian\u00e7as\u201d, completou.<\/p>\n<div class=\"noticias-relacionadas rel-position rowflex\">\n<div class=\"title abs-position\"><strong>Relacionadas<\/strong><\/div>\n<div class=\"capa-noticia-relacionada\"><img decoding=\"async\" data-src=\"https:\/\/imagens.ebc.com.br\/2CfBb97ltoEJ0DiuEG56RMDnwcE=\/390x240\/smart\/https:\/\/agenciabrasil.ebc.com.br\/sites\/default\/files\/atoms\/image\/986724-25112015_9870.jpg?itok=XYIJuf29\" alt=\"Rio de Janeiro - Protesto no Dia Internacional de Combate \u00e0 Viol\u00eancia contra a Mulher, pelo fim da viol\u00eancia contra as mulheres e contra o PL 5069\/13, em frente \u00e0 C\u00e2mara de Vereadores (Fernando Fraz\u00e3o\/Ag\u00eancia Brasil)\" src=\"data:image\/gif;base64,R0lGODlhAQABAAAAACH5BAEKAAEALAAAAAABAAEAAAICTAEAOw==\" class=\"lazyload\" \/><\/div>\n<div class=\"titulo-noticia-relacionada\">Pela vida das mulheres: atos do 8 de mar\u00e7o ocupam ruas pelo Brasil<\/div>\n<div class=\"capa-noticia-relacionada\"><img decoding=\"async\" data-src=\"https:\/\/imagens.ebc.com.br\/pI-l-SXwaKu5SE_4P0g6ZSKxFNc=\/390x240\/smart\/https:\/\/agenciabrasil.ebc.com.br\/sites\/default\/files\/thumbnails\/image\/2026\/03\/06\/reuniao_ministerio_das_mulheres.jpeg?itok=jdundVOG\" alt=\"Movimento feminista entrega carta de protesto ao governo federal\" src=\"data:image\/gif;base64,R0lGODlhAQABAAAAACH5BAEKAAEALAAAAAABAAEAAAICTAEAOw==\" class=\"lazyload\" \/><\/div>\n<div class=\"titulo-noticia-relacionada\">Fim da escala 6&#215;1: proposta pode aliviar dupla jornada das mulheres<\/div>\n<div class=\"capa-noticia-relacionada\"><img decoding=\"async\" data-src=\"https:\/\/imagens.ebc.com.br\/4xO5-cFy90wXcaeglMgbPdCMAI4=\/390x240\/smart\/https:\/\/agenciabrasil.ebc.com.br\/sites\/default\/files\/thumbnails\/image\/2024\/03\/08\/124a7296-13.jpg?itok=_B0tD98J\" alt=\"Bras\u00edlia, DF 08\/03\/2024 O presidente da Rep\u00fablica, Luiz In\u00e1cio Lula da Silva, participa nesta sexta-feira, 8 de mar\u00e7o, de almo\u00e7o alusivo ao Dia Internacional das Mulheres, no Restaurante Tia Z\u00e9lia, na Vila Planalto, em Bras\u00edlia. A primeira-dama, Janja Lula da Silva, a ministra das Mulheres, Cida Gon\u00e7alves, e outras ministras, participam do encontro, que reuniu servidoras do Governo Federal. Foto: Fabio Rodrigues-Pozzebom\/ Ag\u00eancia Brasil\" src=\"data:image\/gif;base64,R0lGODlhAQABAAAAACH5BAEKAAEALAAAAAABAAEAAAICTAEAOw==\" class=\"lazyload\" \/><\/div>\n<div class=\"titulo-noticia-relacionada\">\u201cN\u00e3o podemos nos conformar com homens matando mulheres\u201d, diz Lula<\/div>\n<\/div>\n<\/div>\n<div class=\"footer-noticia\">\n<div class=\"editor rowflex\">\n<p>Edi\u00e7\u00e3o:<\/p>\n<div class=\"nome-editor\">Marcelo Brand\u00e3o<\/div>\n<\/div>\n<\/div>\n<\/div>\n<\/div>\n<\/div>\n<\/div>\n<\/div>\n<p>&nbsp;<\/p>\n","protected":false},"excerpt":{"rendered":"<p>No Rio de Janeiro, o Dia Internacional das Mulheres foi marcado por uma marcha na Praia de Copacabana. Milhares de mulheres protestaram contra o feminic\u00eddio e as diversas formas de viol\u00eancia de g\u00eanero. Elas tamb\u00e9m exigiram mais or\u00e7amento para as pol\u00edticas p\u00fablicas voltadas \u00e0 igualdade.<\/p>\n","protected":false},"author":2,"featured_media":52500,"comment_status":"open","ping_status":"open","sticky":false,"template":"","format":"standard","meta":{"footnotes":""},"categories":[36,13,20,21,12,10,8,24,34,15,27,28],"tags":[],"class_list":["post-52499","post","type-post","status-publish","format-standard","has-post-thumbnail","hentry","category-brasil-2","category-brasil","category-cultura","category-destaque","category-economia","category-justica","category-policia","category-policia-2","category-religiao-2","category-religiao","category-saude","category-turismo"],"_links":{"self":[{"href":"https:\/\/tudonominuto.com.br\/portal\/wp-json\/wp\/v2\/posts\/52499","targetHints":{"allow":["GET"]}}],"collection":[{"href":"https:\/\/tudonominuto.com.br\/portal\/wp-json\/wp\/v2\/posts"}],"about":[{"href":"https:\/\/tudonominuto.com.br\/portal\/wp-json\/wp\/v2\/types\/post"}],"author":[{"embeddable":true,"href":"https:\/\/tudonominuto.com.br\/portal\/wp-json\/wp\/v2\/users\/2"}],"replies":[{"embeddable":true,"href":"https:\/\/tudonominuto.com.br\/portal\/wp-json\/wp\/v2\/comments?post=52499"}],"version-history":[{"count":2,"href":"https:\/\/tudonominuto.com.br\/portal\/wp-json\/wp\/v2\/posts\/52499\/revisions"}],"predecessor-version":[{"id":52502,"href":"https:\/\/tudonominuto.com.br\/portal\/wp-json\/wp\/v2\/posts\/52499\/revisions\/52502"}],"wp:featuredmedia":[{"embeddable":true,"href":"https:\/\/tudonominuto.com.br\/portal\/wp-json\/wp\/v2\/media\/52500"}],"wp:attachment":[{"href":"https:\/\/tudonominuto.com.br\/portal\/wp-json\/wp\/v2\/media?parent=52499"}],"wp:term":[{"taxonomy":"category","embeddable":true,"href":"https:\/\/tudonominuto.com.br\/portal\/wp-json\/wp\/v2\/categories?post=52499"},{"taxonomy":"post_tag","embeddable":true,"href":"https:\/\/tudonominuto.com.br\/portal\/wp-json\/wp\/v2\/tags?post=52499"}],"curies":[{"name":"wp","href":"https:\/\/api.w.org\/{rel}","templated":true}]}}