{"id":52503,"date":"2026-03-08T17:00:46","date_gmt":"2026-03-08T20:00:46","guid":{"rendered":"https:\/\/tudonominuto.com.br\/portal\/?p=52503"},"modified":"2026-03-08T17:01:29","modified_gmt":"2026-03-08T20:01:29","slug":"da-formacao-a-linha-de-frente-mulheres-vivem-o-protagonismo-na-policia-militar-de-alagoas","status":"publish","type":"post","link":"https:\/\/tudonominuto.com.br\/portal\/2026\/03\/08\/da-formacao-a-linha-de-frente-mulheres-vivem-o-protagonismo-na-policia-militar-de-alagoas\/","title":{"rendered":"Da forma\u00e7\u00e3o \u00e0 linha de frente: mulheres vivem o protagonismo na Pol\u00edcia Militar de Alagoas"},"content":{"rendered":"<div class=\"col-md-12 mb-20 text-black font-14\"><i class=\"fa fa-calendar\"><\/i><strong>| <span class=\"label label-info label-rounded ml-5\">Seguran\u00e7a <\/span><span class=\"label label-info label-rounded ml-5\">Especial <\/span><span class=\"label label-info label-rounded ml-5\">Mulher<\/span><\/strong><\/div>\n<div class=\"col-md-12 mb-20 text-black font-14\">\n<h2 class=\"text-black font-14 font-weight-700 mt-0 pt-0 pb-0 mb-0\"><img decoding=\"async\" data-src=\"https:\/\/alagoas.al.gov.br\/imagens\/conteudos\/da-formacao-a-linha-de-frente-mulheres-vivem-o-protagonismo-na-policia-militar-de-alagoas.jpeg\" src=\"data:image\/gif;base64,R0lGODlhAQABAAAAACH5BAEKAAEALAAAAAABAAEAAAICTAEAOw==\" class=\"lazyload\" \/><\/h2>\n<div class=\"col-md-5 m-0 p-0 text-right\">\n<p class=\"font-12\"><i class=\"fa fa-camera\"><\/i>\u00a0Ascom PM-AL<\/p>\n<\/div>\n<h2 class=\"text-black font-18 mt-0 pt-0\">No Dia Internacional da Mulher, as trajet\u00f3rias da capit\u00e3 Raquel e da soldado Vanessa Melo revelam a for\u00e7a e a \u201cestranha mania de ter f\u00e9 na vida\u201d do efetivo feminino da Corpora\u00e7\u00e3o<\/h2>\n<hr \/>\n<\/div>\n<div class=\"col-md-8 font-18\">\n<div class=\"clearfix\"><strong>TNM\/Por Mar\u00edlia Morais \/ Ascom PMAL<\/strong><\/div>\n<p dir=\"ltr\">\u201cMas \u00e9 preciso ter for\u00e7a, \u00e9 preciso ter gra\u00e7a, \u00e9 preciso ter sonho sempre&#8221;. Os versos imortalizados na voz de Elis Regina, da can\u00e7\u00e3o composta por Milton Nascimento e Fernando Brant, s\u00e3o um hino \u00e0 resili\u00eancia, determina\u00e7\u00e3o e coragem da mulher brasileira, qualidades que tamb\u00e9m marcam os caminhos das policiais militares e hoje contribuem para a constru\u00e7\u00e3o da Pol\u00edcia Militar em Alagoas.<\/p>\n<p dir=\"ltr\">Na Corpora\u00e7\u00e3o, em n\u00fameros, elas s\u00e3o 1.292 mulheres, o que representa 20,84% do efetivo total. Est\u00e3o no servi\u00e7o ostensivo, nos quadros de sa\u00fade, de m\u00fasica, atuam no setor administrativo e tamb\u00e9m nas tropas especializadas. Coordenam bases comunit\u00e1rias, ministram instru\u00e7\u00f5es, atuam no policiamento a p\u00e9, em viaturas, motocicletas, com escudos, com cavalos, com c\u00e3es. Patrulham ruas, mares, c\u00e9us.<\/p>\n<p dir=\"ltr\">Elas ocupam cada um dos postos e gradua\u00e7\u00f5es da hierarquia militar e est\u00e3o distribu\u00eddas em todos os quadros da institui\u00e7\u00e3o. Cada uma delas escreveu e escreve sua pr\u00f3pria hist\u00f3ria na PM, entregando disciplina e comprometimento com o servi\u00e7o que executam. Hoje, vamos conhecer alguns dos nomes por tr\u00e1s destas fardas.<\/p>\n<p dir=\"ltr\">Capit\u00e3 Raquel (APM): do sert\u00e3o da Para\u00edba para servir em Alagoas<\/p>\n<p dir=\"ltr\">A capit\u00e3 Raquel Morais, lotada na Academia de Pol\u00edcia Militar (APM), ingressou na Corpora\u00e7\u00e3o no ano de 2013. Natural de Patos, no sert\u00e3o paraibano, veio sozinha para Macei\u00f3 em busca de realizar seu sonho de ser policial militar. Ap\u00f3s concluir o Curso de Forma\u00e7\u00e3o de Oficiais, iniciou sua vida profissional no 2\u00ba Batalh\u00e3o, em Uni\u00e3o dos Palmares, onde conheceu o esposo, tamb\u00e9m PM, e formou sua fam\u00edlia. Ela \u00e9 m\u00e3e de um casal, uma menina de sete anos e um menino, de cinco.<\/p>\n<p dir=\"ltr\"><img decoding=\"async\" data-src=\"http:\/\/alagoas.al.gov.br\/imagens\/conteudos\/fc43c30c381b40061b6ebdce35593de5\/\/FOTO%201%20CAP%20RAQUEL.jpeg\" src=\"data:image\/gif;base64,R0lGODlhAQABAAAAACH5BAEKAAEALAAAAAABAAEAAAICTAEAOw==\" class=\"lazyload\" \/><\/p>\n<p dir=\"ltr\">A militar conta que, ap\u00f3s ser m\u00e3e pela primeira vez, por n\u00e3o ter rede de apoio familiar em Alagoas, continuar servindo no interior se tornou dif\u00edcil. Ent\u00e3o, ela foi transferida para o Col\u00e9gio da Pol\u00edcia Militar, em Macei\u00f3, e, alguns anos depois, para a APM, onde atualmente desenvolve suas atividades como chefe do Corpo de Alunos.<\/p>\n<p dir=\"ltr\">Sua fun\u00e7\u00e3o se baseia em instruir, orientar e coordenar os alunos que encontram-se em forma\u00e7\u00e3o na unidade de ensino, seja em cursos de ingresso ou de aperfei\u00e7oamento, prezando, principalmente, pela hierarquia e disciplina, pilares b\u00e1sicos da PM-AL.<\/p>\n<p dir=\"ltr\"><img decoding=\"async\" data-src=\"http:\/\/alagoas.al.gov.br\/imagens\/conteudos\/fc43c30c381b40061b6ebdce35593de5\/\/FOTO%202%20CAP%20RAQUEL.JPG\" src=\"data:image\/gif;base64,R0lGODlhAQABAAAAACH5BAEKAAEALAAAAAABAAEAAAICTAEAOw==\" class=\"lazyload\" \/><\/p>\n<p dir=\"ltr\">\u201cSer policial feminina e comandar, para mim, \u00e9 representar for\u00e7a, coragem e sensibilidade ao mesmo tempo. \u00c9 mostrar todos os dias que a mulher pode ocupar qualquer espa\u00e7o, inclusive aqueles que sempre foram vistos como exclusivamente masculinos. \u00c9 servir \u00e0 sociedade, proteger pessoas e enfrentar desafios, com um olhar humano, cuidadoso e emp\u00e1tico&#8221;, salientou.<\/p>\n<p dir=\"ltr\">Para a militar, o cen\u00e1rio para a mulher na institui\u00e7\u00e3o hoje vem do que foi sendo constru\u00eddo ao longo dos anos. \u201cA presen\u00e7a feminina traz equil\u00edbrio, sensibilidade e tamb\u00e9m muita compet\u00eancia. Acredito que a cada ano estamos conquistando mais espa\u00e7o, respeito e reconhecimento dentro da institui\u00e7\u00e3o, e isso \u00e9 fruto do trabalho s\u00e9rio e dedicado de muitas mulheres que vieram antes de n\u00f3s e das que continuam construindo essa hist\u00f3ria&#8221;, acrescentou a capit\u00e3 Raquel.<\/p>\n<p dir=\"ltr\"><img decoding=\"async\" data-src=\"http:\/\/alagoas.al.gov.br\/imagens\/conteudos\/fc43c30c381b40061b6ebdce35593de5\/\/FOTO%203%20CAP%20RAQUEL.JPG\" src=\"data:image\/gif;base64,R0lGODlhAQABAAAAACH5BAEKAAEALAAAAAABAAEAAAICTAEAOw==\" class=\"lazyload\" \/><\/p>\n<p dir=\"ltr\">\u00c0quelas que desejam ingressar na carreira, a oficial deixou sua mensagem: \u201cSer policial militar \u00e9 uma miss\u00e3o de vida. \u00c9 uma carreira que exige dedica\u00e7\u00e3o, coragem e compromisso, mas tamb\u00e9m traz um enorme sentimento de realiza\u00e7\u00e3o. Para as mulheres que sonham em ingressar na Pol\u00edcia Militar, n\u00e3o tenham medo de sonhar grande. Acreditem em voc\u00eas, se preparem, estudem e sigam em frente. O caminho pode ter desafios, mas tamb\u00e9m \u00e9 cheio de conquistas&#8221;, assegurou.<\/p>\n<p dir=\"ltr\">Soldado Vanessa Melo (CPChoque): sensibilidade e firmeza para servir<\/p>\n<p dir=\"ltr\">Vanessa Melo \u00e9 soldado da Pol\u00edcia Militar de Alagoas desde 2023. Natural de Limoeiro, no interior de Pernambuco, atualmente ela comp\u00f5e o efetivo especializado da Companhia de Policiamento de Choque (CPChoque) e \u00e9 m\u00e3e de um menino de tr\u00eas anos.<\/p>\n<p dir=\"ltr\"><img decoding=\"async\" data-src=\"http:\/\/alagoas.al.gov.br\/imagens\/conteudos\/fc43c30c381b40061b6ebdce35593de5\/\/FOTO%201%20VANESSA%20MELO.jpg\" src=\"data:image\/gif;base64,R0lGODlhAQABAAAAACH5BAEKAAEALAAAAAABAAEAAAICTAEAOw==\" class=\"lazyload\" \/><\/p>\n<p dir=\"ltr\">&#8220;Tive algumas experi\u00eancias profissionais antes da PM-AL, mas foi aqui que me encontrei e onde me vejo todos os dias realizando meu sonho. Para mim, ser policial militar feminina \u00e9, sem d\u00favidas, sin\u00f4nimo de for\u00e7a, supera\u00e7\u00e3o e determina\u00e7\u00e3o. \u00c9 uma grande conquista para uma mulher e \u00e9 tamb\u00e9m uma enorme responsabilidade&#8221;, refletiu.<\/p>\n<p dir=\"ltr\">Mas atuar em uma profiss\u00e3o predominantemente masculina, segundo ela, tamb\u00e9m tem seus desafios. \u201c\u00c9 exigido um alto grau de disciplina, comprometimento, preparo f\u00edsico e at\u00e9 uma certa rigidez para lidar com a natureza da fun\u00e7\u00e3o. Isso acaba se tornando um desafio di\u00e1rio, mas tamb\u00e9m consigo ver como algo muito gratificante, pois me percebo sempre superando meus limites, vencendo as adversidades, crescendo como pessoa, tudo isso enquanto exer\u00e7o feliz a miss\u00e3o que um dia escolhi&#8221;, completou.<\/p>\n<p dir=\"ltr\"><img decoding=\"async\" data-src=\"http:\/\/alagoas.al.gov.br\/imagens\/conteudos\/fc43c30c381b40061b6ebdce35593de5\/\/FOTO%202%20VANESSA%20MELO.jpg\" src=\"data:image\/gif;base64,R0lGODlhAQABAAAAACH5BAEKAAEALAAAAAABAAEAAAICTAEAOw==\" class=\"lazyload\" \/><\/p>\n<p dir=\"ltr\">Para conciliar a rotina e desempenhar suas m\u00faltiplas fun\u00e7\u00f5es, a soldado Vanessa Melo relembra o papel fundamental de outra mulher em sua vida, sua m\u00e3e.<\/p>\n<p dir=\"ltr\">\u201cPor tr\u00e1s da mulher que sou, que cresce e inspira outras mulheres a seguir uma carreira como essa, tem outra mulher, de igual valor, dando suporte para me ver vencer. Hoje tenho a gra\u00e7a de poder contar com a minha m\u00e3e, mulher admir\u00e1vel, me apoiando e colaborando para que eu seja capaz de dar conta da rotina e consiga equilibrar os pap\u00e9is de policial, m\u00e3e, filha e mulher&#8221;, reconheceu.<\/p>\n<p dir=\"ltr\"><img decoding=\"async\" data-src=\"http:\/\/alagoas.al.gov.br\/imagens\/conteudos\/fc43c30c381b40061b6ebdce35593de5\/\/FOTO%203%20VANESSA%20MELO.jpeg\" src=\"data:image\/gif;base64,R0lGODlhAQABAAAAACH5BAEKAAEALAAAAAABAAEAAAICTAEAOw==\" class=\"lazyload\" \/><\/p>\n<p dir=\"ltr\">Para Vanessa, a mulher que escolheu a carreira policial militar agrega \u00e0 atua\u00e7\u00e3o policial habilidades e perspectivas que fortalecem o trabalho da Institui\u00e7\u00e3o, conciliando sensibilidade e firmeza, empatia e autoridade, fibra e resili\u00eancia. Assim, contribui para o exerc\u00edcio do dever e torna ainda mais evidente o papel da Pol\u00edcia Militar, que \u00e9 servir e proteger toda a sociedade alagoana.<\/p>\n<p dir=\"ltr\"><b>Aula de Canoagem<\/b><\/p>\n<p dir=\"ltr\">Para celebrar a data na institui\u00e7\u00e3o, na \u00faltima quarta-feira (4), a Pol\u00edcia Militar promoveu um momento de descontra\u00e7\u00e3o para uma representa\u00e7\u00e3o de policiais femininas.\u00a0<a href=\"https:\/\/www.pm.al.gov.br\/noticia\/22-mais-noticias\/institucionais\/randomicas\/7174-policiais-femininas-celebram-dia-da-mulher-com-manha-de-lazer-na-lagoa-mundau\" target=\"_blank\" rel=\"noopener\" data-saferedirecturl=\"https:\/\/www.google.com\/url?q=https:\/\/www.pm.al.gov.br\/noticia\/22-mais-noticias\/institucionais\/randomicas\/7174-policiais-femininas-celebram-dia-da-mulher-com-manha-de-lazer-na-lagoa-mundau&amp;source=gmail&amp;ust=1773054339478000&amp;usg=AOvVaw29K4Ho4DcRqExBcFCCJN-P\">Uma aula pr\u00e1tica de canoa havaiana<\/a>, promovida pelo Clube de Canoagem Jo\u00e3o Tomasini, alegrou a manh\u00e3 de cerca de 40 mulheres da corpora\u00e7\u00e3o. A atividade ocorreu na sede do Moton\u00e1utica, no Complexo Munda\u00fa-Manguaba, bairro do Pontal da Barra.<\/p>\n<p dir=\"ltr\"><img decoding=\"async\" data-src=\"http:\/\/alagoas.al.gov.br\/imagens\/conteudos\/fc43c30c381b40061b6ebdce35593de5\/\/FOTO%20CANOAGEM.jpeg\" src=\"data:image\/gif;base64,R0lGODlhAQABAAAAACH5BAEKAAEALAAAAAABAAEAAAICTAEAOw==\" class=\"lazyload\" \/><\/p>\n<p dir=\"ltr\">A programa\u00e7\u00e3o teve in\u00edcio com a degusta\u00e7\u00e3o de um coffee break, seguido de atividades recreativas com equipes do Departamento de Educa\u00e7\u00e3o F\u00edsica e Desporto (DEFD).<\/p>\n<p dir=\"ltr\">As militares percorreram trechos da Lagoa Munda\u00fa a bordo do \u201cDragon Boat\u201d, uma modalidade de remada que tem como foco a sincronia, o ritmo e a for\u00e7a coletiva das participantes. Ao fim das atividades, as participantes retornaram \u00e0 sede do Clube, onde foram entregues kits e homenagens, al\u00e9m da realiza\u00e7\u00e3o de sorteios de brindes ofertados pelos colaboradores da a\u00e7\u00e3o.<\/p>\n<p dir=\"ltr\"><b>A mulher na PM-AL: o in\u00edcio<\/b><\/p>\n<p dir=\"ltr\">O primeiro passo na trajet\u00f3ria da figura feminina na PM de Alagoas foi em 1988. As pioneiras ao oficialato foram enviadas para se qualificarem nos estados de Pernambuco e Minas Gerais, retornando no ano de 1990 para exercerem suas fun\u00e7\u00f5es na seguran\u00e7a p\u00fablica. \u00c0 \u00e9poca, ainda n\u00e3o havia Academia de Pol\u00edcia em Alagoas.<\/p>\n<p dir=\"ltr\">J\u00e1 em 1989, um grupo de 35 mulheres finalizou o primeiro Curso de Forma\u00e7\u00e3o de Soldados Femininos (CFSd Fem) e outras 11 conclu\u00edram o de Forma\u00e7\u00e3o de Sargentos Femininos (CFS Fem). Era a primeira vez que cursos, neste formato, ocorriam em terras alagoanas, tornando-se um marco na hist\u00f3ria da Corpora\u00e7\u00e3o.<\/p>\n<p dir=\"ltr\"><img decoding=\"async\" data-src=\"http:\/\/alagoas.al.gov.br\/imagens\/conteudos\/fc43c30c381b40061b6ebdce35593de5\/\/FOTO%20HIST%C3%93RICA.jpg\" src=\"data:image\/gif;base64,R0lGODlhAQABAAAAACH5BAEKAAEALAAAAAABAAEAAAICTAEAOw==\" class=\"lazyload\" \/><\/p>\n<p dir=\"ltr\">As 46 ent\u00e3o pioneiras, hoje somam mais de mil. Passados 38 anos, elas seguem criando mem\u00f3ria na Corpora\u00e7\u00e3o, ocupando espa\u00e7os que lhe s\u00e3o devidos e sendo protagonistas de sua pr\u00f3pria hist\u00f3ria. As caracter\u00edsticas das contempor\u00e2neas s\u00e3o as mesmas de outrora: destemidas, valentes, impar\u00e1veis.<\/p>\n<div id=\"grid\" class=\"mt-0 pt-0 gallery-isotope default-animation-effect grid-5 gutter masonry clearfix\">\n<div class=\"gallery-item \">\n<div class=\"box-hover-effect effect-barlin\">\n<div class=\"effect-wrapper\">\n<div class=\"thumb\"><img decoding=\"async\" class=\"img-fullwidth lazyload\" data-src=\"https:\/\/alagoas.al.gov.br\/js\/timthumb.php?src=..\/imagens\/galerias\/47441a53352fb2dde46ad93e0046d350\/2bf75de1-1d98-402d-89e4-e414b0cb666d.jpeg&amp;w=400&amp;h=350\" alt=\"Ascom PMAL\" src=\"data:image\/gif;base64,R0lGODlhAQABAAAAACH5BAEKAAEALAAAAAABAAEAAAICTAEAOw==\" \/><\/div>\n<div class=\"overlay-shade bg-theme-colored-transparent-6\"><\/div>\n<\/div>\n<\/div>\n<\/div>\n<div class=\"gallery-item \">\n<div class=\"box-hover-effect effect-barlin\">\n<div class=\"effect-wrapper\">\n<div class=\"thumb\"><img decoding=\"async\" class=\"img-fullwidth lazyload\" data-src=\"https:\/\/alagoas.al.gov.br\/js\/timthumb.php?src=..\/imagens\/galerias\/47441a53352fb2dde46ad93e0046d350\/FOTO%201%20CAP%20RAQUEL.jpg&amp;w=400&amp;h=350\" alt=\"Ascom PMAL\" src=\"data:image\/gif;base64,R0lGODlhAQABAAAAACH5BAEKAAEALAAAAAABAAEAAAICTAEAOw==\" \/><\/div>\n<div class=\"overlay-shade bg-theme-colored-transparent-6\"><\/div>\n<\/div>\n<\/div>\n<\/div>\n<div class=\"gallery-item \">\n<div class=\"box-hover-effect effect-barlin\">\n<div class=\"effect-wrapper\">\n<div class=\"thumb\"><img decoding=\"async\" class=\"img-fullwidth lazyload\" data-src=\"https:\/\/alagoas.al.gov.br\/js\/timthumb.php?src=..\/imagens\/galerias\/47441a53352fb2dde46ad93e0046d350\/FOTO%201%20VANESSA%20MELO.jpg&amp;w=400&amp;h=350\" alt=\"Ascom PMAL\" src=\"data:image\/gif;base64,R0lGODlhAQABAAAAACH5BAEKAAEALAAAAAABAAEAAAICTAEAOw==\" \/><\/div>\n<div class=\"overlay-shade bg-theme-colored-transparent-6\"><\/div>\n<\/div>\n<\/div>\n<\/div>\n<div class=\"gallery-item \">\n<div class=\"box-hover-effect effect-barlin\">\n<div class=\"effect-wrapper\">\n<div class=\"thumb\"><img decoding=\"async\" class=\"img-fullwidth lazyload\" data-src=\"https:\/\/alagoas.al.gov.br\/js\/timthumb.php?src=..\/imagens\/galerias\/47441a53352fb2dde46ad93e0046d350\/FOTO%202%20CAP%20RAQUEL.JPG&amp;w=400&amp;h=350\" alt=\"Ascom PMAL\" src=\"data:image\/gif;base64,R0lGODlhAQABAAAAACH5BAEKAAEALAAAAAABAAEAAAICTAEAOw==\" \/><\/div>\n<div class=\"overlay-shade bg-theme-colored-transparent-6\"><\/div>\n<\/div>\n<\/div>\n<\/div>\n<div class=\"gallery-item \">\n<div class=\"box-hover-effect effect-barlin\">\n<div class=\"effect-wrapper\">\n<div class=\"thumb\"><img decoding=\"async\" class=\"img-fullwidth lazyload\" data-src=\"https:\/\/alagoas.al.gov.br\/js\/timthumb.php?src=..\/imagens\/galerias\/47441a53352fb2dde46ad93e0046d350\/FOTO%202%20VANESSA%20MELO.jpg&amp;w=400&amp;h=350\" alt=\"Ascom PMAL\" src=\"data:image\/gif;base64,R0lGODlhAQABAAAAACH5BAEKAAEALAAAAAABAAEAAAICTAEAOw==\" \/><\/div>\n<div class=\"overlay-shade bg-theme-colored-transparent-6\"><\/div>\n<\/div>\n<\/div>\n<\/div>\n<div class=\"gallery-item \">\n<div class=\"box-hover-effect effect-barlin\">\n<div class=\"effect-wrapper\">\n<div class=\"thumb\"><img decoding=\"async\" class=\"img-fullwidth lazyload\" data-src=\"https:\/\/alagoas.al.gov.br\/js\/timthumb.php?src=..\/imagens\/galerias\/47441a53352fb2dde46ad93e0046d350\/FOTO%203%20CAP%20RAQUEL.JPG&amp;w=400&amp;h=350\" alt=\"Ascom PMAL\" src=\"data:image\/gif;base64,R0lGODlhAQABAAAAACH5BAEKAAEALAAAAAABAAEAAAICTAEAOw==\" \/><\/div>\n<div class=\"overlay-shade bg-theme-colored-transparent-6\"><\/div>\n<\/div>\n<\/div>\n<\/div>\n<div class=\"gallery-item \">\n<div class=\"box-hover-effect effect-barlin\">\n<div class=\"effect-wrapper\">\n<div class=\"thumb\"><img decoding=\"async\" class=\"img-fullwidth lazyload\" data-src=\"https:\/\/alagoas.al.gov.br\/js\/timthumb.php?src=..\/imagens\/galerias\/47441a53352fb2dde46ad93e0046d350\/FOTO%20CANOAGEM.jpg&amp;w=400&amp;h=350\" alt=\"Ascom PMAL\" src=\"data:image\/gif;base64,R0lGODlhAQABAAAAACH5BAEKAAEALAAAAAABAAEAAAICTAEAOw==\" \/><\/div>\n<div class=\"overlay-shade bg-theme-colored-transparent-6\"><\/div>\n<\/div>\n<\/div>\n<\/div>\n<div class=\"gallery-item \">\n<div class=\"box-hover-effect effect-barlin\">\n<div class=\"effect-wrapper\">\n<div class=\"thumb\"><img decoding=\"async\" class=\"img-fullwidth lazyload\" data-src=\"https:\/\/alagoas.al.gov.br\/js\/timthumb.php?src=..\/imagens\/galerias\/47441a53352fb2dde46ad93e0046d350\/FOTO%20HIST%C3%93RICA.jpg&amp;w=400&amp;h=350\" alt=\"Ascom PMAL\" src=\"data:image\/gif;base64,R0lGODlhAQABAAAAACH5BAEKAAEALAAAAAABAAEAAAICTAEAOw==\" \/><\/div>\n<div class=\"overlay-shade bg-theme-colored-transparent-6\"><\/div>\n<\/div>\n<\/div>\n<\/div>\n<div class=\"gallery-item \">\n<div class=\"box-hover-effect effect-barlin\">\n<div class=\"effect-wrapper\">\n<div class=\"thumb\"><img decoding=\"async\" class=\"img-fullwidth lazyload\" data-src=\"https:\/\/alagoas.al.gov.br\/js\/timthumb.php?src=..\/imagens\/galerias\/47441a53352fb2dde46ad93e0046d350\/FOTO%203%20VANESSA%20MELO.jpg&amp;w=400&amp;h=350\" alt=\"Ascom PMAL\" src=\"data:image\/gif;base64,R0lGODlhAQABAAAAACH5BAEKAAEALAAAAAABAAEAAAICTAEAOw==\" \/><\/div>\n<div class=\"overlay-shade bg-theme-colored-transparent-6\"><\/div>\n<div class=\"text-holder text-holder-middle text-center\">\n<div class=\"text_holder_inner\">\n<div class=\"text_holder_inner2\"><\/div>\n<\/div>\n<\/div>\n<\/div>\n<\/div>\n<\/div>\n<\/div>\n<\/div>\n","protected":false},"excerpt":{"rendered":"<p>Elas ocupam cada um dos postos e gradua\u00e7\u00f5es da hierarquia militar e est\u00e3o distribu\u00eddas em todos os quadros da institui\u00e7\u00e3o. Cada uma delas escreveu e escreve sua pr\u00f3pria hist\u00f3ria na PM, entregando disciplina e comprometimento com o servi\u00e7o que executam. Hoje, vamos conhecer alguns dos nomes por tr\u00e1s destas fardas.<\/p>\n","protected":false},"author":2,"featured_media":52504,"comment_status":"open","ping_status":"open","sticky":false,"template":"","format":"standard","meta":{"footnotes":""},"categories":[20,21,23,25,10,24,8,27,28],"tags":[],"class_list":["post-52503","post","type-post","status-publish","format-standard","has-post-thumbnail","hentry","category-cultura","category-destaque","category-educacao","category-interior","category-justica","category-policia-2","category-policia","category-saude","category-turismo"],"_links":{"self":[{"href":"https:\/\/tudonominuto.com.br\/portal\/wp-json\/wp\/v2\/posts\/52503","targetHints":{"allow":["GET"]}}],"collection":[{"href":"https:\/\/tudonominuto.com.br\/portal\/wp-json\/wp\/v2\/posts"}],"about":[{"href":"https:\/\/tudonominuto.com.br\/portal\/wp-json\/wp\/v2\/types\/post"}],"author":[{"embeddable":true,"href":"https:\/\/tudonominuto.com.br\/portal\/wp-json\/wp\/v2\/users\/2"}],"replies":[{"embeddable":true,"href":"https:\/\/tudonominuto.com.br\/portal\/wp-json\/wp\/v2\/comments?post=52503"}],"version-history":[{"count":1,"href":"https:\/\/tudonominuto.com.br\/portal\/wp-json\/wp\/v2\/posts\/52503\/revisions"}],"predecessor-version":[{"id":52505,"href":"https:\/\/tudonominuto.com.br\/portal\/wp-json\/wp\/v2\/posts\/52503\/revisions\/52505"}],"wp:featuredmedia":[{"embeddable":true,"href":"https:\/\/tudonominuto.com.br\/portal\/wp-json\/wp\/v2\/media\/52504"}],"wp:attachment":[{"href":"https:\/\/tudonominuto.com.br\/portal\/wp-json\/wp\/v2\/media?parent=52503"}],"wp:term":[{"taxonomy":"category","embeddable":true,"href":"https:\/\/tudonominuto.com.br\/portal\/wp-json\/wp\/v2\/categories?post=52503"},{"taxonomy":"post_tag","embeddable":true,"href":"https:\/\/tudonominuto.com.br\/portal\/wp-json\/wp\/v2\/tags?post=52503"}],"curies":[{"name":"wp","href":"https:\/\/api.w.org\/{rel}","templated":true}]}}