{"id":52564,"date":"2026-03-12T16:21:27","date_gmt":"2026-03-12T19:21:27","guid":{"rendered":"https:\/\/tudonominuto.com.br\/portal\/?p=52564"},"modified":"2026-03-12T16:25:46","modified_gmt":"2026-03-12T19:25:46","slug":"zanin-nega-pedido-para-determinar-criacao-da-cpi-do-banco-master","status":"publish","type":"post","link":"https:\/\/tudonominuto.com.br\/portal\/2026\/03\/12\/zanin-nega-pedido-para-determinar-criacao-da-cpi-do-banco-master\/","title":{"rendered":"Zanin nega pedido para determinar cria\u00e7\u00e3o da CPI do Banco Master"},"content":{"rendered":"<header id=\"header-site\" class=\"header-site full-width rel-position\">\n<div class=\"header-veiculo full-width\">\n<p><a class=\"logo-veiculo\" href=\"https:\/\/agenciabrasil.ebc.com.br\/\"><img decoding=\"async\" data-src=\"https:\/\/agenciabrasil.ebc.com.br\/sites\/default\/themes\/agenciabrasil_v3\/images\/agbrasil-color-logo.svg?tb0ok8\" alt=\"logo Ag\u00eancia Brasil\" width=\"268\" height=\"37\" src=\"data:image\/gif;base64,R0lGODlhAQABAAAAACH5BAEKAAEALAAAAAABAAEAAAICTAEAOw==\" class=\"lazyload\" style=\"--smush-placeholder-width: 268px; --smush-placeholder-aspect-ratio: 268\/37;\" \/><\/a><\/p>\n<p><img decoding=\"async\" id=\"media-343426\" title=\"Carlos Moura\/SCO\/STF\" data-src=\"https:\/\/imagens.ebc.com.br\/DV3S1brQuklW1bBxnHMfT8zUPOo=\/1170x700\/smart\/https:\/\/agenciabrasil.ebc.com.br\/sites\/default\/files\/thumbnails\/image\/53121000461_e15cabc4cd_o.jpg?itok=yzVkF1Ck\" alt=\"Bras\u00edlia (DF), 16.08.2023 - Ministro Cristiano Zanin participa da sess\u00e3o plen\u00e1ria. Foto: Carlos Moura\/SCO\/STF\" src=\"data:image\/gif;base64,R0lGODlhAQABAAAAACH5BAEKAAEALAAAAAABAAEAAAICTAEAOw==\" class=\"lazyload\" \/>\u00a9 Carlos Moura\/SCO\/STF<\/p>\n<div class=\"content-center rowflex rowflex-full rel-position\">\n<div class=\"container-btns-menu rowflex rowflex-full\">\n<div id=\"menu-btn-mob\" class=\"menu-btn\" title=\"Menu\">\n<div class=\"menu-btn__burger\"><a class=\"editoria\" href=\"https:\/\/agenciabrasil.ebc.com.br\/justica\"><strong>Justi\u00e7a<\/strong><\/a><\/div>\n<\/div>\n<\/div>\n<\/div>\n<\/div>\n<\/header>\n<div class=\"region region-content\">\n<div id=\"block-system-main\" class=\"block block-system\">\n<div class=\"content\">\n<div id=\"panel\" class=\"container-noticia rel-position\">\n<div id=\"node-1681685\" class=\"node node-conteudo clearfix\">\n<div class=\"header-noticia full-width\">\n<div class=\"linha-fina-noticia\"><strong>Mandado de seguran\u00e7a foi protocolado pelo deputado Rodrigo Rolemberg<\/strong><\/div>\n<\/div>\n<div class=\"subheader\">\n<div class=\"container-autoria\">\n<div class=\"autor-noticia\">TNM\/Por Andre Richter &#8211; Rep\u00f3rter da Ag\u00eancia Brasil Bras\u00edlia<\/div>\n<\/div>\n<\/div>\n<div class=\"conteudo-noticia\">\n<p><strong>O ministro Cristiano Zanin, do Supremo Tribunal Federal (STF), negou nesta quinta-feira (12) pedido para obrigar a C\u00e2mara dos Deputados a instalar uma Comiss\u00e3o Parlamentar de Inqu\u00e9rito (CPI) para investigar as fraudes no Banco Master.<\/strong><img decoding=\"async\" data-src=\"https:\/\/agenciabrasil.ebc.com.br\/ebc.png?id=1681685&amp;o=node\" src=\"data:image\/gif;base64,R0lGODlhAQABAAAAACH5BAEKAAEALAAAAAABAAEAAAICTAEAOw==\" class=\"lazyload\" \/><img decoding=\"async\" data-src=\"https:\/\/agenciabrasil.ebc.com.br\/ebc.gif?id=1681685&amp;o=node\" src=\"data:image\/gif;base64,R0lGODlhAQABAAAAACH5BAEKAAEALAAAAAABAAEAAAICTAEAOw==\" class=\"lazyload\" \/><\/p>\n<p><strong>O mandado de seguran\u00e7a para garantir a abertura da CPI foi protocolado pelo deputado federal Rodrigo Rollemberg (PSB-DF).<\/strong>\u00a0O parlamentar<strong>\u00a0alegou que o requerimento para a cria\u00e7\u00e3o da comiss\u00e3o j\u00e1 foi protocolado e cumpriu os requisitos legais, como o registro\u00a0 das assinaturas de um ter\u00e7o dos deputados.<\/strong><\/p>\n<p>Segundo o parlamentar, h\u00e1 omiss\u00e3o do presidente da Casa, Hugo Motta (Republicanos-PB), ao deixar de instalar a CPI.<\/p>\n<p>Na decis\u00e3o, Zanin citou \u201cdefici\u00eancias processuais\u201d no pedido de parlamentar e afirmou que provas de que Motta demonstra resist\u00eancia pessoal para instalar a comiss\u00e3o.<\/p>\n<blockquote><p>\u201cNo presente caso, por\u00e9m, como demonstrado acima, h\u00e1 defici\u00eancias relevantes na instru\u00e7\u00e3o do mandado de seguran\u00e7a que sequer permitem aferir, neste momento e de plano, omiss\u00e3o ou resist\u00eancia pessoal da autoridade, como narrado na inicial\u201d, decidiu o ministro.<\/p><\/blockquote>\n<h2>Toffoli<\/h2>\n<p><strong>Antes da decis\u00e3o de Zanin, o ministro Dias Toffoli foi escolhido relator original do pedido de instaura\u00e7\u00e3o da CPI. Contudo, Toffoli se declarou suspeito para analisar o caso.<\/strong><\/p>\n<p>No m\u00eas passado, Toffoli deixou a relatoria do inqu\u00e9rito sobre as fraudes no Banco Master ap\u00f3s a Pol\u00edcia Federal (PF) informar o presidente do STF, Edson Fachin, que h\u00e1 men\u00e7\u00f5es a ele em mensagens encontradas no celular do banqueiro Daniel Vorcaro, que teve o aparelho apreendido durante a primeira fase da Opera\u00e7\u00e3o Compliance Zero, deflagrada no ano passado.<\/p>\n<p>O ministro \u00e9 um dos s\u00f3cios do resort Tayay\u00e1, localizado no Paran\u00e1. O empreendimento foi comprado por um fundo de investimentos que \u00e9 ligado ao Master e investigado pela PF.<\/p>\n<div class=\"noticias-relacionadas rel-position rowflex\">\n<div class=\"title abs-position\"><strong>Relacionadas<\/strong><\/div>\n<div class=\"capa-noticia-relacionada\"><img decoding=\"async\" data-src=\"https:\/\/imagens.ebc.com.br\/S-0Kvbk2wQsFCo_FIiTm0MGQ8GU=\/390x240\/smart\/https:\/\/agenciabrasil.ebc.com.br\/sites\/default\/files\/thumbnails\/image\/2025\/09\/11\/julgamento-trama-golpista-mc_abr_11092025-9.jpg?itok=nwmp-zcY\" alt=\"Bras\u00edlia (DF), 11\/09\/2025 - O ministro Cristiano Zanin durante sess\u00e3o na Primeira Turma do Supremo Tribunal Federal (STF), que realiza o quinto dia de julgamento dos r\u00e9us do N\u00facleo 1 da trama golpista, formado pelo ex-presidente Jair Bolsonaro e mais sete aliados. Foto: Marcelo Camargo\/Ag\u00eancia Brasil\" src=\"data:image\/gif;base64,R0lGODlhAQABAAAAACH5BAEKAAEALAAAAAABAAEAAAICTAEAOw==\" class=\"lazyload\" \/><\/div>\n<div class=\"titulo-noticia-relacionada\">Zanin ser\u00e1 novo relator de pedido de cria\u00e7\u00e3o da CPI do Banco Master<\/div>\n<div class=\"capa-noticia-relacionada\"><img decoding=\"async\" data-src=\"https:\/\/imagens.ebc.com.br\/oQ5C9CpmXN7qLp4P134QvHzB9Ck=\/390x240\/smart\/https:\/\/agenciabrasil.ebc.com.br\/sites\/default\/files\/thumbnails\/image\/2026\/02\/02\/abertura-stf-mc_abr_30012026-5.jpg?itok=iZiTGRm_\" alt=\"Bras\u00edlia (DF), 02\/02\/2026 - Os ministros do STF, Dias Toffoli e Gilmar Mendes, durante a abertura do Ano Judici\u00e1rio de 2026 do Supremo Tribunal Federal (STF). Foto: Marcelo Camargo\/Ag\u00eancia Brasil\" src=\"data:image\/gif;base64,R0lGODlhAQABAAAAACH5BAEKAAEALAAAAAABAAEAAAICTAEAOw==\" class=\"lazyload\" \/><\/div>\n<div class=\"titulo-noticia-relacionada\">Toffoli vai relatar pedido para cria\u00e7\u00e3o da CPI do Banco Master<\/div>\n<div class=\"capa-noticia-relacionada\"><img decoding=\"async\" data-src=\"https:\/\/imagens.ebc.com.br\/wZbjLNkvUA0Ewguki4HR04OGLxE=\/390x240\/smart\/https:\/\/agenciabrasil.ebc.com.br\/sites\/default\/files\/thumbnails\/image\/2026\/02\/07\/0g0a3018.jpg?itok=K25w_ynP\" alt=\"S\u00e3o Paulo (SP), 07\/02\/2026 - O ministro da Fazenda, Fernando Haddad, lan\u00e7a o livro Capitalismo Superindustrial pela Companhia das Letras no Sesc 14 Bis. Foto: Rovena Rosa\/Ag\u00eancia Brasil\" src=\"data:image\/gif;base64,R0lGODlhAQABAAAAACH5BAEKAAEALAAAAAABAAEAAAICTAEAOw==\" class=\"lazyload\" \/><\/div>\n<div class=\"titulo-noticia-relacionada\">Banco Master \u00e9 uma pancada no sistema banc\u00e1rio brasileiro, diz Haddad<\/div>\n<\/div>\n<\/div>\n<div class=\"footer-noticia\">\n<div class=\"editor rowflex\">\n<p>Edi\u00e7\u00e3o:<\/p>\n<div class=\"nome-editor\">Val\u00e9ria Aguiar<\/div>\n<\/div>\n<\/div>\n<\/div>\n<\/div>\n<\/div>\n<\/div>\n<\/div>\n<p>&nbsp;<\/p>\n","protected":false},"excerpt":{"rendered":"<p>O mandado de seguran\u00e7a para garantir a abertura da CPI foi protocolado pelo deputado federal Rodrigo Rollemberg (PSB-DF).\u00a0O parlamentar\u00a0alegou que o requerimento para a cria\u00e7\u00e3o da comiss\u00e3o j\u00e1 foi protocolado e cumpriu os requisitos legais, como o registro\u00a0 das assinaturas de um ter\u00e7o dos deputados.<\/p>\n","protected":false},"author":2,"featured_media":52565,"comment_status":"open","ping_status":"open","sticky":false,"template":"","format":"standard","meta":{"footnotes":""},"categories":[36,13,21,12,25,10,8,24,34,15,27],"tags":[],"class_list":["post-52564","post","type-post","status-publish","format-standard","has-post-thumbnail","hentry","category-brasil-2","category-brasil","category-destaque","category-economia","category-interior","category-justica","category-policia","category-policia-2","category-religiao-2","category-religiao","category-saude"],"_links":{"self":[{"href":"https:\/\/tudonominuto.com.br\/portal\/wp-json\/wp\/v2\/posts\/52564","targetHints":{"allow":["GET"]}}],"collection":[{"href":"https:\/\/tudonominuto.com.br\/portal\/wp-json\/wp\/v2\/posts"}],"about":[{"href":"https:\/\/tudonominuto.com.br\/portal\/wp-json\/wp\/v2\/types\/post"}],"author":[{"embeddable":true,"href":"https:\/\/tudonominuto.com.br\/portal\/wp-json\/wp\/v2\/users\/2"}],"replies":[{"embeddable":true,"href":"https:\/\/tudonominuto.com.br\/portal\/wp-json\/wp\/v2\/comments?post=52564"}],"version-history":[{"count":3,"href":"https:\/\/tudonominuto.com.br\/portal\/wp-json\/wp\/v2\/posts\/52564\/revisions"}],"predecessor-version":[{"id":52568,"href":"https:\/\/tudonominuto.com.br\/portal\/wp-json\/wp\/v2\/posts\/52564\/revisions\/52568"}],"wp:featuredmedia":[{"embeddable":true,"href":"https:\/\/tudonominuto.com.br\/portal\/wp-json\/wp\/v2\/media\/52565"}],"wp:attachment":[{"href":"https:\/\/tudonominuto.com.br\/portal\/wp-json\/wp\/v2\/media?parent=52564"}],"wp:term":[{"taxonomy":"category","embeddable":true,"href":"https:\/\/tudonominuto.com.br\/portal\/wp-json\/wp\/v2\/categories?post=52564"},{"taxonomy":"post_tag","embeddable":true,"href":"https:\/\/tudonominuto.com.br\/portal\/wp-json\/wp\/v2\/tags?post=52564"}],"curies":[{"name":"wp","href":"https:\/\/api.w.org\/{rel}","templated":true}]}}