{"id":52620,"date":"2026-03-14T12:49:09","date_gmt":"2026-03-14T15:49:09","guid":{"rendered":"https:\/\/tudonominuto.com.br\/portal\/?p=52620"},"modified":"2026-03-14T12:51:31","modified_gmt":"2026-03-14T15:51:31","slug":"privatizacao-da-br-prejudica-consumidor-em-momento-de-crise","status":"publish","type":"post","link":"https:\/\/tudonominuto.com.br\/portal\/2026\/03\/14\/privatizacao-da-br-prejudica-consumidor-em-momento-de-crise\/","title":{"rendered":"Privatiza\u00e7\u00e3o da BR prejudica consumidor em momento de crise"},"content":{"rendered":"<header id=\"header-site\" class=\"header-site full-width rel-position\">\n<div class=\"header-veiculo full-width\">\n<p><a class=\"logo-veiculo\" href=\"https:\/\/agenciabrasil.ebc.com.br\/\"><img decoding=\"async\" data-src=\"https:\/\/agenciabrasil.ebc.com.br\/sites\/default\/themes\/agenciabrasil_v3\/images\/agbrasil-color-logo.svg?tb0ok8\" alt=\"logo Ag\u00eancia Brasil\" width=\"268\" height=\"37\" src=\"data:image\/gif;base64,R0lGODlhAQABAAAAACH5BAEKAAEALAAAAAABAAEAAAICTAEAOw==\" class=\"lazyload\" style=\"--smush-placeholder-width: 268px; --smush-placeholder-aspect-ratio: 268\/37;\" \/><\/a><\/p>\n<div class=\"content-center rowflex rowflex-full rel-position\">\n<div class=\"container-btns-menu rowflex rowflex-full\">\n<div id=\"menu-btn-mob\" class=\"menu-btn\" title=\"Menu\">\n<div class=\"menu-btn__burger\"><img decoding=\"async\" id=\"media-114912\" title=\"Marcello Casal jr\/Ag\u00eancia Brasil\" data-src=\"https:\/\/imagens.ebc.com.br\/RbFh86q4MkT_X3LSZeEVDNVUlMI=\/1170x700\/smart\/https:\/\/agenciabrasil.ebc.com.br\/sites\/default\/files\/thumbnails\/image\/mca_abrdsc_4150.jpg?itok=LWJ68Dff\" alt=\"Centro de Distribui\u00e7\u00e3o da Petrobras no SIA, Terminal Terrestre de Bras\u00edlia, onde se armazena e distribui produtos da companhia para os postos de combust\u00edveis do Distrito Federal.\" src=\"data:image\/gif;base64,R0lGODlhAQABAAAAACH5BAEKAAEALAAAAAABAAEAAAICTAEAOw==\" class=\"lazyload\" \/>\u00a9 Marcello Casal jr\/Ag\u00eancia Brasil<\/div>\n<\/div>\n<\/div>\n<\/div>\n<\/div>\n<\/header>\n<div class=\"region region-content\">\n<div id=\"block-system-main\" class=\"block block-system\">\n<div class=\"content\">\n<div id=\"panel\" class=\"container-noticia rel-position\">\n<div id=\"node-1681913\" class=\"node node-conteudo clearfix\">\n<div class=\"header-noticia full-width\">\n<p><strong><a class=\"editoria\" href=\"https:\/\/agenciabrasil.ebc.com.br\/economia\">Economia<\/a><\/strong><\/p>\n<div class=\"linha-fina-noticia\"><strong>Para especialista, a empresa era estrat\u00e9gica para administrar pre\u00e7os<\/strong><\/div>\n<\/div>\n<div class=\"subheader\">\n<div class=\"container-autoria\">\n<div class=\"autor-noticia\">Gilberto Costa &#8211; Rep\u00f3rter da Ag\u00eancia Brasil<\/div>\n<div class=\"container-data rowflex\">\n<div class=\"data\">Publicado em 14\/03\/2026 &#8211; 09:46<\/div>\n<\/div>\n<div class=\"local\">Bras\u00edlia<\/div>\n<\/div>\n<\/div>\n<div class=\"conteudo-noticia\">\n<p>Especialistas e entidades do setor de petr\u00f3leo apontam que os aumentos abusivos nos pre\u00e7os dos combust\u00edveis pelas distribuidoras &#8211; em S\u00e3o Paulo, h\u00e1 relatos de postos vendendo o litro de gasolina a R$ 9 &#8211; n\u00e3o se devem apenas \u00e0 instabilidade no cen\u00e1rio internacional.<img decoding=\"async\" data-src=\"https:\/\/agenciabrasil.ebc.com.br\/ebc.png?id=1681913&amp;o=node\" src=\"data:image\/gif;base64,R0lGODlhAQABAAAAACH5BAEKAAEALAAAAAABAAEAAAICTAEAOw==\" class=\"lazyload\" \/><img decoding=\"async\" data-src=\"https:\/\/agenciabrasil.ebc.com.br\/ebc.gif?id=1681913&amp;o=node\" src=\"data:image\/gif;base64,R0lGODlhAQABAAAAACH5BAEKAAEALAAAAAABAAEAAAICTAEAOw==\" class=\"lazyload\" \/><\/p>\n<p>Para analistas, a privatiza\u00e7\u00e3o da BR Distribuidora eliminou o controle estrat\u00e9gico do Estado sobre a cadeia de fornecimento, deixando o mercado \u00e0 merc\u00ea de reajustes abusivos que ignoram os valores praticados nas refinarias. Sem a estrutura verticalizada que ia &#8220;do po\u00e7o ao posto&#8221;, o Brasil perdeu a ferramenta institucional necess\u00e1ria para frear a especula\u00e7\u00e3o em momentos de crise, avaliam especialistas ouvidos pela\u00a0<strong>Ag\u00eancia Brasil<\/strong>.<\/p>\n<p>O alerta da venda de gasolina a R$ 9 &#8220;mesmo sem reajustes equivalentes nas refinarias&#8221; partiu de Ticiana Alvares, diretora t\u00e9cnica do Instituto de Estudos Estrat\u00e9gicos de Petr\u00f3leo, G\u00e1s Natural e Biocombust\u00edveis (Ineep). Segundo nota publicada pela Federa\u00e7\u00e3o \u00danica dos Petroleiros (FUP), postos em S\u00e3o Paulo est\u00e3o elevando pre\u00e7os de forma desproporcional, mesmo sem\u00a0 aumentos\u00a0por parte da Petrobras.<\/p>\n<p>Para a FUP, o conflito no Oriente M\u00e9dio \u2014 intensificado no final de fevereiro \u2014 tem servido de pretexto para que distribuidoras e revendedoras apliquem margens de lucro excessivas.<\/p>\n<blockquote><p>\u201cAs distribuidoras e revendedoras aumentaram os pre\u00e7os dos combust\u00edveis. [O valor] chega na bomba para o consumidor final com acr\u00e9scimo em torno de 40%\u201d, calcula o coordenador-geral da FUP, Deyvid Bacelar, em entrevista \u00e0\u00a0<strong>Ag\u00eancia Brasil.<\/strong><\/p><\/blockquote>\n<h2>Pol\u00edtica de pre\u00e7os diferenciada<\/h2>\n<p><strong>Segundo Bacelar, a majora\u00e7\u00e3o de pre\u00e7os &#8211; que prejudica os consumidores e pode impactar na infla\u00e7\u00e3o &#8211; ocorre porque foram privatizadas as subsidi\u00e1rias da Petrobras que atuavam na distribui\u00e7\u00e3o de combust\u00edveis (BR Distribuidora e a Liquig\u00e1s).<\/strong><\/p>\n<blockquote><p>\u201cN\u00f3s t\u00ednhamos uma Petrobras que era bem mais integrada e verticalizada do que \u00e9 hoje. Era a antiga empresa do po\u00e7o ao posto,\u201d afirmou o sindicalista.<\/p><\/blockquote>\n<p>\u201cUma companhia petrol\u00edfera que faz explora\u00e7\u00e3o e produ\u00e7\u00e3o de petr\u00f3leo, e tamb\u00e9m transporte, refino, distribui\u00e7\u00e3o e comercializa\u00e7\u00e3o dos derivados desse petr\u00f3leo, consegue praticar pol\u00edtica de pre\u00e7os diferenciada\u201d, compara Bacelar \u2013 favor\u00e1vel \u00e0 verticaliza\u00e7\u00e3o na Petrobras de todas etapas de fornecimento de petr\u00f3leo.<\/p>\n<p>A an\u00e1lise \u00e9 compartilhada pela academia. Para Geraldo de Souza Ferreira, professor de Engenharia de Petr\u00f3leo da Universidade Federal Fluminense (UFF), a retirada de uma empresa p\u00fablica de um setor t\u00e3o vital retira do Estado suas &#8220;ferramentas institucionais&#8221; de interven\u00e7\u00e3o.\u00a0<strong>\u201cQuando se retira uma empresa p\u00fablica de determinado setor da cadeia produtiva, o Estado deixa de ter ferramentas institucionais para fazer algum tipo de interven\u00e7\u00e3o.\u201d<\/strong><\/p>\n<p>Para Souza Ferreira, a atua\u00e7\u00e3o estatal no setor de petr\u00f3leo \u00e9 estrat\u00e9gica.<\/p>\n<blockquote><p>\u201cO petr\u00f3leo e seus derivados s\u00e3o importantes para seguran\u00e7a energ\u00e9tica do pa\u00eds e para manuten\u00e7\u00e3o de v\u00e1rias outras atividades. Esses produtos s\u00e3o fundamentais para a sociedade. Ent\u00e3o, tem que ter um certo n\u00edvel de controle.\u201d<\/p><\/blockquote>\n<p><strong>O especialista ainda assinala que \u201cuma empresa p\u00fablica \u00e9 orientada por sua fun\u00e7\u00e3o social. J\u00e1 as empresas privadas s\u00e3o orientadas para o lucro, para o retorno financeiro.\u201d<\/strong><\/p>\n<p>Na \u00faltima quarta-feira (11), a empresa Vibra Energia S.A que comprou a BR Distribuidora anunciou lucro l\u00edquido de R$ 679 milh\u00f5es em 2024. \u201cNossos resultados financeiros e operacionais comprovam a robustez e a capacidade de execu\u00e7\u00e3o da companhia. Tivemos crescimento consistente de margens a cada trimestre do ano\u201d, destacou Ernesto Pousada, CEO da Vibra, em comunicado da empresa.<\/p>\n<h2>Sem consulta ao Congresso<\/h2>\n<p>A Petrobras perdeu o controle da\u00a0<a href=\"https:\/\/agenciabrasil.ebc.com.br\/economia\/noticia\/2019-05\/conselho-aprova-modelo-de-privatizacao-da-br-distribuidora#:~:text=O%20Conselho%20de%20Administra%C3%A7%C3%A3o%20da,conclui%20a%20nota%20da%20estatal.\" target=\"_blank\" rel=\"noopener\">BR Distribuidora em julho de 2019,<\/a>\u00a0quando iniciou a privatiza\u00e7\u00e3o da antiga subsidi\u00e1ria. A privatiza\u00e7\u00e3o total foi conclu\u00edda dois anos depois. Naquele per\u00edodo, sob o governo do ent\u00e3o presidente Jair Bolsonaro, a diretoria da Petrobras defendia que a empresa deveria focar na produ\u00e7\u00e3o e explora\u00e7\u00e3o de \u00f3leo e g\u00e1s, e abrir m\u00e3o da distribui\u00e7\u00e3o de combust\u00edvel.<\/p>\n<p><strong>A venda das empresas subsidi\u00e1rias da Petrobras foi feita sem consulta ao Congresso Nacional, de acordo com o entendimento do Supremo Tribunal Federal (STF) no julgamento da\u00a0<a href=\"https:\/\/portal.stf.jus.br\/noticias\/verNoticiaDetalhe.asp?idConteudo=413384&amp;ori=1\" target=\"_blank\" rel=\"noopener\">A\u00e7\u00e3o Direta de Inconstitucionalidade (ADI) n\u00ba 5624<\/a>.<\/strong><\/p>\n<p>Conforme decis\u00e3o da Corte, em car\u00e1ter liminar de junho de 2019, \u201ca aliena\u00e7\u00e3o do controle acion\u00e1rio de empresas p\u00fablicas e sociedades de economia mista exige autoriza\u00e7\u00e3o legislativa e licita\u00e7\u00e3o\u201d, mas \u201ca exig\u00eancia de autoriza\u00e7\u00e3o legislativa, todavia, n\u00e3o se aplica \u00e0 aliena\u00e7\u00e3o do controle de suas subsidi\u00e1rias e controladas. Nesse caso, a opera\u00e7\u00e3o pode ser realizada sem a necessidade de licita\u00e7\u00e3o, desde que siga procedimentos que observem os princ\u00edpios da administra\u00e7\u00e3o p\u00fablica inscritos no Artigo 37 da Constitui\u00e7\u00e3o, respeitada, sempre, a exig\u00eancia de necess\u00e1ria competitividade.\u201d<\/p>\n<p><strong><a href=\"https:\/\/agenciabrasil.ebc.com.br\/economia\/noticia\/2020-08\/petrobras-aprova-venda-total-de-acoes-na-br-distribuidora\" target=\"_blank\" rel=\"noopener\">&lt;&lt;Petrobras aprova venda total de a\u00e7\u00f5es na BR Distribuidora<\/a><\/strong><\/p>\n<h2>Corte de tributos e pagamento de subven\u00e7\u00f5es<\/h2>\n<p>Para conter aumento no pre\u00e7o dos combust\u00edveis, o governo zerou as al\u00edquotas de Programa de Integra\u00e7\u00e3o Social\/Contribui\u00e7\u00e3o para o Financiamento da Seguridade Social (PIS\/Cofins) sobre o diesel, e reduzindo o pre\u00e7o em cerca de R$ 0,32 por litro e editou a\u00a0<a href=\"https:\/\/pesquisa.in.gov.br\/imprensa\/jsp\/visualiza\/index.jsp?data=12\/03\/2026&amp;jornal=601&amp;pagina=1&amp;totalArquivos=2\" target=\"_blank\" rel=\"noopener\">Medida Provis\u00f3ria n\u00ba 1.340<\/a>\u00a0que autoriza a concess\u00e3o de mais R$ 0,32 por litro como subven\u00e7\u00e3o econ\u00f4mica para a comercializa\u00e7\u00e3o de \u00f3leo diesel.<\/p>\n<p>No total, s\u00e3o R$ 0,64 por litro cobrados a menos para diminuir o impacto no bolso do consumidor da varia\u00e7\u00e3o do pre\u00e7o do petr\u00f3leo no mercado.<\/p>\n<p>O pre\u00e7o do diesel \u00e9 formado pelo custo do produto junto \u00e0 Petrobras (45,5% do pre\u00e7o m\u00e9dio na bomba do posto); tributo estadual (19%); custo de distribui\u00e7\u00e3o e revenda (17,2%); adi\u00e7\u00e3o de biodiesel (13%). O peso da tributa\u00e7\u00e3o da PIS\/Cofins era de 5,2%.<\/p>\n<p>Tendo em perspectiva o comportamento do mercado internacional de petr\u00f3leo, o governo federal criou uma sala de monitoramento para acompanhar as condi\u00e7\u00f5es do de comercializa\u00e7\u00e3o de combust\u00edveis fora e dentro do Brasil.<\/p>\n<p>Na quinta-feira (12), o governo federal se reuniu com as empresas distribuidoras de combust\u00edvel que sugeriram que a\u00a0<a href=\"https:\/\/agenciabrasil.ebc.com.br\/economia\/noticia\/2026-03\/distribuidoras-pedem-mais-importacao-de-diesel-pela-petrobras\" target=\"_blank\" rel=\"noopener\">Petrobras amplie a importa\u00e7\u00e3o de diesel para garantir abastecimento<\/a>\u00a0e estabilidade de pre\u00e7os no pa\u00eds.<\/p>\n<div class=\"noticias-relacionadas rel-position rowflex\">\n<div class=\"title abs-position\"><strong>Relacionadas<\/strong><\/div>\n<div class=\"capa-noticia-relacionada\"><img decoding=\"async\" data-src=\"https:\/\/imagens.ebc.com.br\/niOlmbluEj0dywX9ppqnYN_kyaY=\/390x240\/smart\/https:\/\/agenciabrasil.ebc.com.br\/sites\/default\/files\/thumbnails\/image\/_mg_1446_0.jpg?itok=EXy_M2Nx\" alt=\"Edif\u00edcio sede da Petrobras\" src=\"data:image\/gif;base64,R0lGODlhAQABAAAAACH5BAEKAAEALAAAAAABAAEAAAICTAEAOw==\" class=\"lazyload\" \/><\/div>\n<div class=\"titulo-noticia-relacionada\">Petrobras encerra venda de sua participa\u00e7\u00e3o na BR Distribuidora<\/div>\n<div class=\"capa-noticia-relacionada\"><img decoding=\"async\" data-src=\"https:\/\/imagens.ebc.com.br\/EzcfHF7zBvgKQNcM4P2E9GdrHTw=\/390x240\/smart\/https:\/\/agenciabrasil.ebc.com.br\/sites\/default\/files\/thumbnails\/image\/2024\/11\/08\/dji_0374-2.jpg?itok=E-qwP7eD\" alt=\"Ipojuca (PE) 01\/11\/2024 \u2013 As unidades de hidrotratametno de diesel e de gera\u00e7\u00e3o de hidrog\u00eanio da Refinaria Abreu e Lima (RNEST), da Petrobras, trabalham para reduzir os teores de enxofre e componentes inst\u00e1veis no combust\u00edvel. O Trem 1 da RNEST vai passar por \" src=\"data:image\/gif;base64,R0lGODlhAQABAAAAACH5BAEKAAEALAAAAAABAAEAAAICTAEAOw==\" class=\"lazyload\" \/><\/div>\n<div class=\"titulo-noticia-relacionada\">Petrobras reajusta pre\u00e7o do diesel em R$ 0,38 por litro<\/div>\n<div class=\"capa-noticia-relacionada\"><img decoding=\"async\" data-src=\"https:\/\/imagens.ebc.com.br\/Zkoc8PiLxiZA-c95Ka9t3RJPNJE=\/390x240\/smart\/https:\/\/agenciabrasil.ebc.com.br\/sites\/default\/files\/thumbnails\/image\/2026\/03\/13\/1000004730.jpg?itok=TmaerwYO\" alt=\"Rio de Janeiro (RJ), 13\/03\/2026 \u2013A presidente da Petrobras, Magda Chambriard, anuncia o reajuste no pre\u00e7o do diesel ao lado os diretores executivos de Financeiro e de Relacionamento com Investidores, Fernando Melgarejo, e de Log\u00edstica, Comercializa\u00e7\u00e3o e Mercados, Claudio Schlosser. Foto: Fernando Fraz\u00e3o\/Ag\u00eancia Brasil\" src=\"data:image\/gif;base64,R0lGODlhAQABAAAAACH5BAEKAAEALAAAAAABAAEAAAICTAEAOw==\" class=\"lazyload\" \/><\/div>\n<div class=\"titulo-noticia-relacionada\">Petrobras atribui aumento do diesel \u00e0 guerra no Oriente M\u00e9dio<\/div>\n<\/div>\n<\/div>\n<div class=\"footer-noticia\">\n<div class=\"editor rowflex\">\n<p>Edi\u00e7\u00e3o:<\/p>\n<div class=\"nome-editor\">A\u00e9cio Amado e L\u00edlian Beraldo<\/div>\n<\/div>\n<\/div>\n<\/div>\n<\/div>\n<\/div>\n<\/div>\n<\/div>\n<p>&nbsp;<\/p>\n","protected":false},"excerpt":{"rendered":"<p>Especialistas e entidades do setor de petr\u00f3leo apontam que os aumentos abusivos nos pre\u00e7os dos combust\u00edveis pelas distribuidoras &#8211; em S\u00e3o Paulo, h\u00e1 relatos de postos vendendo o litro de gasolina a R$ 9 &#8211; n\u00e3o se devem apenas \u00e0 instabilidade no cen\u00e1rio internacional.<\/p>\n","protected":false},"author":2,"featured_media":52621,"comment_status":"open","ping_status":"open","sticky":false,"template":"","format":"standard","meta":{"footnotes":""},"categories":[36,13,21,12,25,27,28],"tags":[],"class_list":["post-52620","post","type-post","status-publish","format-standard","has-post-thumbnail","hentry","category-brasil-2","category-brasil","category-destaque","category-economia","category-interior","category-saude","category-turismo"],"_links":{"self":[{"href":"https:\/\/tudonominuto.com.br\/portal\/wp-json\/wp\/v2\/posts\/52620","targetHints":{"allow":["GET"]}}],"collection":[{"href":"https:\/\/tudonominuto.com.br\/portal\/wp-json\/wp\/v2\/posts"}],"about":[{"href":"https:\/\/tudonominuto.com.br\/portal\/wp-json\/wp\/v2\/types\/post"}],"author":[{"embeddable":true,"href":"https:\/\/tudonominuto.com.br\/portal\/wp-json\/wp\/v2\/users\/2"}],"replies":[{"embeddable":true,"href":"https:\/\/tudonominuto.com.br\/portal\/wp-json\/wp\/v2\/comments?post=52620"}],"version-history":[{"count":3,"href":"https:\/\/tudonominuto.com.br\/portal\/wp-json\/wp\/v2\/posts\/52620\/revisions"}],"predecessor-version":[{"id":52624,"href":"https:\/\/tudonominuto.com.br\/portal\/wp-json\/wp\/v2\/posts\/52620\/revisions\/52624"}],"wp:featuredmedia":[{"embeddable":true,"href":"https:\/\/tudonominuto.com.br\/portal\/wp-json\/wp\/v2\/media\/52621"}],"wp:attachment":[{"href":"https:\/\/tudonominuto.com.br\/portal\/wp-json\/wp\/v2\/media?parent=52620"}],"wp:term":[{"taxonomy":"category","embeddable":true,"href":"https:\/\/tudonominuto.com.br\/portal\/wp-json\/wp\/v2\/categories?post=52620"},{"taxonomy":"post_tag","embeddable":true,"href":"https:\/\/tudonominuto.com.br\/portal\/wp-json\/wp\/v2\/tags?post=52620"}],"curies":[{"name":"wp","href":"https:\/\/api.w.org\/{rel}","templated":true}]}}