{"id":52632,"date":"2026-03-14T13:26:03","date_gmt":"2026-03-14T16:26:03","guid":{"rendered":"https:\/\/tudonominuto.com.br\/portal\/?p=52632"},"modified":"2026-03-14T13:27:13","modified_gmt":"2026-03-14T16:27:13","slug":"bolsonaro-teve-piora-da-funcao-renal-e-segue-estavel-na-uti-diz-boletim-medico","status":"publish","type":"post","link":"https:\/\/tudonominuto.com.br\/portal\/2026\/03\/14\/bolsonaro-teve-piora-da-funcao-renal-e-segue-estavel-na-uti-diz-boletim-medico\/","title":{"rendered":"Bolsonaro teve piora da fun\u00e7\u00e3o renal e segue est\u00e1vel na UTI, diz boletim m\u00e9dico"},"content":{"rendered":"<header class=\"gzw-header\">\n<div class=\"header-head\">\n<div class=\"elements-left-desk-header\">\n<div class=\"nav-only-desk topo-temp\">\n<div class=\"temp-value\"><a href=\"https:\/\/www.gazetadealagoas.com.br\/assinaturas\" aria-label=\"Assine a Gazeta de Alagoas\">Assine a <b>Gazeta de Alagoas<\/b><\/a><\/div>\n<div><picture><img decoding=\"async\" data-src=\"https:\/\/cdn.gazetaweb.com\/img\/inline\/880000\/374x250\/boletim-medico-diz-que-bolsonaro-teve-piora-da-fun-00886419-c4774aebdae80cd4fe64db03679f78de-7.webp?fallback=https%3A%2F%2Fcdn.gazetaweb.com%2Fimg%2Finline%2F880000%2Fboletim-medico-diz-que-bolsonaro-teve-piora-da-fun-00886419-c4774aebdae80cd4fe64db03679f78de.jpg%3Fxid%3D1941289&amp;xid=1941289\" alt=\" Bolsonaro teve piora da fun\u00e7\u00e3o renal e segue est\u00e1vel na UTI, diz boletim m\u00e9dico \" src=\"data:image\/gif;base64,R0lGODlhAQABAAAAACH5BAEKAAEALAAAAAABAAEAAAICTAEAOw==\" class=\"lazyload\" \/><\/picture><\/div>\n<div>N\u00e3o h\u00e1 previs\u00e3o de alta da Unidade Intensiva de Tratamento (UTI) neste momento, segundo o boletim. \u2014 Foto: Reprodu\u00e7\u00e3o<\/div>\n<div><\/div>\n<\/div>\n<\/div>\n<\/div>\n<\/header>\n<div class=\"gzw-articleContainer\">\n<section class=\"gzw-articleContent\" data-article-container=\"\">\n<header>\n<div class=\"gzw-breadcrumb\"><a title=\"BRASIL\" href=\"https:\/\/www.gazetaweb.com\/noticias\/brasil\" data-event-name=\"click_breadcrumb\" data-breadcrumb-item=\"Brasil\" data-breadcrumb-url=\"\/noticias\/brasil\" data-breadcrumb-position=\"3\">BRASIL<\/a><\/div>\n<div class=\"article-category-info\"><span class=\"article-category-info-text\">BRONCOPNEUMONIA<\/span><\/div>\n<h2>Equipe m\u00e9dica tamb\u00e9m informou que ex-presidente apresentou eleva\u00e7\u00e3o dos marcadores inflamat\u00f3rios<\/h2>\n<div class=\"gzw-articleAuthor\">\n<div class=\"articleInfos\">\n<h3>TNM\/Metr\u00f3poles <strong>GazetaWeb<\/strong> no Google <a id=\"google-news-btn\" href=\"https:\/\/profile.google.com\/cp\/Cg0vZy8xMWM1MnNuZHJr\" target=\"_blank\" rel=\"noopener\"><img decoding=\"async\" data-src=\"https:\/\/www.gazetaweb.com\/themes\/default\/assets\/img\/SVG\/google.svg\" alt=\"Google icon\" src=\"data:image\/gif;base64,R0lGODlhAQABAAAAACH5BAEKAAEALAAAAAABAAEAAAICTAEAOw==\" class=\"lazyload\" \/><\/a><\/h3>\n<\/div>\n<\/div>\n<\/header>\n<div class=\"gzw-conteudo\">\n<article id=\"article\" data-fetch=\"true\">Boletim m\u00e9dico divulgado neste s\u00e1bado (14\/3) afirma que o ex-presidente Jair Bolsonaro (PL) encontra-se \u201cest\u00e1vel clinicamente\u201d, mas apresentou \u201cpiora na fun\u00e7\u00e3o renal e eleva\u00e7\u00e3o dos marcadores inflamat\u00f3rios\u201d.O documento, assinado pela equipe m\u00e9dica do ex-chefe do Executivo, diz que ele mant\u00e9m o \u201ctratamento com antibi\u00f3ticos e hidrata\u00e7\u00e3o por via endovenosa, fisioterapia respirat\u00f3ria e motora, al\u00e9m das medidas de preven\u00e7\u00e3o de trombose venosa\u201d.<\/p>\n<section class=\"table__leia-mais\">\n<h3>Leia tamb\u00e9m<\/h3>\n<\/section>\n<p>N\u00e3o h\u00e1 previs\u00e3o de alta da Unidade Intensiva de Tratamento (UTI) neste momento, segundo o boletim.<\/p>\n<p>Bolsonaro foi internado no hospital DF Star, em Bras\u00edlia, por conta de um quadro de broncopneumonia bacteriana bilateral.<\/p>\n<p>De acordo com informa\u00e7\u00f5es antecipadas pela equipe m\u00e9dica, Bolsonaro apresentou febre alta, queda de satura\u00e7\u00e3o de oxig\u00eanio, sudorese intensa e calafrios enquanto estava detido na Papudinha, em Bras\u00edlia.<\/p>\n<p>Diante da piora cl\u00ednica, a equipe de plant\u00e3o optou por transferi-lo, na manh\u00e3 de sexta (13\/2), para avalia\u00e7\u00e3o hospitalar mais detalhada.<\/p>\n<p>O ex-presidente cumpre pena de 27 anos e 3 meses na Papudinha, pres\u00eddio localizado no complexo da Papuda, no Distrito Federal, desde o dia 15 de janeiro.<\/p>\n<\/article>\n<\/div>\n<\/section>\n<\/div>\n<p>&nbsp;<\/p>\n","protected":false},"excerpt":{"rendered":"<p>Equipe m\u00e9dica tamb\u00e9m informou que ex-presidente apresentou eleva\u00e7\u00e3o dos marcadores inflamat\u00f3rios<\/p>\n","protected":false},"author":2,"featured_media":52633,"comment_status":"open","ping_status":"open","sticky":false,"template":"","format":"standard","meta":{"footnotes":""},"categories":[21,23,25,10,32,8,24,33,9,35,34,15,27,28],"tags":[],"class_list":["post-52632","post","type-post","status-publish","format-standard","has-post-thumbnail","hentry","category-destaque","category-educacao","category-interior","category-justica","category-ploitica","category-policia","category-policia-2","category-politica-2","category-politica","category-politica-politica","category-religiao-2","category-religiao","category-saude","category-turismo"],"_links":{"self":[{"href":"https:\/\/tudonominuto.com.br\/portal\/wp-json\/wp\/v2\/posts\/52632","targetHints":{"allow":["GET"]}}],"collection":[{"href":"https:\/\/tudonominuto.com.br\/portal\/wp-json\/wp\/v2\/posts"}],"about":[{"href":"https:\/\/tudonominuto.com.br\/portal\/wp-json\/wp\/v2\/types\/post"}],"author":[{"embeddable":true,"href":"https:\/\/tudonominuto.com.br\/portal\/wp-json\/wp\/v2\/users\/2"}],"replies":[{"embeddable":true,"href":"https:\/\/tudonominuto.com.br\/portal\/wp-json\/wp\/v2\/comments?post=52632"}],"version-history":[{"count":2,"href":"https:\/\/tudonominuto.com.br\/portal\/wp-json\/wp\/v2\/posts\/52632\/revisions"}],"predecessor-version":[{"id":52635,"href":"https:\/\/tudonominuto.com.br\/portal\/wp-json\/wp\/v2\/posts\/52632\/revisions\/52635"}],"wp:featuredmedia":[{"embeddable":true,"href":"https:\/\/tudonominuto.com.br\/portal\/wp-json\/wp\/v2\/media\/52633"}],"wp:attachment":[{"href":"https:\/\/tudonominuto.com.br\/portal\/wp-json\/wp\/v2\/media?parent=52632"}],"wp:term":[{"taxonomy":"category","embeddable":true,"href":"https:\/\/tudonominuto.com.br\/portal\/wp-json\/wp\/v2\/categories?post=52632"},{"taxonomy":"post_tag","embeddable":true,"href":"https:\/\/tudonominuto.com.br\/portal\/wp-json\/wp\/v2\/tags?post=52632"}],"curies":[{"name":"wp","href":"https:\/\/api.w.org\/{rel}","templated":true}]}}