{"id":52640,"date":"2026-03-14T17:51:12","date_gmt":"2026-03-14T20:51:12","guid":{"rendered":"https:\/\/tudonominuto.com.br\/portal\/?p=52640"},"modified":"2026-03-14T17:51:27","modified_gmt":"2026-03-14T20:51:27","slug":"moraes-manda-prender-kids-pretos-condenados-pela-trama-golpista","status":"publish","type":"post","link":"https:\/\/tudonominuto.com.br\/portal\/2026\/03\/14\/moraes-manda-prender-kids-pretos-condenados-pela-trama-golpista\/","title":{"rendered":"Moraes manda prender kids pretos condenados pela trama golpista"},"content":{"rendered":"<header class=\"elementor elementor-176806 elementor-location-header\" data-elementor-type=\"header\" data-elementor-id=\"176806\" data-elementor-post-type=\"elementor_library\">\n<div class=\"elementor-element elementor-element-45177c7a elementor-hidden-mobile e-flex e-con-boxed e-con e-parent e-lazyloaded\" data-id=\"45177c7a\" data-element_type=\"container\" data-e-type=\"container\" data-settings=\"{&quot;background_background&quot;:&quot;classic&quot;}\">\n<div class=\"e-con-inner\">\n<div class=\"elementor-element elementor-element-40105c5 elementor-widget elementor-widget-html\" data-id=\"40105c5\" data-element_type=\"widget\" data-e-type=\"widget\" data-widget_type=\"html.default\">\n<div id=\"data-completa\"><strong><a class=\"elementor-post-info__terms-list-item\" href=\"https:\/\/www.portaldealagoas.com.br\/c\/brasil\/\">Brasil<\/a><\/strong><\/div>\n<div>\n<div class=\"elementor-element elementor-element-7800e586 elementor-widget elementor-widget-theme-post-featured-image elementor-widget-image\" data-id=\"7800e586\" data-element_type=\"widget\" data-e-type=\"widget\" data-widget_type=\"theme-post-featured-image.default\"><img decoding=\"async\" class=\"attachment-full size-full wp-image-197490 lazyload\" data-src=\"https:\/\/www.portaldealagoas.com.br\/wp-content\/uploads\/2026\/03\/54854490395_c87ce092a7_o.webp\" data-sizes=\"(max-width: 1170px) 100vw, 1170px\" data-srcset=\"https:\/\/www.portaldealagoas.com.br\/wp-content\/uploads\/2026\/03\/54854490395_c87ce092a7_o.webp 1170w, https:\/\/www.portaldealagoas.com.br\/wp-content\/uploads\/2026\/03\/54854490395_c87ce092a7_o-300x179.webp 300w, https:\/\/www.portaldealagoas.com.br\/wp-content\/uploads\/2026\/03\/54854490395_c87ce092a7_o-1024x613.webp 1024w, https:\/\/www.portaldealagoas.com.br\/wp-content\/uploads\/2026\/03\/54854490395_c87ce092a7_o-768x459.webp 768w\" alt=\"\" width=\"1170\" height=\"700\" src=\"data:image\/gif;base64,R0lGODlhAQABAAAAACH5BAEKAAEALAAAAAABAAEAAAICTAEAOw==\" style=\"--smush-placeholder-width: 1170px; --smush-placeholder-aspect-ratio: 1170\/700;\" \/><\/div>\n<div class=\"elementor-element elementor-element-7e50aec6 elementor-widget elementor-widget-theme-post-content\" data-id=\"7e50aec6\" data-element_type=\"widget\" data-e-type=\"widget\" data-widget_type=\"theme-post-content.default\">\n<div class=\"header-noticia full-width\">\n<div class=\"linha-fina-noticia\">Pris\u00f5es foram determinadas ap\u00f3s o fim do processo<\/div>\n<\/div>\n<div class=\"subheader\">\n<div class=\"container-autoria\">\n<div class=\"autor-noticia\">Ag\u00eancia Brasil \u00a9 Rosinei Coutinho\/STF<\/div>\n<div><\/div>\n<div class=\"autor-noticia\"><strong>O ministro Alexandre de Moraes, do Supremo Tribunal Federal (STF), determinou a pris\u00e3o definitiva de seis\u00a0<em>kids<\/em>\u00a0pretos e\u00a0um agente da Pol\u00edcia Federal\u00a0que foram condenados pela trama golpista ocorrida durante o governo de Jair Bolsonaro.<\/strong><img decoding=\"async\" data-src=\"https:\/\/agenciabrasil.ebc.com.br\/ebc.png?id=1681899&amp;o=node\" src=\"data:image\/gif;base64,R0lGODlhAQABAAAAACH5BAEKAAEALAAAAAABAAEAAAICTAEAOw==\" class=\"lazyload\" \/><img decoding=\"async\" data-src=\"https:\/\/agenciabrasil.ebc.com.br\/ebc.gif?id=1681899&amp;o=node\" src=\"data:image\/gif;base64,R0lGODlhAQABAAAAACH5BAEKAAEALAAAAAABAAEAAAICTAEAOw==\" class=\"lazyload\" \/><\/div>\n<\/div>\n<\/div>\n<\/div>\n<\/div>\n<\/div>\n<\/div>\n<\/div>\n<\/header>\n<div class=\"elementor elementor-176813 elementor-location-single post-197489 post type-post status-publish format-standard has-post-thumbnail hentry category-brasil\" data-elementor-type=\"single-post\" data-elementor-id=\"176813\" data-elementor-post-type=\"elementor_library\">\n<div class=\"elementor-element elementor-element-14d87bc4 e-flex e-con-boxed e-con e-parent e-lazyloaded\" data-id=\"14d87bc4\" data-element_type=\"container\" data-e-type=\"container\">\n<div class=\"e-con-inner\">\n<div class=\"elementor-element elementor-element-32298c8e e-con-full e-flex e-con e-child\" data-id=\"32298c8e\" data-element_type=\"container\" data-e-type=\"container\">\n<div class=\"elementor-element elementor-element-4b0ac8f2 elementor-widget elementor-widget-post-info\" data-id=\"4b0ac8f2\" data-element_type=\"widget\" data-e-type=\"widget\" data-widget_type=\"post-info.default\">\n<p>TNM\/<a href=\"https:\/\/www.portaldealagoas.com.br\/author\/jurandyr-lima\/\"><span class=\"elementor-icon-list-text elementor-post-info__item elementor-post-info__item--type-author\"><span class=\"elementor-post-info__item-prefix\">Por\u00a0<\/span>Reda\u00e7\u00e3o<\/span><\/a><\/p>\n<\/div>\n<div class=\"elementor-element elementor-element-7e50aec6 elementor-widget elementor-widget-theme-post-content\" data-id=\"7e50aec6\" data-element_type=\"widget\" data-e-type=\"widget\" data-widget_type=\"theme-post-content.default\">\n<div class=\"conteudo-noticia\">\n<p>Eles\u00a0fazem parte do N\u00facleo 3 da acusa\u00e7\u00e3o de golpe de Estado e foram denunciados por\u00a0<strong>planejar a\u00e7\u00f5es t\u00e1ticas para sequestrar e matar Moraes, o vice-presidente\u00a0Geraldo Alckmin, e o presidente Luiz In\u00e1cio Lula da Silva, em 2022.<\/strong><\/p>\n<p>As pris\u00f5es foram determinadas ap\u00f3s o fim do processo e da possibilidade de apresenta\u00e7\u00e3o de recursos.<\/p>\n<p><a href=\"https:\/\/whatsapp.com\/channel\/0029VaoRTgrInlqYLSk59B2M\" target=\"_blank\" rel=\"noopener\">&gt;&gt; Siga o canal da\u00a0<strong>Ag\u00eancia Brasil<\/strong>\u00a0no WhatsApp<\/a><\/p>\n<p>No m\u00eas passado, a Primeira Turma do Supremo negou os \u00faltimos recursos apresentados pelos r\u00e9us.<strong>\u00a0Nesta semana, o ac\u00f3rd\u00e3o do julgamento foi publicado, e o ministro determinou a execu\u00e7\u00e3o das penas.<\/strong><\/p>\n<p><strong>Confira as penas dos r\u00e9us:<\/strong><\/p>\n<ol>\n<li>H\u00e9lio Ferreira Lima \u2013 tenente-coronel: 24 anos de pris\u00e3o;<\/li>\n<li>Rafael Martins de Oliveira \u2013 tenente-coronel: 21 anos de pris\u00e3o;<\/li>\n<li>Rodrigo Bezerra de Azevedo \u2013 tenente-coronel: 21 anos de pris\u00e3o;<\/li>\n<li>Wladimir Matos Soares \u2013 policial federal: 21 anos de pris\u00e3o;<\/li>\n<li>S\u00e9rgio Ricardo Cavaliere de Medeiros \u2013 tenente-coronel: 17 anos de pris\u00e3o;<\/li>\n<li>Bernardo Rom\u00e3o Correa Netto \u2013 coronel: 17 anos de pris\u00e3o;<\/li>\n<li>Fabr\u00edcio Moreira de Bastos \u2013 coronel: 16 anos de pris\u00e3o.<\/li>\n<\/ol>\n<\/div>\n<div class=\"footer-noticia\">\n<div class=\"editor rowflex\">\n<p>Edi\u00e7\u00e3o:<\/p>\n<div class=\"nome-editor\">Juliana Andrade<\/div>\n<\/div>\n<\/div>\n<\/div>\n<\/div>\n<\/div>\n<\/div>\n<\/div>\n","protected":false},"excerpt":{"rendered":"<p>No m\u00eas passado, a Primeira Turma do Supremo negou os \u00faltimos recursos apresentados pelos r\u00e9us.\u00a0Nesta semana, o ac\u00f3rd\u00e3o do julgamento foi publicado, e o ministro determinou a execu\u00e7\u00e3o das penas.<\/p>\n","protected":false},"author":2,"featured_media":52641,"comment_status":"open","ping_status":"open","sticky":false,"template":"","format":"standard","meta":{"footnotes":""},"categories":[13,36,21,12,23,25,10,8,24,27],"tags":[],"class_list":["post-52640","post","type-post","status-publish","format-standard","has-post-thumbnail","hentry","category-brasil","category-brasil-2","category-destaque","category-economia","category-educacao","category-interior","category-justica","category-policia","category-policia-2","category-saude"],"_links":{"self":[{"href":"https:\/\/tudonominuto.com.br\/portal\/wp-json\/wp\/v2\/posts\/52640","targetHints":{"allow":["GET"]}}],"collection":[{"href":"https:\/\/tudonominuto.com.br\/portal\/wp-json\/wp\/v2\/posts"}],"about":[{"href":"https:\/\/tudonominuto.com.br\/portal\/wp-json\/wp\/v2\/types\/post"}],"author":[{"embeddable":true,"href":"https:\/\/tudonominuto.com.br\/portal\/wp-json\/wp\/v2\/users\/2"}],"replies":[{"embeddable":true,"href":"https:\/\/tudonominuto.com.br\/portal\/wp-json\/wp\/v2\/comments?post=52640"}],"version-history":[{"count":2,"href":"https:\/\/tudonominuto.com.br\/portal\/wp-json\/wp\/v2\/posts\/52640\/revisions"}],"predecessor-version":[{"id":52643,"href":"https:\/\/tudonominuto.com.br\/portal\/wp-json\/wp\/v2\/posts\/52640\/revisions\/52643"}],"wp:featuredmedia":[{"embeddable":true,"href":"https:\/\/tudonominuto.com.br\/portal\/wp-json\/wp\/v2\/media\/52641"}],"wp:attachment":[{"href":"https:\/\/tudonominuto.com.br\/portal\/wp-json\/wp\/v2\/media?parent=52640"}],"wp:term":[{"taxonomy":"category","embeddable":true,"href":"https:\/\/tudonominuto.com.br\/portal\/wp-json\/wp\/v2\/categories?post=52640"},{"taxonomy":"post_tag","embeddable":true,"href":"https:\/\/tudonominuto.com.br\/portal\/wp-json\/wp\/v2\/tags?post=52640"}],"curies":[{"name":"wp","href":"https:\/\/api.w.org\/{rel}","templated":true}]}}