{"id":56668,"date":"2026-08-30T19:09:03","date_gmt":"2026-08-30T22:09:03","guid":{"rendered":"https:\/\/tudonominuto.com.br\/portal\/?p=56668"},"modified":"2026-08-30T19:09:03","modified_gmt":"2026-08-30T22:09:03","slug":"nao-pretendo-votar-jovens-de-alagoas-relatam-distancia-da-politica-nas-eleicoes-2026","status":"publish","type":"post","link":"https:\/\/tudonominuto.com.br\/portal\/2026\/08\/30\/nao-pretendo-votar-jovens-de-alagoas-relatam-distancia-da-politica-nas-eleicoes-2026\/","title":{"rendered":"\u2018N\u00e3o pretendo votar\u2019: jovens de Alagoas relatam dist\u00e2ncia da pol\u00edtica nas Elei\u00e7\u00f5es 2026"},"content":{"rendered":"<p><img decoding=\"async\" src=\"https:\/\/tpc.googlesyndication.com\/simgad\/7021572100275611350\" \/><\/p>\n<picture class=\"w-full block relative h-[272px] sm:w-[697px] sm:h-[465px] mb-4 sm:mb-[2.813rem]\"><img decoding=\"async\" class=\"object-cover rounded-lg w-full lazyload\" data-src=\"https:\/\/img.cadaminuto.com.br\/cadaminuto\/imagens\/daa54dcd-6a2c-4f1d-b974-a3e54ee262e6.jpg\/:\/rs=w:697,h:465,i:true,cg:true,ft:cover?cache=true\" alt=\"Se\u00e7\u00e3o eleitoral\" data-nimg=\"fill\" src=\"data:image\/gif;base64,R0lGODlhAQABAAAAACH5BAEKAAEALAAAAAABAAEAAAICTAEAOw==\" \/><\/picture>\n<div id=\"intext1_alright\" data-ad-inserido=\"true\">\u201cN\u00e3o pretendo votar porque ainda n\u00e3o me sinto preparada e informada o suficiente para tomar uma decis\u00e3o pol\u00edtica\u201d, afirma Samara Vit\u00f3ria, de 17 anos, em meio \u00e0 campanha para as Elei\u00e7\u00f5es 2026.<\/div>\n<div class=\"text-[1.1rem] post-content mb-12\">\n<p>A inseguran\u00e7a relatada pela adolescente n\u00e3o \u00e9 um caso isolado. Uma pesquisa Nexus, realizada em maio e\u00a0<a href=\"https:\/\/noticias.uol.com.br\/colunas\/daniela-lima\/2026\/05\/26\/pesquisa-jovens-tem-voto-menos-decidido-e-viram-alvo-de-disputa-na-eleicao.htm\"><u>divulgada<\/u><\/a>\u00a0pela coluna de Daniela Lima, no UOL, mostrou que 54% dos jovens de 16 a 24 anos estavam certos sobre o voto, enquanto 38% admitiam a possibilidade de mudar de escolha.<\/p>\n<p>O cen\u00e1rio \u00e9 diferente entre os eleitores de 25 a 60 anos. Nessa faixa et\u00e1ria, os \u00edndices relacionados \u00e0 certeza e \u00e0 defini\u00e7\u00e3o do voto variavam entre 74% e 78%, percentuais superiores aos registrados entre os mais jovens.<\/p>\n<p>Em Alagoas, 54.299 eleitores de 16 e 17 anos est\u00e3o aptos a participar das Elei\u00e7\u00f5es 2026, segundo dados do Tribunal Regional Eleitoral de Alagoas (TRE\/AL). Para essa parcela da popula\u00e7\u00e3o, o voto \u00e9 facultativo.<\/p>\n<p>Na avalia\u00e7\u00e3o da assessora de comunica\u00e7\u00e3o do TRE\/AL, Fl\u00e1via Gomes, cada jovem que solicita o t\u00edtulo eleitoral demonstra interesse espont\u00e2neo em participar das decis\u00f5es pol\u00edticas do pa\u00eds.<\/p>\n<p>Segundo a assessora, a juventude alagoana tem ampliado a participa\u00e7\u00e3o nos debates sobre as propostas dos candidatos, embora esse movimento n\u00e3o ocorra de maneira uniforme. \u201cTamb\u00e9m h\u00e1 uma parcela que, mesmo reconhecendo a import\u00e2ncia desse dever, ainda se sente insegura em votar\u201d, afirma.<\/p>\n<p><strong>Uma gera\u00e7\u00e3o conectada, mas distante da pol\u00edtica<\/strong><\/p>\n<p>Essa inseguran\u00e7a faz parte da experi\u00eancia de Samara. Mesmo prestes a completar 18 anos, ela decidiu que n\u00e3o pretende ir \u00e0s urnas em outubro.<\/p>\n<p>A escolha, segundo a jovem, n\u00e3o decorre da falta de preocupa\u00e7\u00e3o com o futuro de Alagoas ou do pa\u00eds, mas da sensa\u00e7\u00e3o de que ainda n\u00e3o conhece suficientemente os candidatos para tomar uma decis\u00e3o.<\/p>\n<p>\u201cPrefiro conhecer melhor os candidatos e entender mais sobre pol\u00edtica antes de escolher em quem votar\u201d, explica.<\/p>\n<p>Embora n\u00e3o pretenda participar da elei\u00e7\u00e3o deste ano, Samara reconhece a import\u00e2ncia do voto nas decis\u00f5es que afetam a sociedade. Ela conta que costuma buscar informa\u00e7\u00f5es em ve\u00edculos de comunica\u00e7\u00e3o que considera confi\u00e1veis e checar os conte\u00fados que recebe pelas redes sociais para evitar not\u00edcias falsas e formar a pr\u00f3pria opini\u00e3o.<\/p>\n<p>Na avalia\u00e7\u00e3o da jovem, os assuntos pol\u00edticos frequentemente provocam discuss\u00f5es, mas nem sempre os debates s\u00e3o acompanhados de conhecimento sobre os temas abordados. Para ela, muitas pessoas se limitam a defender posi\u00e7\u00f5es, sem discutir propostas capazes de melhorar o estado e o pa\u00eds.<\/p>\n<p>\u201cN\u00e3o \u00e9 sobre escolher o pior ou o menos pior. \u00c9 sobre algu\u00e9m que venha disposto a realmente fazer a diferen\u00e7a e melhorar o nosso lugar\u201d, destaca.<\/p>\n<p>Ao falar sobre as prioridades para Alagoas, Samara aponta a necessidade de investimentos em educa\u00e7\u00e3o, com mais oportunidades para os jovens. Ela tamb\u00e9m defende maior aten\u00e7\u00e3o ao transporte p\u00fablico, \u00e0 mobilidade urbana e \u00e0 seguran\u00e7a.<\/p>\n<p>\u201cAcho que, com mais investimentos e uma boa gest\u00e3o, essas \u00e1reas podem melhorar bastante a qualidade de vida da popula\u00e7\u00e3o\u201d, pontua.<\/p>\n<p><strong>O voto e a dist\u00e2ncia do debate<\/strong><\/p>\n<p>O afastamento da pol\u00edtica, por\u00e9m, n\u00e3o aparece apenas entre os jovens que decidem n\u00e3o votar. Erick Monteiro, de 17 anos, tirou o t\u00edtulo eleitoral neste ano e participar\u00e1 pela primeira vez de uma elei\u00e7\u00e3o.<\/p>\n<figure class=\"image\"><img decoding=\"async\" data-src=\"https:\/\/cadaminuto-app-2.s3.amazonaws.com\/imagens\/73c68caa-5401-4e63-9860-08ddc630b780.jpeg\" src=\"data:image\/gif;base64,R0lGODlhAQABAAAAACH5BAEKAAEALAAAAAABAAEAAAICTAEAOw==\" class=\"lazyload\" \/><figcaption>Erick Monteiro, estudante de 17 anos. Foto: Acervo pessoal<\/figcaption><\/figure>\n<p>Apesar de reconhecer a import\u00e2ncia do voto, ele admite que n\u00e3o acompanha com frequ\u00eancia as propostas dos candidatos nem o cen\u00e1rio pol\u00edtico de Alagoas.<\/p>\n<p>Segundo Erick, a aus\u00eancia desse debate em seu c\u00edrculo de conviv\u00eancia faz com que o contato com temas pol\u00edticos seja apenas ocasional.<\/p>\n<p>\u201cNormalmente, as pessoas do meu conv\u00edvio cotidiano n\u00e3o costumam falar sobre pol\u00edtica, mas, vez ou outra, em uma aula ou reuni\u00e3o, surge algum tema e acaba acontecendo uma discuss\u00e3o ou um debate\u201d, conta.<\/p>\n<p>A experi\u00eancia de Erick mostra que votar e acompanhar a pol\u00edtica nem sempre caminham juntos. Mesmo decidido a participar das elei\u00e7\u00f5es, ele percebe uma dist\u00e2ncia entre o cotidiano de sua gera\u00e7\u00e3o e o debate pol\u00edtico.<\/p>\n<p>Para o jovem, a quantidade de conte\u00fados que circulam diariamente pode contribuir para esse afastamento. Em meio ao fluxo constante de publica\u00e7\u00f5es nas redes sociais e em outros canais, a pol\u00edtica passa a disputar aten\u00e7\u00e3o com diversos temas do cotidiano.<\/p>\n<p>\u201cCreio que, com o grande bombardeio de informa\u00e7\u00f5es que acompanha essa gera\u00e7\u00e3o, o contato excessivo com conte\u00fados pol\u00edticos faz com que o tema se torne apenas mais um entre v\u00e1rios assuntos, ocasionando desinteresse nessa \u00e1rea\u201d, analisa.<\/p>\n<p><strong>Entre as redes e as urnas<\/strong><\/p>\n<p>A dificuldade de aproximar os jovens da pol\u00edtica institucional tamb\u00e9m foi analisada pelo professor dos programas de p\u00f3s-gradua\u00e7\u00e3o em Antropologia Social e Sociologia da Universidade Federal de Alagoas (Ufal), Jo\u00e3o Bittencourt, em<a href=\"https:\/\/www.cadaminuto.com.br\/noticia\/2026\/05\/11\/sem-titulo-o-jovem-deixa-de-existir-para-o-sistema-democratico-alerta-pesquisador-da-ufal\">\u00a0<u>entrevista ao CadaMinuto<\/u><\/a>, em maio deste ano.<\/p>\n<p>&nbsp;<\/p>\n<figure class=\"image\"><img decoding=\"async\" data-src=\"https:\/\/cadaminuto-app-2.s3.amazonaws.com\/imagens\/5a1ba1ef-74fc-4e6e-ab56-ecb0c85c2b1f.jpg\" src=\"data:image\/gif;base64,R0lGODlhAQABAAAAACH5BAEKAAEALAAAAAABAAEAAAICTAEAOw==\" class=\"lazyload\" \/><figcaption>Prof. Joao Bittencourt, coordenador do Laborat\u00f3rio da Juventude (LabJuv), da Ufal. Cr\u00e9dito: Cortesia ao CadaMinuto<\/figcaption><\/figure>\n<p>&nbsp;<\/p>\n<p>Na ocasi\u00e3o, o pesquisador avaliou que a juventude atual se relaciona de maneira diferente com a pol\u00edtica. Enquanto os jovens buscam estruturas mais horizontais, partidos e institui\u00e7\u00f5es ainda permanecem presos a modelos hier\u00e1rquicos e distantes, sobretudo, da realidade das periferias.<\/p>\n<p>\u201cA direita vem construindo estrat\u00e9gias muito mais eficazes para dialogar com essa popula\u00e7\u00e3o, utilizando TikTok e WhatsApp para criar uma ideia de radicalidade e transgress\u00e3o\u201d, analisou.<\/p>\n<p>Para Bittencourt, essa dist\u00e2ncia n\u00e3o se resume \u00e0 falta de identifica\u00e7\u00e3o ou de interesse. A aus\u00eancia dos jovens nas urnas tamb\u00e9m pode fazer com que esse grupo tenha menos espa\u00e7o entre as prioridades dos gestores p\u00fablicos, aprofundando o sentimento de falta de representa\u00e7\u00e3o.<\/p>\n<p>\u201cSe o jovem n\u00e3o vota, o gestor se sente desobrigado de construir pol\u00edticas p\u00fablicas para ele. O sistema n\u00e3o o enxerga, e ele passa a se sentir cada vez menos representado\u201d, refor\u00e7ou.<\/p>\n<p>A tentativa de reduzir essa dist\u00e2ncia tamb\u00e9m passa pela maneira como a Justi\u00e7a Eleitoral se comunica com esse p\u00fablico. Segundo Gomes, o TRE\/AL tem investido em v\u00eddeos curtos, linguagem simples e conte\u00fados adaptados \u00e0s redes sociais, al\u00e9m de desenvolver a\u00e7\u00f5es de educa\u00e7\u00e3o pol\u00edtica e combate \u00e0 desinforma\u00e7\u00e3o.<\/p>\n<p>\u201cNosso trabalho n\u00e3o \u00e9 dizer em quem o jovem deve votar, mas mostrar que ele tem o direito de participar e oferecer informa\u00e7\u00e3o para que possa fazer essa escolha com seguran\u00e7a e consci\u00eancia\u201d, explica.<\/p>\n<p>Entre as iniciativas desenvolvidas pelo \u00f3rg\u00e3o est\u00e1 o concurso \u201cJuventude Contra a Desinforma\u00e7\u00e3o\u201d, que incentiva estudantes a produzirem v\u00eddeos sobre educa\u00e7\u00e3o midi\u00e1tica, cidadania digital e enfrentamento \u00e0s not\u00edcias falsas.<\/p>\n<p>Para a jornalista, o objetivo \u00e9 fazer com que os jovens deixem de ser apenas receptores de informa\u00e7\u00f5es e tamb\u00e9m participem do enfrentamento aos conte\u00fados enganosos. \u201cCombater a desinforma\u00e7\u00e3o tamb\u00e9m \u00e9 uma forma de exercer cidadania\u201d, afirma.<\/p>\n<p><strong>Educa\u00e7\u00e3o pol\u00edtica antes do primeiro voto<\/strong><\/p>\n<p>Para Erick, mais do que estimular o comparecimento \u00e0s urnas, \u00e9 necess\u00e1rio criar condi\u00e7\u00f5es para que os jovens compreendam o pr\u00f3prio papel na sociedade e percebam que as decis\u00f5es pol\u00edticas interferem diretamente em suas vidas.<\/p>\n<p>\u201cTendo isso em vista, acredito ser necess\u00e1ria, antes de tudo, a educa\u00e7\u00e3o pol\u00edtica para a conscientiza\u00e7\u00e3o sobre a import\u00e2ncia do tema\u201d, aponta.<\/p>\n<p>A Escola Judici\u00e1ria Eleitoral mant\u00e9m os programas Eleitor do Futuro, destinado ao p\u00fablico de 10 a 15 anos, e Eleitor Jovem, voltado a quem tem 16 e 17 anos. As iniciativas buscam incentivar a participa\u00e7\u00e3o pol\u00edtica e apresentar o funcionamento do processo eleitoral antes mesmo do primeiro voto.<\/p>\n<p>Para o TRE\/AL, esse trabalho tamb\u00e9m precisa alcan\u00e7ar quem vive fora da capital. A Justi\u00e7a Eleitoral afirma promover a\u00e7\u00f5es de cidadania em munic\u00edpios do interior, embora ainda n\u00e3o disponha de dados atualizados que permitam comparar, com seguran\u00e7a, a ades\u00e3o dos jovens de Macei\u00f3 com a registrada nas demais cidades alagoanas.<\/p>\n<p>Os relatos de Samara e Erick mostram que ter o t\u00edtulo eleitoral n\u00e3o significa estar pr\u00f3ximo da pol\u00edtica. O desafio \u00e9 fazer com que os jovens reconhe\u00e7am suas demandas nas propostas dos candidatos e compreendam o impacto do voto em suas vidas.<\/p>\n<p>Como alerta Jo\u00e3o Bittencourt, a aus\u00eancia dessa parcela da popula\u00e7\u00e3o nas urnas tamb\u00e9m pode reduzir seu espa\u00e7o entre as prioridades do poder p\u00fablico. \u201cSe o jovem n\u00e3o vota, o gestor se sente desobrigado de construir pol\u00edticas p\u00fablicas para ele. O sistema n\u00e3o o enxerga, e ele passa a se sentir cada vez menos representado.\u201d<\/p>\n<p><i>*Estagi\u00e1ria sob supervis\u00e3o da editoria<\/i><\/p>\n<\/div>\n<p>&nbsp;<\/p>\n<p>&nbsp;<\/p>\n<p>&nbsp;<\/p>\n<p>&nbsp;<\/p>\n<p>&nbsp;<\/p>\n<p>&nbsp;<\/p>\n","protected":false},"excerpt":{"rendered":"<p>Segundo Erick, a aus\u00eancia desse debate em seu c\u00edrculo de conviv\u00eancia faz com que o contato com temas pol\u00edticos seja apenas ocasional.<\/p>\n","protected":false},"author":2,"featured_media":56669,"comment_status":"open","ping_status":"open","sticky":false,"template":"","format":"standard","meta":{"footnotes":""},"categories":[20,21,12,23,25,10,32,8,24,9,33,35,34,15,27,28],"tags":[],"class_list":["post-56668","post","type-post","status-publish","format-standard","has-post-thumbnail","hentry","category-cultura","category-destaque","category-economia","category-educacao","category-interior","category-justica","category-ploitica","category-policia","category-policia-2","category-politica","category-politica-2","category-politica-politica","category-religiao-2","category-religiao","category-saude","category-turismo"],"_links":{"self":[{"href":"https:\/\/tudonominuto.com.br\/portal\/wp-json\/wp\/v2\/posts\/56668","targetHints":{"allow":["GET"]}}],"collection":[{"href":"https:\/\/tudonominuto.com.br\/portal\/wp-json\/wp\/v2\/posts"}],"about":[{"href":"https:\/\/tudonominuto.com.br\/portal\/wp-json\/wp\/v2\/types\/post"}],"author":[{"embeddable":true,"href":"https:\/\/tudonominuto.com.br\/portal\/wp-json\/wp\/v2\/users\/2"}],"replies":[{"embeddable":true,"href":"https:\/\/tudonominuto.com.br\/portal\/wp-json\/wp\/v2\/comments?post=56668"}],"version-history":[{"count":1,"href":"https:\/\/tudonominuto.com.br\/portal\/wp-json\/wp\/v2\/posts\/56668\/revisions"}],"predecessor-version":[{"id":56670,"href":"https:\/\/tudonominuto.com.br\/portal\/wp-json\/wp\/v2\/posts\/56668\/revisions\/56670"}],"wp:featuredmedia":[{"embeddable":true,"href":"https:\/\/tudonominuto.com.br\/portal\/wp-json\/wp\/v2\/media\/56669"}],"wp:attachment":[{"href":"https:\/\/tudonominuto.com.br\/portal\/wp-json\/wp\/v2\/media?parent=56668"}],"wp:term":[{"taxonomy":"category","embeddable":true,"href":"https:\/\/tudonominuto.com.br\/portal\/wp-json\/wp\/v2\/categories?post=56668"},{"taxonomy":"post_tag","embeddable":true,"href":"https:\/\/tudonominuto.com.br\/portal\/wp-json\/wp\/v2\/tags?post=56668"}],"curies":[{"name":"wp","href":"https:\/\/api.w.org\/{rel}","templated":true}]}}