{"id":56671,"date":"2026-08-31T17:04:50","date_gmt":"2026-08-31T20:04:50","guid":{"rendered":"https:\/\/tudonominuto.com.br\/portal\/?p=56671"},"modified":"2026-08-31T17:05:42","modified_gmt":"2026-08-31T20:05:42","slug":"toffoli-suspende-propaganda-de-renan-santos-na-internet","status":"publish","type":"post","link":"https:\/\/tudonominuto.com.br\/portal\/2026\/08\/31\/toffoli-suspende-propaganda-de-renan-santos-na-internet\/","title":{"rendered":"Toffoli suspende propaganda de Renan Santos na internet"},"content":{"rendered":"<header id=\"header-site\" class=\"header-site full-width rel-position\">\n<div class=\"header-veiculo full-width\">\n<p><a class=\"logo-veiculo\" href=\"https:\/\/agenciabrasil.ebc.com.br\/\"><img decoding=\"async\" data-src=\"https:\/\/agenciabrasil.ebc.com.br\/sites\/default\/themes\/agenciabrasil_v3\/images\/agbrasil-color-logo.svg?thzdkc\" alt=\"logo Ag\u00eancia Brasil\" width=\"268\" height=\"37\" src=\"data:image\/gif;base64,R0lGODlhAQABAAAAACH5BAEKAAEALAAAAAABAAEAAAICTAEAOw==\" class=\"lazyload\" style=\"--smush-placeholder-width: 268px; --smush-placeholder-aspect-ratio: 268\/37;\" \/><\/a><\/p>\n<div class=\"content-center rowflex rowflex-full rel-position\">\n<div class=\"container-btns-menu rowflex rowflex-full\">\n<div id=\"menu-btn-mob\" class=\"menu-btn\" title=\"Menu\">\n<div class=\"menu-btn__burger\"><img decoding=\"async\" id=\"media-469246\" title=\"Rafa Neddermeyer\/Ag\u00eancia Brasil\" data-src=\"https:\/\/imagens.ebc.com.br\/d9fEeCPDjkqvb5-sDLGv6gO7hN0=\/1170x700\/smart\/https:\/\/agenciabrasil.ebc.com.br\/sites\/default\/files\/thumbnails\/image\/2026\/07\/17\/dji_20260716174410_0332_d.jpg?itok=Cr2Ypqkl\" alt=\"17\/06\/2026 - Tribunal Superior Eleitoral - TSE . Foto: Rafa Neddermeyer\/ Ag\u00eancia Brasil\" src=\"data:image\/gif;base64,R0lGODlhAQABAAAAACH5BAEKAAEALAAAAAABAAEAAAICTAEAOw==\" class=\"lazyload\" \/>\u00a9 Rafa Neddermeyer\/Ag\u00eancia Brasil<\/div>\n<\/div>\n<\/div>\n<\/div>\n<\/div>\n<\/header>\n<div class=\"region region-content\">\n<div id=\"block-system-main\" class=\"block block-system\">\n<div class=\"content\">\n<div id=\"panel\" class=\"container-noticia rel-position\">\n<div id=\"node-1701113\" class=\"node node-conteudo clearfix\">\n<div class=\"header-noticia full-width\">\n<p><strong><a class=\"editoria\" href=\"https:\/\/agenciabrasil.ebc.com.br\/justica\">Justi\u00e7a<\/a><\/strong><\/p>\n<div class=\"linha-fina-noticia\"><strong>Ministro tamb\u00e9m pro\u00edbe candidato de participar de debates<\/strong><\/div>\n<\/div>\n<div class=\"subheader\">\n<div class=\"container-autoria\">\n<div class=\"autor-noticia\">Andre Richter &#8211; Rep\u00f3rter da Ag\u00eancia Brasil<\/div>\n<div class=\"container-data rowflex\">\n<div class=\"data\">Publicado em 31\/08\/2026 &#8211; 14:52<\/div>\n<\/div>\n<div class=\"local\">Bras\u00edlia<\/div>\n<\/div>\n<\/div>\n<div class=\"conteudo-noticia\">\n<p><strong>O ministro Dias Toffoli, do Tribunal Superior Eleitoral (TSE), decidiu nesta segunda-feira (31) suspender a propaganda eleitoral do candidato \u00e0 Presid\u00eancia da Rep\u00fablica Renan Santos (Miss\u00e3o) na internet.<\/strong><img decoding=\"async\" data-src=\"https:\/\/agenciabrasil.ebc.com.br\/ebc.png?id=1701113&amp;o=node\" src=\"data:image\/gif;base64,R0lGODlhAQABAAAAACH5BAEKAAEALAAAAAABAAEAAAICTAEAOw==\" class=\"lazyload\" \/><img decoding=\"async\" data-src=\"https:\/\/agenciabrasil.ebc.com.br\/ebc.gif?id=1701113&amp;o=node\" src=\"data:image\/gif;base64,R0lGODlhAQABAAAAACH5BAEKAAEALAAAAAABAAEAAAICTAEAOw==\" class=\"lazyload\" \/><\/p>\n<p>Toffoli tamb\u00e9m determinou a suspens\u00e3o dos repasses do Fundo Especial de Financiamento de Campanha (FEFC) para o candidato e\u00a0<strong>o proibiu de participar de debates que forem realizados em televis\u00e3o, r\u00e1dio e\u00a0<em>podcasts<\/em>.<\/strong><\/p>\n<p>A decis\u00e3o do ministro ter\u00e1 validade at\u00e9 a decis\u00e3o final do TSE sobre o caso.<\/p>\n<p><strong>Segundo Toffoli, o partido Miss\u00e3o deixou de informar \u00e0 Justi\u00e7a Eleitoral perfis de propaganda do candidato nas redes sociais.\u00a0<\/strong><\/p>\n<p>Na decis\u00e3o, o ministro pontuou que 16 perfis ligados ao candidato foram informados ao TSE 12 dias ap\u00f3s o per\u00edodo de registro de candidatura.<\/p>\n<blockquote><p>&#8220;Em simples consulta ao primeiro deles, que conta com 2,4 milh\u00f5es de seguidores, constatei que o perfil veicula propaganda eleitoral, atrai recomenda\u00e7\u00f5es de outros candidatos (que, portanto, igualmente n\u00e3o informaram os endere\u00e7os \u00e0 Justi\u00e7a Eleitoral) e est\u00e1 sendo recomendado por esses candidatos&#8221;, afirmou o ministro.<\/p><\/blockquote>\n<p>No entendimento de Toffoli, os perfis que n\u00e3o foram informados est\u00e3o em situa\u00e7\u00e3o irregular.\u00a0<strong>\u00a0&#8220;Constata-se que ao menos um perfil est\u00e1 em utiliza\u00e7\u00e3o irregular para difus\u00e3o de conte\u00fado a milh\u00f5es de seguidores e com favorecimento pelos algoritmos de recomenda\u00e7\u00e3o&#8221;, afirmou.<\/strong><\/p>\n<p>De acordo com a Lei das Elei\u00e7\u00f5es, partidos e candidatos devem informar \u00e0 Justi\u00e7a Eleitoral os endere\u00e7os eletr\u00f4nicos que ser\u00e3o usados na campanha, incluindo\u00a0<em>blogs<\/em>\u00a0e redes sociais.<\/p>\n<p><strong>Ap\u00f3s a decis\u00e3o do TSE, Renan marcou uma coletiva de imprensa para se pronunciar sobre a suspens\u00e3o da propaganda. A entrevista ser\u00e1 \u00e0s 17h, em S\u00e3o Paulo.<\/strong><\/p>\n<div class=\"noticias-relacionadas rel-position rowflex\">\n<div class=\"title abs-position\"><strong>Relacionadas<\/strong><\/div>\n<div class=\"capa-noticia-relacionada\"><img decoding=\"async\" data-src=\"https:\/\/imagens.ebc.com.br\/-1Xrxb8xUz7mHK1SFyv4RyHc844=\/390x240\/smart\/https:\/\/agenciabrasil.ebc.com.br\/sites\/default\/files\/thumbnails\/image\/2026\/08\/27\/banner_radioagencia_-_eleicoes_gerais_2026_-_1.png?itok=UftFFM85\" alt=\"Crian\u00e7as Sabidas elei\u00e7\u00f5es 2026 ep1\" src=\"data:image\/gif;base64,R0lGODlhAQABAAAAACH5BAEKAAEALAAAAAABAAEAAAICTAEAOw==\" class=\"lazyload\" \/><\/div>\n<div class=\"titulo-noticia-relacionada\">Podcast Crian\u00e7as Sabidas volta para discutir as Elei\u00e7\u00f5es Gerais 2026<\/div>\n<div class=\"capa-noticia-relacionada\"><img decoding=\"async\" data-src=\"https:\/\/imagens.ebc.com.br\/WDEYLtlP2m-gcYuD2DMeXnu0FUc=\/390x240\/smart\/https:\/\/agenciabrasil.ebc.com.br\/sites\/default\/files\/thumbnails\/image\/_mg_2141_01.jpg?itok=K3IXGMIm\" alt=\"Eleitores votam no 1\u00ba turno em se\u00e7\u00e3o eleitoral no Col\u00e9gio Maria Raythe, na Tijuca, zona norte da cidade.\" src=\"data:image\/gif;base64,R0lGODlhAQABAAAAACH5BAEKAAEALAAAAAABAAEAAAICTAEAOw==\" class=\"lazyload\" \/><\/div>\n<div class=\"titulo-noticia-relacionada\">Elei\u00e7\u00f5es 2026: saiba o que \u00e9 permitido e proibido no dia da vota\u00e7\u00e3o<\/div>\n<div class=\"capa-noticia-relacionada\"><img decoding=\"async\" data-src=\"https:\/\/imagens.ebc.com.br\/oGqFiT75e2bSfUX65JxouXDGtFo=\/390x240\/smart\/https:\/\/agenciabrasil.ebc.com.br\/sites\/default\/files\/thumbnails\/image\/2026\/08\/26\/manifesto-mulheres-negras-mc_abr_26082026-5.jpg?itok=N1hRwmYu\" alt=\"Bras\u00edlia (DF), 26\/08\/2026 - A Articula\u00e7\u00e3o de Organiza\u00e7\u00f5es de Mulheres Negras Brasileiras (AMNB), promove o ato de lan\u00e7amento do Manifesto \u201cMulheres Negras na Pol\u00edtica pelo Pacto do Bem Viver\" src=\"data:image\/gif;base64,R0lGODlhAQABAAAAACH5BAEKAAEALAAAAAABAAEAAAICTAEAOw==\" class=\"lazyload\" \/><\/div>\n<div class=\"titulo-noticia-relacionada\">Elei\u00e7\u00f5es 2026: mulheres negras divulgam manifesto para candidaturas<\/div>\n<\/div>\n<\/div>\n<div class=\"footer-noticia\">\n<div class=\"editor rowflex\">\n<p>Edi\u00e7\u00e3o:<\/p>\n<div class=\"nome-editor\">Val\u00e9ria Aguiar<\/div>\n<\/div>\n<\/div>\n<\/div>\n<\/div>\n<\/div>\n<\/div>\n<\/div>\n<p>&nbsp;<\/p>\n","protected":false},"excerpt":{"rendered":"<p>O ministro Dias Toffoli, do Tribunal Superior Eleitoral (TSE), decidiu nesta segunda-feira (31) suspender a propaganda eleitoral do candidato \u00e0 Presid\u00eancia da Rep\u00fablica Renan Santos (Miss\u00e3o) na internet.<\/p>\n","protected":false},"author":2,"featured_media":56672,"comment_status":"open","ping_status":"open","sticky":false,"template":"","format":"standard","meta":{"footnotes":""},"categories":[20,21,12,23,25,10,32,8,24,9,33,35,34,15,27,28],"tags":[],"class_list":["post-56671","post","type-post","status-publish","format-standard","has-post-thumbnail","hentry","category-cultura","category-destaque","category-economia","category-educacao","category-interior","category-justica","category-ploitica","category-policia","category-policia-2","category-politica","category-politica-2","category-politica-politica","category-religiao-2","category-religiao","category-saude","category-turismo"],"_links":{"self":[{"href":"https:\/\/tudonominuto.com.br\/portal\/wp-json\/wp\/v2\/posts\/56671","targetHints":{"allow":["GET"]}}],"collection":[{"href":"https:\/\/tudonominuto.com.br\/portal\/wp-json\/wp\/v2\/posts"}],"about":[{"href":"https:\/\/tudonominuto.com.br\/portal\/wp-json\/wp\/v2\/types\/post"}],"author":[{"embeddable":true,"href":"https:\/\/tudonominuto.com.br\/portal\/wp-json\/wp\/v2\/users\/2"}],"replies":[{"embeddable":true,"href":"https:\/\/tudonominuto.com.br\/portal\/wp-json\/wp\/v2\/comments?post=56671"}],"version-history":[{"count":2,"href":"https:\/\/tudonominuto.com.br\/portal\/wp-json\/wp\/v2\/posts\/56671\/revisions"}],"predecessor-version":[{"id":56674,"href":"https:\/\/tudonominuto.com.br\/portal\/wp-json\/wp\/v2\/posts\/56671\/revisions\/56674"}],"wp:featuredmedia":[{"embeddable":true,"href":"https:\/\/tudonominuto.com.br\/portal\/wp-json\/wp\/v2\/media\/56672"}],"wp:attachment":[{"href":"https:\/\/tudonominuto.com.br\/portal\/wp-json\/wp\/v2\/media?parent=56671"}],"wp:term":[{"taxonomy":"category","embeddable":true,"href":"https:\/\/tudonominuto.com.br\/portal\/wp-json\/wp\/v2\/categories?post=56671"},{"taxonomy":"post_tag","embeddable":true,"href":"https:\/\/tudonominuto.com.br\/portal\/wp-json\/wp\/v2\/tags?post=56671"}],"curies":[{"name":"wp","href":"https:\/\/api.w.org\/{rel}","templated":true}]}}