{"id":56685,"date":"2026-08-31T18:59:33","date_gmt":"2026-08-31T21:59:33","guid":{"rendered":"https:\/\/tudonominuto.com.br\/portal\/?p=56685"},"modified":"2026-08-31T19:00:08","modified_gmt":"2026-08-31T22:00:08","slug":"projeto-de-novo-estadio-em-maceio-e-anunciado-complexo-esportivo-sera-no-litoral-norte","status":"publish","type":"post","link":"https:\/\/tudonominuto.com.br\/portal\/2026\/08\/31\/projeto-de-novo-estadio-em-maceio-e-anunciado-complexo-esportivo-sera-no-litoral-norte\/","title":{"rendered":"Projeto de novo est\u00e1dio em Macei\u00f3 \u00e9 anunciado; complexo esportivo ser\u00e1 no Litoral Norte"},"content":{"rendered":"<p><strong>ESPORTE<\/strong><\/p>\n<p><img decoding=\"async\" data-src=\"https:\/\/www.br104.com.br\/wp-content\/uploads\/2026\/08\/estadio-arena-dos-corais-maceio-1024x540.webp\" alt=\"Representa\u00e7\u00e3o arquitet\u00f4nica em 3D de projeto conceitual para a Arena dos Corais \u00e0 beira-mar em Macei\u00f3, destacando fachada org\u00e2nica branca e abertura com vista para a praia.\" src=\"data:image\/gif;base64,R0lGODlhAQABAAAAACH5BAEKAAEALAAAAAABAAEAAAICTAEAOw==\" class=\"lazyload\" style=\"--smush-placeholder-width: 1024px; --smush-placeholder-aspect-ratio: 1024\/540;\" \/><br \/>\nProjeto da Arena dos Corais, em Macei\u00f3. (Foto: Reprodu\u00e7\u00e3o\/Prefeitura de Macei\u00f3)<\/p>\n<p>MACEI\u00d3 (AL) \u2013 Foi anunciado nesta segunda-feira (31) o projeto do Parque e Arena dos Corais, um novo complexo voltado para esporte, lazer, cultura e turismo no Litoral Norte da capital.<\/p>\n<p><strong>Projeto prev\u00ea arena multiuso para mais de 30 mil pessoas integrada a parque p\u00fablico de 372 mil m\u00b2 em Riacho Doce.<\/strong><\/p>\n<p>TNM\/Po0r Ian Santana<\/p>\n<p>O projeto prev\u00ea uma arena multiuso com capacidade para mais de 30 mil pessoas, al\u00e9m de um parque p\u00fablico de aproximadamente 372 mil metros quadrados, em Riacho Doce.<\/p>\n<p>A proposta \u00e9 que a Arena dos Corais receba partidas de futebol, grandes shows e eventos nacionais e internacionais. O complexo tamb\u00e9m dever\u00e1 contar com estrutura para atletas, incluindo vesti\u00e1rios, \u00e1reas de aquecimento, fisioterapia e recupera\u00e7\u00e3o.<\/p>\n<p>No entorno, o projeto prev\u00ea \u00e1reas arborizadas, pista para caminhada e corrida, ciclovia, playground, fontes interativas e espa\u00e7os de conviv\u00eancia. Al\u00e9m disso, o local pode ser aberto para todo o p\u00fablico mesmo quando n\u00e3o houver jogo.<\/p>\n<p>Capacidade divulgada \u00e9 superior ao Est\u00e1dio Rei Pel\u00e9<br \/>\nA proposta surge em um momento de aten\u00e7\u00e3o \u00e0s condi\u00e7\u00f5es estruturais do Est\u00e1dio Rei Pel\u00e9, que teve a interdi\u00e7\u00e3o de algumas \u00e1reas recomendada ap\u00f3s um laudo apontar riscos estruturais.<\/p>\n<p>Inaugurado em 1970, o Rei Pel\u00e9 \u00e9 a tradicional casa do futebol alagoano h\u00e1 cinco d\u00e9cadas, entretanto, a defasagem estrutural \u00e9 evidente.<\/p>\n<p>Pensado para receber 40 mil torcedores, com o jogo de abertura at\u00e9 superando a marca, o est\u00e1dio comporta atualmente no m\u00e1ximo 15.300 torcedores.<\/p>\n<p>Em alguns momentos sobe para 17 mil e em outros cai para 13 mil. A varia\u00e7\u00e3o depende das vistorias pontuais do Corpo de Bombeiros, a partir de novos problemas estruturais ou de a\u00e7\u00f5es paliativas.<\/p>\n<p>Atualmente, o Rei Pel\u00e9 tem a menor capacidade de p\u00fablico entre os principais palcos nas nove capitais nordestinas.<\/p>\n<p>Corre\u00e7\u00f5es:\u00a0Encontrou um erro? Fale com a reda\u00e7\u00e3o:\u00a0contato@br104.com.br.<\/p>\n<p>ALAGOAS ARENA DOS CORAIS EST\u00c1DIO REI PEL\u00c9 MACEI\u00d3<\/p>\n<p>Leia mais no texto original: https:\/\/www.br104.com.br\/esporte\/cidades\/projeto-de-novo-estadio-em-maceio-e-anunciado-complexo-esportivo-sera-no-litoral-norte\/<br \/>\n\u00a9 2026 BR104 &#8211; Not\u00edcias de Alagoas, Macei\u00f3 e Interior em tempo real \u2014 Todos os direitos reservados. A reprodu\u00e7\u00e3o, redistribui\u00e7\u00e3o, transmiss\u00e3o ou reescrita sem autoriza\u00e7\u00e3o pr\u00e9via \u00e9 proibida. \u00c9 permitida apenas a cita\u00e7\u00e3o parcial com cr\u00e9dito e link para a mat\u00e9ria original.<\/p>\n","protected":false},"excerpt":{"rendered":"<p>Projeto prev\u00ea arena multiuso para mais de 30 mil pessoas integrada a parque p\u00fablico de 372 mil m\u00b2 em Riacho Doce.<\/p>\n","protected":false},"author":2,"featured_media":56686,"comment_status":"open","ping_status":"open","sticky":false,"template":"","format":"standard","meta":{"footnotes":""},"categories":[20,12,18,7,34,15,27,28],"tags":[],"class_list":["post-56685","post","type-post","status-publish","format-standard","has-post-thumbnail","hentry","category-cultura","category-economia","category-esportes","category-maceio","category-religiao-2","category-religiao","category-saude","category-turismo"],"_links":{"self":[{"href":"https:\/\/tudonominuto.com.br\/portal\/wp-json\/wp\/v2\/posts\/56685","targetHints":{"allow":["GET"]}}],"collection":[{"href":"https:\/\/tudonominuto.com.br\/portal\/wp-json\/wp\/v2\/posts"}],"about":[{"href":"https:\/\/tudonominuto.com.br\/portal\/wp-json\/wp\/v2\/types\/post"}],"author":[{"embeddable":true,"href":"https:\/\/tudonominuto.com.br\/portal\/wp-json\/wp\/v2\/users\/2"}],"replies":[{"embeddable":true,"href":"https:\/\/tudonominuto.com.br\/portal\/wp-json\/wp\/v2\/comments?post=56685"}],"version-history":[{"count":1,"href":"https:\/\/tudonominuto.com.br\/portal\/wp-json\/wp\/v2\/posts\/56685\/revisions"}],"predecessor-version":[{"id":56687,"href":"https:\/\/tudonominuto.com.br\/portal\/wp-json\/wp\/v2\/posts\/56685\/revisions\/56687"}],"wp:featuredmedia":[{"embeddable":true,"href":"https:\/\/tudonominuto.com.br\/portal\/wp-json\/wp\/v2\/media\/56686"}],"wp:attachment":[{"href":"https:\/\/tudonominuto.com.br\/portal\/wp-json\/wp\/v2\/media?parent=56685"}],"wp:term":[{"taxonomy":"category","embeddable":true,"href":"https:\/\/tudonominuto.com.br\/portal\/wp-json\/wp\/v2\/categories?post=56685"},{"taxonomy":"post_tag","embeddable":true,"href":"https:\/\/tudonominuto.com.br\/portal\/wp-json\/wp\/v2\/tags?post=56685"}],"curies":[{"name":"wp","href":"https:\/\/api.w.org\/{rel}","templated":true}]}}