{"id":56693,"date":"2026-09-01T16:12:48","date_gmt":"2026-09-01T19:12:48","guid":{"rendered":"https:\/\/tudonominuto.com.br\/portal\/?p=56693"},"modified":"2026-09-01T16:14:29","modified_gmt":"2026-09-01T19:14:29","slug":"pgr-deve-se-manifestar-sobre-supostas-conversas-entre-vorcaro-e-moraes","status":"publish","type":"post","link":"https:\/\/tudonominuto.com.br\/portal\/2026\/09\/01\/pgr-deve-se-manifestar-sobre-supostas-conversas-entre-vorcaro-e-moraes\/","title":{"rendered":"PGR deve se manifestar sobre supostas conversas entre Vorcaro e Moraes"},"content":{"rendered":"<header id=\"header-site\" class=\"header-site full-width rel-position\">\n<div class=\"header-veiculo full-width\"><a class=\"logo-veiculo\" href=\"https:\/\/agenciabrasil.ebc.com.br\/\"><img decoding=\"async\" data-src=\"https:\/\/agenciabrasil.ebc.com.br\/sites\/default\/themes\/agenciabrasil_v3\/images\/agbrasil-color-logo.svg?thzdkc\" alt=\"logo Ag\u00eancia Brasil\" width=\"268\" height=\"37\" src=\"data:image\/gif;base64,R0lGODlhAQABAAAAACH5BAEKAAEALAAAAAABAAEAAAICTAEAOw==\" class=\"lazyload\" style=\"--smush-placeholder-width: 268px; --smush-placeholder-aspect-ratio: 268\/37;\" \/><\/a><\/div>\n<\/header>\n<div class=\"tabs\"><img decoding=\"async\" id=\"media-82359\" title=\"Jos\u00e9 Cruz\/Ag\u00eancia Brasil\" data-src=\"https:\/\/imagens.ebc.com.br\/nLKiaL-l6X8OHIexSLPICcdJaAw=\/1170x700\/smart\/https:\/\/agenciabrasil.ebc.com.br\/sites\/default\/files\/atoms\/image\/1103272-1084696-jfcrz_abr_25.07.2017_a81t5606271217.jpg?itok=XMGkydiI\" alt=\"Bras\u00edlia - O Conselho Superior do Minist\u00e9rio P\u00fablico Federal autorizou hoje a prorroga\u00e7\u00e3o dos trabalhos da Opera\u00e7\u00e3o Lava Jato, no Rio de Janeiro (Jos\u00e9 Cruz\/Ag\u00eancia Brasil)\" src=\"data:image\/gif;base64,R0lGODlhAQABAAAAACH5BAEKAAEALAAAAAABAAEAAAICTAEAOw==\" class=\"lazyload\" \/>\u00a9 Jos\u00e9 Cruz\/Ag\u00eancia Brasil<\/div>\n<div class=\"region region-content\">\n<div id=\"block-system-main\" class=\"block block-system\">\n<div class=\"content\">\n<div id=\"panel\" class=\"container-noticia rel-position\">\n<div id=\"node-1701267\" class=\"node node-conteudo clearfix\">\n<div class=\"header-noticia full-width\">\n<p><strong><a class=\"editoria\" href=\"https:\/\/agenciabrasil.ebc.com.br\/justica\">Justi\u00e7a<\/a><\/strong><\/p>\n<div class=\"linha-fina-noticia\"><strong>Cita\u00e7\u00f5es aos nomes de Moraes e Gonet foram captadas pela PF<\/strong><\/div>\n<\/div>\n<div class=\"subheader\">\n<div class=\"container-autoria\">\n<div class=\"autor-noticia\">TNM\/Ag\u00eancia Brasil<\/div>\n<div class=\"container-data rowflex\">\n<div class=\"data\">Publicado em 01\/09\/2026 &#8211; 15:24<\/div>\n<\/div>\n<div class=\"local\">Bras\u00edlia<\/div>\n<\/div>\n<\/div>\n<div class=\"conteudo-noticia\">\n<p><strong>O ministro Andr\u00e9 Mendon\u00e7a, do Supremo Tribunal Federal (STF), deu prazo de cinco dias para a Procuradoria-Geral da Rep\u00fablica (PGR) se manifestar sobre o relat\u00f3rio da Pol\u00edcia Federal (PF) que faz men\u00e7\u00f5es ao ministro Alexandre de Moraes e o pr\u00f3prio procurador-geral, Paulo Gonet.<\/strong><img decoding=\"async\" data-src=\"https:\/\/agenciabrasil.ebc.com.br\/ebc.png?id=1701267&amp;o=node\" src=\"data:image\/gif;base64,R0lGODlhAQABAAAAACH5BAEKAAEALAAAAAABAAEAAAICTAEAOw==\" class=\"lazyload\" \/><img decoding=\"async\" data-src=\"https:\/\/agenciabrasil.ebc.com.br\/ebc.gif?id=1701267&amp;o=node\" src=\"data:image\/gif;base64,R0lGODlhAQABAAAAACH5BAEKAAEALAAAAAABAAEAAAICTAEAOw==\" class=\"lazyload\" \/><\/p>\n<p>As cita\u00e7\u00f5es aos nomes de Moraes e Gonet foram captadas pela PF a partir da quebra de sigilo do celular do ex-banqueiro Daniel Vorcaro, alvo das investiga\u00e7\u00f5es da Opera\u00e7\u00e3o Compliance Zero, que investiga fraudes financeiras no Banco Master. O sigilo do relat\u00f3rio de investiga\u00e7\u00e3o foi retirado nesta ter\u00e7a-feira (1\u00b0).<\/p>\n<p><strong>De acordo com a PF, Vorcaro teria conversado diretamente com um contato salvo em nome do ministro.\u00a0<\/strong>Parte das supostas conversas foram apagadas porque o contato salvo em nome do ministro usava mensagens de atualiza\u00e7\u00e3o \u00fanica e as escrevia no bloco de notas, mecanismo que impede a recupera\u00e7\u00e3o completa dos dados.<\/p>\n<p>Em uma das mensagens que foram recuperadas, Vorcaro diz ao contato atribu\u00eddo a Moraes que &#8220;estava tentando antecipar os investigadores&#8221;. A conversa teria ocorrido no dia 17 de novembro de 2025.<\/p>\n<p>No caso de Paulo Gonet, o procurador-geral \u00e9 citado por terceiros que trocaram mensagens com Vorcaro. Em uma das conversas, ocorrida em 2024, um interlocutor chamado Ciro Soares diz que &#8220;Gonet \u00e9 firme&#8221;.<\/p>\n<h2>PF<\/h2>\n<p><strong>O relat\u00f3rio da PF tamb\u00e9m mostra cita\u00e7\u00f5es ao nome do diretor-geral da corpora\u00e7\u00e3o, Andrei Passos.\u00a0<\/strong>Segundo os investigadores, o contato de Andrei n\u00e3o foi encontrado na lista de contatos de Vorcaro, mas ele foi citado em uma conversa entre o ex-banqueiro e o ex-deputado F\u00e1bio Faria, ocorrida em abril de 2024.<\/p>\n<p>Faria pergunta a Vorcaro se ele aceitaria convidar Andrei para um evento em Londres. Em seguida, uma secret\u00e1ria ligada ao diretor-geral entrou em contato com a organiza\u00e7\u00e3o do evento para acertar as tratativas da viagem.<\/p>\n<p>&nbsp;<\/p>\n<p><em>(Mat\u00e9ria em atualiza\u00e7\u00e3o)<\/em><\/p>\n<div class=\"noticias-relacionadas rel-position rowflex\">\n<div class=\"title abs-position\">Relacionadas<\/div>\n<div class=\"capa-noticia-relacionada\"><img decoding=\"async\" data-src=\"https:\/\/imagens.ebc.com.br\/QPu4Jv8GGmpf-Xnooumm7x6jxM0=\/390x240\/smart\/https:\/\/agenciabrasil.ebc.com.br\/sites\/default\/files\/thumbnails\/image\/2026\/03\/13\/daniel_vorcaro03.jpg?itok=lESA7Lp3\" alt=\"Bras\u00edlia (DF), 09\/03\/2026 - Fotografia do banqueiro Daniel Vorcaro. Foto: Secretaria da Administra\u00e7\u00e3o Penitenci\u00e1ria-SP\" src=\"data:image\/gif;base64,R0lGODlhAQABAAAAACH5BAEKAAEALAAAAAABAAEAAAICTAEAOw==\" class=\"lazyload\" \/><\/div>\n<div class=\"titulo-noticia-relacionada\">Vorcaro presta depoimento de quatro horas \u00e0 Pol\u00edcia Federal<\/div>\n<\/div>\n<\/div>\n<div class=\"footer-noticia\">\n<div class=\"editor rowflex\">\n<p>Edi\u00e7\u00e3o:<\/p>\n<div class=\"nome-editor\">Sabrina Craide<\/div>\n<\/div>\n<\/div>\n<\/div>\n<\/div>\n<\/div>\n<\/div>\n<\/div>\n<p>&nbsp;<\/p>\n","protected":false},"excerpt":{"rendered":"<p>As cita\u00e7\u00f5es aos nomes de Moraes e Gonet foram captadas pela PF a partir da quebra de sigilo do celular do ex-banqueiro Daniel Vorcaro, alvo das investiga\u00e7\u00f5es da Opera\u00e7\u00e3o Compliance Zero, que investiga fraudes financeiras no Banco Master. O sigilo do relat\u00f3rio de investiga\u00e7\u00e3o foi retirado nesta ter\u00e7a-feira (1\u00b0).\u00a0<\/p>\n","protected":false},"author":2,"featured_media":56696,"comment_status":"open","ping_status":"open","sticky":false,"template":"","format":"standard","meta":{"footnotes":""},"categories":[13,36,21,23,25,10,24,8,27,28],"tags":[],"class_list":["post-56693","post","type-post","status-publish","format-standard","has-post-thumbnail","hentry","category-brasil","category-brasil-2","category-destaque","category-educacao","category-interior","category-justica","category-policia-2","category-policia","category-saude","category-turismo"],"_links":{"self":[{"href":"https:\/\/tudonominuto.com.br\/portal\/wp-json\/wp\/v2\/posts\/56693","targetHints":{"allow":["GET"]}}],"collection":[{"href":"https:\/\/tudonominuto.com.br\/portal\/wp-json\/wp\/v2\/posts"}],"about":[{"href":"https:\/\/tudonominuto.com.br\/portal\/wp-json\/wp\/v2\/types\/post"}],"author":[{"embeddable":true,"href":"https:\/\/tudonominuto.com.br\/portal\/wp-json\/wp\/v2\/users\/2"}],"replies":[{"embeddable":true,"href":"https:\/\/tudonominuto.com.br\/portal\/wp-json\/wp\/v2\/comments?post=56693"}],"version-history":[{"count":2,"href":"https:\/\/tudonominuto.com.br\/portal\/wp-json\/wp\/v2\/posts\/56693\/revisions"}],"predecessor-version":[{"id":56695,"href":"https:\/\/tudonominuto.com.br\/portal\/wp-json\/wp\/v2\/posts\/56693\/revisions\/56695"}],"wp:featuredmedia":[{"embeddable":true,"href":"https:\/\/tudonominuto.com.br\/portal\/wp-json\/wp\/v2\/media\/56696"}],"wp:attachment":[{"href":"https:\/\/tudonominuto.com.br\/portal\/wp-json\/wp\/v2\/media?parent=56693"}],"wp:term":[{"taxonomy":"category","embeddable":true,"href":"https:\/\/tudonominuto.com.br\/portal\/wp-json\/wp\/v2\/categories?post=56693"},{"taxonomy":"post_tag","embeddable":true,"href":"https:\/\/tudonominuto.com.br\/portal\/wp-json\/wp\/v2\/tags?post=56693"}],"curies":[{"name":"wp","href":"https:\/\/api.w.org\/{rel}","templated":true}]}}