{"id":56697,"date":"2026-09-01T16:30:19","date_gmt":"2026-09-01T19:30:19","guid":{"rendered":"https:\/\/tudonominuto.com.br\/portal\/?p=56697"},"modified":"2026-09-01T16:32:00","modified_gmt":"2026-09-01T19:32:00","slug":"joao-lessa-e-ivan-brito-sao-eleitos-presidente-e-vice-do-tjal-fabio-ferrario-e-o-novo-corregedor","status":"publish","type":"post","link":"https:\/\/tudonominuto.com.br\/portal\/2026\/09\/01\/joao-lessa-e-ivan-brito-sao-eleitos-presidente-e-vice-do-tjal-fabio-ferrario-e-o-novo-corregedor\/","title":{"rendered":"Jo\u00e3o Lessa e Ivan Brito s\u00e3o eleitos presidente e vice do TJAL; F\u00e1bio Ferrario \u00e9 o novo corregedor"},"content":{"rendered":"<header class=\"gzw-header\">\n<div class=\"head-programs\">\n<div class=\"head-programsContainer\">\n<div class=\"program-option in-live\" data-id=\"5\" data-color=\"#084a7f\"><img decoding=\"async\" src=\"https:\/\/tpc.googlesyndication.com\/simgad\/9457063438042667415\" \/><\/div>\n<\/div>\n<\/div>\n<\/header>\n<p><strong><a title=\"JUSTI\u00c7A\" href=\"https:\/\/www.gazetaweb.com\/noticias\/justica\" data-event-name=\"click_breadcrumb\" data-breadcrumb-item=\"Justi\u00e7a\" data-breadcrumb-url=\"\/noticias\/justica\" data-breadcrumb-position=\"3\">JUSTI\u00c7A<\/a><\/strong><\/p>\n<div class=\"gzw-articleContainer\">\n<section class=\"gzw-articleContent\" data-article-container=\"\">\n<div class=\"gzw-conteudo\">\n<article id=\"article\" data-fetch=\"true\" data-mg-article-url=\"https:\/\/www.gazetaweb.com\/noticias\/justica\/joao-lessa-e-ivan-brito-sao-eleitos-presidente-e-vice-do-tjal-fabio-ferrario-e-o-novo-corregedor-932967\">\n<header>\n<div class=\"article-category-info\"><strong><span class=\"article-category-info-text\">NOVA MISS\u00c3O<\/span><\/strong><\/div>\n<p><strong>C\u00fapula do Tribunal de Justi\u00e7a comandar\u00e1 o Judici\u00e1rio estadual no bi\u00eanio 2027-2028<\/strong><\/p>\n<div class=\"gzw-articleAuthor\"><picture><img decoding=\"async\" data-src=\"https:\/\/cdn.gazetaweb.com\/img\/inline\/930000\/500x334\/joao-lessa-e-ivan-brito-sao-eleitos-presidente-e-v-00932967-c2e046b4b326d0eddc9204b30c47955c-7.webp?fallback=https%3A%2F%2Fcdn.gazetaweb.com%2Fimg%2Finline%2F930000%2Fjoao-lessa-e-ivan-brito-sao-eleitos-presidente-e-v-00932967-c2e046b4b326d0eddc9204b30c47955c.jpg%3Fxid%3D2077755&amp;xid=2077755\" alt=\" Jo\u00e3o Lessa e Ivan Brito s\u00e3o eleitos presidente e vice do TJAL; F\u00e1bio Ferrario \u00e9 o novo corregedor \" src=\"data:image\/gif;base64,R0lGODlhAQABAAAAACH5BAEKAAEALAAAAAABAAEAAAICTAEAOw==\" class=\"lazyload\" \/><\/picture><\/div>\n<div class=\"gzw-articleAuthor\">\n<p>Caio Loureiro<\/p>\n<div class=\"articleInfos\">TNM\/Por Jobison Barros, com assessoria TJAL <strong>GazetaWeb<\/strong> no Google <a id=\"google-news-btn\" href=\"https:\/\/profile.google.com\/cp\/Cg0vZy8xMWM1MnNuZHJr\" target=\"_blank\" rel=\"noopener\"><img decoding=\"async\" data-src=\"https:\/\/www.gazetaweb.com\/themes\/default\/assets\/img\/SVG\/google.svg\" alt=\"Google icon\" src=\"data:image\/gif;base64,R0lGODlhAQABAAAAACH5BAEKAAEALAAAAAABAAEAAAICTAEAOw==\" class=\"lazyload\" \/><\/a><\/div>\n<\/div>\n<\/header>\n<p>O Pleno do Tribunal de Justi\u00e7a de Alagoas (TJAL) elegeu, por aclama\u00e7\u00e3o, nesta ter\u00e7a-feira (1\u00ba), a nova c\u00fapula diretiva do Judici\u00e1rio alagoano para o bi\u00eanio 2027-2028.<\/p>\n<p>O desembargador Jo\u00e3o Luiz Azevedo Lessa foi escolhido para a Presid\u00eancia da Corte, tendo como vice-presidente o desembargador Ivan Vasconcelos Brito J\u00fanior. J\u00e1 o desembargador F\u00e1bio Costa de Almeida Ferrario assumir\u00e1 o cargo de corregedor-geral da Justi\u00e7a. Por sua vez, a\u00a0Ouvidoria-Geral ficar\u00e1 sob o comando do desembargador F\u00e1bio Jos\u00e9 Bittencourt Ara\u00fajo.<\/p>\n<div class=\"maisGazeta\">\n<div id=\"linkGazetaBloco\" class=\"gzw-whatsapp\">\n<div class=\"whatsapp-infos\">\n<div class=\"whatsapp-text\">Ap\u00f3s a elei\u00e7\u00e3o, Jo\u00e3o Luiz Lessa afirmou que pretende conduzir a Presid\u00eancia com humildade, di\u00e1logo e harmonia entre os Poderes. Segundo o desembargador, a nova fun\u00e7\u00e3o representa uma miss\u00e3o complexa, mas que poder\u00e1 ser desempenhada com o apoio dos integrantes do Judici\u00e1rio.<\/div>\n<\/div>\n<\/div>\n<\/div>\n<section class=\"table__leia-mais\"><\/section>\n<p>Eleito vice-presidente, Ivan Brito avaliou que o processo de escolha da nova c\u00fapula ocorreu de forma tranquila e classificou o resultado como uma demonstra\u00e7\u00e3o de maturidade institucional. O desembargador tamb\u00e9m destacou a disposi\u00e7\u00e3o para contribuir com a pr\u00f3xima gest\u00e3o.<\/p>\n<p data-intext-processed=\"true\">F\u00e1bio Ferrario, que assumir\u00e1 a Corregedoria-Geral da Justi\u00e7a, ressaltou a responsabilidade que ter\u00e1 \u00e0 frente do \u00f3rg\u00e3o e afirmou contar com a colabora\u00e7\u00e3o dos demais integrantes do Tribunal.<\/p>\n<p>O futuro corregedor tamb\u00e9m afirmou que pretende se dedicar \u00e0 fun\u00e7\u00e3o e trabalhar para fortalecer o Judici\u00e1rio e valorizar a magistratura durante o pr\u00f3ximo bi\u00eanio.<\/p>\n<p>Ouvidoria e novas indica\u00e7\u00f5es<\/p>\n<p>Durante a sess\u00e3o administrativa, F\u00e1bio Bittencourt, que deixar\u00e1 a Presid\u00eancia para assumir a Ouvidoria-Geral, destacou a import\u00e2ncia do \u00f3rg\u00e3o como canal de di\u00e1logo entre o Judici\u00e1rio e a sociedade.<\/p>\n<p>O desembargador afirmou que pretende manter a linha de atua\u00e7\u00e3o desenvolvida pela institui\u00e7\u00e3o e trabalhar em conjunto com a Presid\u00eancia, a Vice-Presid\u00eancia e a Corregedoria.<\/p>\n<p>\u201cTentarei, junto com a Corregedoria, a Presid\u00eancia e a Vice-Presid\u00eancia, dar continuidade aos trabalhos que v\u00eam sendo desenvolvidos\u201d, declarou.<\/p>\n<p>Na mesma sess\u00e3o, o Pleno tamb\u00e9m aprovou, por unanimidade, a indica\u00e7\u00e3o das desembargadoras Silvana Lessa e Ana Florinda para compor o Conselho Estadual da Magistratura.<\/p>\n<p data-intext-processed=\"true\">Houve ainda mudan\u00e7as na representa\u00e7\u00e3o do Tribunal de Justi\u00e7a de Alagoas no Tribunal Regional Eleitoral (TRE\/AL). Os desembargadores Tutm\u00e9s Airan e Fernando Tourinho foram indicados para integrar a Corte Eleitoral, substituindo, respectivamente, os desembargadores Klever Loureiro e Alcides Gusm\u00e3o da Silva.<\/p>\n<p>Para atuar como desembargadores substitutos do TRE\/AL, foram indicados M\u00e1rcio Roberto Ten\u00f3rio e Paulo Zacarias.<\/p>\n<p>J\u00e1 para as fun\u00e7\u00f5es de ju\u00edzes substitutos do Tribunal Regional Eleitoral foram indicados L\u00e9o Denisson Bezerra e Ant\u00f4nio Emanuel D\u00f3ria.<\/p>\n<p>A nova c\u00fapula do TJAL assumir\u00e1 a administra\u00e7\u00e3o do Judici\u00e1rio alagoano para o bi\u00eanio 2027-2028, com a miss\u00e3o de dar continuidade \u00e0s a\u00e7\u00f5es da atual gest\u00e3o e estabelecer as prioridades institucionais para os pr\u00f3ximos dois anos.<\/p>\n<\/article>\n<\/div>\n<\/section>\n<\/div>\n<p>&nbsp;<\/p>\n","protected":false},"excerpt":{"rendered":"<p>O desembargador Jo\u00e3o Luiz Azevedo Lessa foi escolhido para a Presid\u00eancia da Corte, tendo como vice-presidente o desembargador Ivan Vasconcelos Brito J\u00fanior. J\u00e1 o desembargador F\u00e1bio Costa de Almeida Ferrario assumir\u00e1 o cargo de corregedor-geral da Justi\u00e7a. Por sua vez, a\u00a0Ouvidoria-Geral ficar\u00e1 sob o comando do desembargador F\u00e1bio Jos\u00e9 Bittencourt Ara\u00fajo.<\/p>\n","protected":false},"author":2,"featured_media":56698,"comment_status":"open","ping_status":"open","sticky":false,"template":"","format":"standard","meta":{"footnotes":""},"categories":[21,10,7],"tags":[],"class_list":["post-56697","post","type-post","status-publish","format-standard","has-post-thumbnail","hentry","category-destaque","category-justica","category-maceio"],"_links":{"self":[{"href":"https:\/\/tudonominuto.com.br\/portal\/wp-json\/wp\/v2\/posts\/56697","targetHints":{"allow":["GET"]}}],"collection":[{"href":"https:\/\/tudonominuto.com.br\/portal\/wp-json\/wp\/v2\/posts"}],"about":[{"href":"https:\/\/tudonominuto.com.br\/portal\/wp-json\/wp\/v2\/types\/post"}],"author":[{"embeddable":true,"href":"https:\/\/tudonominuto.com.br\/portal\/wp-json\/wp\/v2\/users\/2"}],"replies":[{"embeddable":true,"href":"https:\/\/tudonominuto.com.br\/portal\/wp-json\/wp\/v2\/comments?post=56697"}],"version-history":[{"count":2,"href":"https:\/\/tudonominuto.com.br\/portal\/wp-json\/wp\/v2\/posts\/56697\/revisions"}],"predecessor-version":[{"id":56700,"href":"https:\/\/tudonominuto.com.br\/portal\/wp-json\/wp\/v2\/posts\/56697\/revisions\/56700"}],"wp:featuredmedia":[{"embeddable":true,"href":"https:\/\/tudonominuto.com.br\/portal\/wp-json\/wp\/v2\/media\/56698"}],"wp:attachment":[{"href":"https:\/\/tudonominuto.com.br\/portal\/wp-json\/wp\/v2\/media?parent=56697"}],"wp:term":[{"taxonomy":"category","embeddable":true,"href":"https:\/\/tudonominuto.com.br\/portal\/wp-json\/wp\/v2\/categories?post=56697"},{"taxonomy":"post_tag","embeddable":true,"href":"https:\/\/tudonominuto.com.br\/portal\/wp-json\/wp\/v2\/tags?post=56697"}],"curies":[{"name":"wp","href":"https:\/\/api.w.org\/{rel}","templated":true}]}}