{"id":56705,"date":"2026-09-01T18:10:59","date_gmt":"2026-09-01T21:10:59","guid":{"rendered":"https:\/\/tudonominuto.com.br\/portal\/?p=56705"},"modified":"2026-09-01T18:10:59","modified_gmt":"2026-09-01T21:10:59","slug":"avenida-da-paz-recebe-desfile-civico-militar-neste-7-de-setembro","status":"publish","type":"post","link":"https:\/\/tudonominuto.com.br\/portal\/2026\/09\/01\/avenida-da-paz-recebe-desfile-civico-militar-neste-7-de-setembro\/","title":{"rendered":"Avenida da Paz recebe desfile c\u00edvico-militar neste 7 de Setembro"},"content":{"rendered":"<div class=\"col-12 col-sm-12\">\n<h1 class=\"news-card__title\">Cidades<\/h1>\n<picture><img decoding=\"async\" src=\"https:\/\/img.tribunahoje.com\/C5UM0eV3UfsY4LxBwh2d7am1CTg=\/840x520\/smart\/s3.tribunahoje.com\/uploads\/imagens\/mais-de-dois-mil-estudantes-participam-do-desfile-civico-nesta-segunda-feira-16.jfif\" alt=\"Avenida da Paz recebe desfile c\u00edvico-militar neste 7 de Setembro\" \/><\/picture>\n<p>Desfile c\u00edvico-militar de 7 de Setembro &#8211; Foto: Ascom Seduc \/ Arquivo<\/p>\n<\/div>\n<div class=\"col-12 col-sm-12\">\n<div class=\"left-side\">\n<header class=\"news-header\">\n<p class=\"news-header__excerpt\"><strong>For\u00e7as Armadas, \u00f3rg\u00e3os de seguran\u00e7a e demais institui\u00e7\u00f5es participar\u00e3o da programa\u00e7\u00e3o em celebra\u00e7\u00e3o aos 204 anos da Independ\u00eancia do Brasil<\/strong><\/p>\n<div class=\"info\">\n<div class=\"info__content\"><span class=\"info__author\">TNM\/Por Assessoria<\/span><span class=\"info__time\">01\/09\/2026 17h19<\/span><\/div>\n<\/div>\n<\/header>\n<section class=\"news-content --content block-internal\">O desfile c\u00edvico-militar em celebra\u00e7\u00e3o ao Dia da Independ\u00eancia do Brasil ser\u00e1 realizado na pr\u00f3xima segunda-feira (7), a partir das 9h, na Avenida da Paz, em Macei\u00f3. A programa\u00e7\u00e3o ser\u00e1 realizada no trecho pr\u00f3ximo ao Memorial \u00e0 Rep\u00fablica e reunir\u00e1 representantes de 14 institui\u00e7\u00f5es, entre For\u00e7as Armadas, for\u00e7as de seguran\u00e7a e \u00f3rg\u00e3os p\u00fablicos.<\/p>\n<p>A concentra\u00e7\u00e3o das tropas est\u00e1 prevista para \u00e0s 7h, no trecho entre a Academia de Pol\u00edcia Militar Senador Arnon de Mello e o riacho Salgadinho. \u00c0s 8h, as tropas estar\u00e3o prontas para o desfile, que ter\u00e1 in\u00edcio com a revista dos grupamentos. A chegada do governador Paulo Dantas est\u00e1 prevista para \u00e0s 8h40.<\/p>\n<p>O desfile contar\u00e1 com a participa\u00e7\u00e3o de militares, policiais, bombeiros, estudantes e demais integrantes das institui\u00e7\u00f5es envolvidas. A apresenta\u00e7\u00e3o ter\u00e1 ainda viaturas, motocicletas, conjuntos do Regimento de Pol\u00edcia Montada, c\u00e3es, embarca\u00e7\u00f5es e aeronaves. O encerramento est\u00e1 previsto para \u00e0s 11h30.<\/p>\n<p>Durante o evento, policiais militares tamb\u00e9m estar\u00e3o posicionados em pontos estrat\u00e9gicos para auxiliar no controle do fluxo de ve\u00edculos e garantir a seguran\u00e7a no entorno do percurso. O policiamento contar\u00e1 com patrulhamento motorizado e a p\u00e9, com equipes distribu\u00eddas em diferentes pontos da regi\u00e3o.<\/p>\n<h4>Tr\u00e2nsito<\/h4>\n<p>Para a realiza\u00e7\u00e3o do evento, o tr\u00e2nsito ser\u00e1 interditado por, aproximadamente, seis horas em trechos da regi\u00e3o da Avenida da Paz e vias pr\u00f3ximas. Os bloqueios incluem pontos da Avenida Assis Chateaubriand, Rua Dr. Jorge de Lima, Rua Maranh\u00e3o, Rua S\u00e3o Jo\u00e3o e Rua Bar\u00e3o de Anadia, al\u00e9m do trecho entre o Bradesco e a Associa\u00e7\u00e3o Comercial. A recomenda\u00e7\u00e3o \u00e9 que os motoristas programem os deslocamentos e utilizem rotas alternativas durante o per\u00edodo.<\/p>\n<\/section>\n<\/div>\n<\/div>\n","protected":false},"excerpt":{"rendered":"<p>O desfile c\u00edvico-militar em celebra\u00e7\u00e3o ao Dia da Independ\u00eancia do Brasil ser\u00e1 realizado na pr\u00f3xima segunda-feira (7), a partir das 9h, na Avenida da Paz, em Macei\u00f3. A programa\u00e7\u00e3o ser\u00e1 realizada no trecho pr\u00f3ximo ao Memorial \u00e0 Rep\u00fablica e reunir\u00e1 representantes de 14 institui\u00e7\u00f5es, entre For\u00e7as Armadas, for\u00e7as de seguran\u00e7a e \u00f3rg\u00e3os p\u00fablicos.<\/p>\n","protected":false},"author":2,"featured_media":56706,"comment_status":"open","ping_status":"open","sticky":false,"template":"","format":"standard","meta":{"footnotes":""},"categories":[20,21,23,25,10,24,8,27,28],"tags":[],"class_list":["post-56705","post","type-post","status-publish","format-standard","has-post-thumbnail","hentry","category-cultura","category-destaque","category-educacao","category-interior","category-justica","category-policia-2","category-policia","category-saude","category-turismo"],"_links":{"self":[{"href":"https:\/\/tudonominuto.com.br\/portal\/wp-json\/wp\/v2\/posts\/56705","targetHints":{"allow":["GET"]}}],"collection":[{"href":"https:\/\/tudonominuto.com.br\/portal\/wp-json\/wp\/v2\/posts"}],"about":[{"href":"https:\/\/tudonominuto.com.br\/portal\/wp-json\/wp\/v2\/types\/post"}],"author":[{"embeddable":true,"href":"https:\/\/tudonominuto.com.br\/portal\/wp-json\/wp\/v2\/users\/2"}],"replies":[{"embeddable":true,"href":"https:\/\/tudonominuto.com.br\/portal\/wp-json\/wp\/v2\/comments?post=56705"}],"version-history":[{"count":1,"href":"https:\/\/tudonominuto.com.br\/portal\/wp-json\/wp\/v2\/posts\/56705\/revisions"}],"predecessor-version":[{"id":56707,"href":"https:\/\/tudonominuto.com.br\/portal\/wp-json\/wp\/v2\/posts\/56705\/revisions\/56707"}],"wp:featuredmedia":[{"embeddable":true,"href":"https:\/\/tudonominuto.com.br\/portal\/wp-json\/wp\/v2\/media\/56706"}],"wp:attachment":[{"href":"https:\/\/tudonominuto.com.br\/portal\/wp-json\/wp\/v2\/media?parent=56705"}],"wp:term":[{"taxonomy":"category","embeddable":true,"href":"https:\/\/tudonominuto.com.br\/portal\/wp-json\/wp\/v2\/categories?post=56705"},{"taxonomy":"post_tag","embeddable":true,"href":"https:\/\/tudonominuto.com.br\/portal\/wp-json\/wp\/v2\/tags?post=56705"}],"curies":[{"name":"wp","href":"https:\/\/api.w.org\/{rel}","templated":true}]}}