{"id":56708,"date":"2026-09-01T18:25:56","date_gmt":"2026-09-01T21:25:56","guid":{"rendered":"https:\/\/tudonominuto.com.br\/portal\/?p=56708"},"modified":"2026-09-01T18:25:56","modified_gmt":"2026-09-01T21:25:56","slug":"jornalismo-decente-na-busca-da-verdade","status":"publish","type":"post","link":"https:\/\/tudonominuto.com.br\/portal\/2026\/09\/01\/jornalismo-decente-na-busca-da-verdade\/","title":{"rendered":"Jornalismo decente na busca da verdade"},"content":{"rendered":"<div class=\"elementor-column elementor-col-33 elementor-top-column elementor-element elementor-element-a662739 elementor-hidden-mobile\" data-id=\"a662739\" data-element_type=\"column\" data-e-type=\"column\">\n<div class=\"elementor-widget-wrap elementor-element-populated\">\n<div class=\"elementor-element elementor-element-d764300 elementor-widget elementor-widget-spacer\" data-id=\"d764300\" data-element_type=\"widget\" data-e-type=\"widget\" data-widget_type=\"spacer.default\">\n<div class=\"elementor-widget-container\">\n<div class=\"elementor-spacer\">\n<div class=\"elementor-spacer-inner\"><strong><span class=\"elementor-post-info__terms-list-item\">Expresso<\/span>,\u00a0<span class=\"elementor-post-info__terms-list-item\">Opini\u00e3o<\/span><\/strong><\/div>\n<div>\n<p><img decoding=\"async\" class=\"size-full wp-image-234939 aligncenter lazyload\" data-src=\"https:\/\/eassim.com.br\/wp-content\/uploads\/2026\/09\/e6cb3607-b630-40eb-983c-e332f3a0dd07.jpg\" alt=\"\" width=\"400\" height=\"400\" src=\"data:image\/gif;base64,R0lGODlhAQABAAAAACH5BAEKAAEALAAAAAABAAEAAAICTAEAOw==\" style=\"--smush-placeholder-width: 400px; --smush-placeholder-aspect-ratio: 400\/400;\" \/><\/p>\n<p>A disputa eleitoral atual revela um fen\u00f4meno novo: a for\u00e7a avassaladora das redes sociais. E \u00e9 justamente a\u00ed que o jornalismo est\u00e1 sendo desafiado a ser jornalismo na sua ess\u00eancia.<\/p>\n<\/div>\n<\/div>\n<\/div>\n<\/div>\n<\/div>\n<\/div>\n<div class=\"elementor-column elementor-col-33 elementor-top-column elementor-element elementor-element-28a3fd3\" data-id=\"28a3fd3\" data-element_type=\"column\" data-e-type=\"column\">\n<div class=\"elementor-widget-wrap elementor-element-populated\">\n<div class=\"elementor-element elementor-element-000dfdf elementor-widget elementor-widget-theme-post-excerpt\" data-id=\"000dfdf\" data-element_type=\"widget\" data-e-type=\"widget\" data-widget_type=\"theme-post-excerpt.default\">\n<div class=\"elementor-widget-container\">N\u00e3o podemos deixar de ter como b\u00fassola, Cl\u00e1udio Abramo: -Nossa profiss\u00e3o \u00e9 o exerc\u00edcio di\u00e1rio da intelig\u00eancia e a pr\u00e1tica cotidiana do car\u00e1ter.<\/div>\n<\/div>\n<div class=\"elementor-element elementor-element-073e3f5 elementor-widget elementor-widget-post-info\" data-id=\"073e3f5\" data-element_type=\"widget\" data-e-type=\"widget\" data-widget_type=\"post-info.default\">\n<div class=\"elementor-widget-container\">\n<ul class=\"elementor-inline-items elementor-icon-list-items elementor-post-info\">\n<li class=\"elementor-icon-list-item elementor-repeater-item-d02587a elementor-inline-item\"><a href=\"https:\/\/eassim.com.br\/author\/daredacao\/\"><i class=\"fas fa-user-circle\" aria-hidden=\"true\"><\/i><strong><span class=\"elementor-icon-list-text elementor-post-info__item elementor-post-info__item--type-author\">TNM\/Da Reda\u00e7\u00e3o<\/span><\/strong><\/a><strong><em> Por R\u00e9gis Cavalcante*<\/em><\/strong><\/li>\n<\/ul>\n<\/div>\n<\/div>\n<div id=\"conteudo\" class=\"elementor-element elementor-element-e08f0fd conteudo elementor-widget elementor-widget-theme-post-content\" data-id=\"e08f0fd\" data-element_type=\"widget\" data-e-type=\"widget\" data-widget_type=\"theme-post-content.default\">\n<div class=\"elementor-widget-container\">\n<div class=\"prose-rt mt-6\">\n<p>O jornalismo n\u00e3o tem lado, porque tem uma miss\u00e3o sagrada: investigar, apurar e divulgar a verdade para quem precisa ser informado. A polariza\u00e7\u00e3o amea\u00e7a esta cl\u00e1usula p\u00e9trea do compromisso com a informa\u00e7\u00e3o.<\/p>\n<p>Essa disputa perversa, por um lado, nos lembra o que descrevia o soci\u00f3logo Francisco de Oliveira ao analisar o eleitor brasileiro como uma entidade que funde elementos arcaicos e modernos, progressistas e conservadores, de modo desarm\u00f4nico, mas estruturalmente consistente. Um sujeito pr\u00f3prio, um animal pol\u00edtico com caracter\u00edsticas peculiares.<\/p>\n<p>A for\u00e7a motriz que une o voto da direita e da esquerda, hoje, \u00e9 o punitivismo. Com o colapso das utopias coletivas, a puni\u00e7\u00e3o do \u201coutro\u201d \u2013 corrupto, criminoso ou advers\u00e1rio pol\u00edtico \u2013 tornou-se o instrumento mais acess\u00edvel \u00e0 popula\u00e7\u00e3o. O voto deixa de ser instrumento de constru\u00e7\u00e3o e torna-se instrumento de nega\u00e7\u00e3o.<\/p>\n<p>Se o jornalismo \u00e9 a busca di\u00e1ria da verdade e da justi\u00e7a, n\u00e3o podemos deixar de ter como b\u00fassola o que afirmava o jornalista Cl\u00e1udio Abramo: a nossa profiss\u00e3o \u00e9 o exerc\u00edcio di\u00e1rio da intelig\u00eancia e a pr\u00e1tica cotidiana do car\u00e1ter.<\/p>\n<p>N\u00e3o podemos embarcar nesta canoa furada da polariza\u00e7\u00e3o. N\u00e3o vamos estimular nosso povo a votar com o f\u00edgado, baseado em arroubos infantis de raiva, ressentimento e uma cachoeira de ignor\u00e2ncia repetida em chav\u00f5es. N\u00e3o vamos povoar esse deserto de ideias alimentando a mediocridade dos incautos.<\/p>\n<p>Este \u00e9 o ano mais importante para a hist\u00f3ria da nossa jovem democracia republicana. Seremos dignos desse tempo? E quando pergunto se seremos, estou me referindo aos jornalistas e aos meios de comunica\u00e7\u00e3o.<\/p>\n<p>N\u00e3o sai da mem\u00f3ria a manipula\u00e7\u00e3o da Globo na edi\u00e7\u00e3o criminosa do debate Lula x Collor, que interferiu diretamente na elei\u00e7\u00e3o e deu o mandato a Collor. Agora, recentemente, um powerpoint canalha que tentava associar o governo federal e o presidente Lula diretamente ao esc\u00e2ndalo do Master, foi um soco na fr\u00e1gil credibilidade do Grupo Globo.<\/p>\n<p>Esses grandes grupos de comunica\u00e7\u00e3o \u2013 Estado, Folha, Abril e outros \u2013 precisam entender que a verdade n\u00e3o usa maquiagem.<\/p>\n<p>Por fim, n\u00e3o podemos esquecer que n\u00e3o h\u00e1 vida f\u00e1cil para o jornalista em uma sociedade extremamente desigual e violenta, principalmente em desfavor de pardos e negros. \u00c9 essa desigualdade que faz pretos e pardos abandonarem os estudos antes de chegar ao ensino superior: s\u00e3o tr\u00eas em cada cinco brasileiros. Sim, uma desigualdade gigante que estamos vendo de novo.<\/p>\n<p>\u00c9 por isso que defender um jornalismo decente n\u00e3o \u00e9 corporativismo. \u00c9 defender a democracia.<\/p>\n<p>*<strong>R\u00e9gis Cavalcante \u00e9 jornalista, ex-deputado federal e professor de Comunica\u00e7\u00e3o Social da Ufal<\/strong><\/p>\n<div class=\"elementor-element elementor-element-160cbea elementor-widget elementor-widget-heading\" data-id=\"160cbea\" data-element_type=\"widget\" data-e-type=\"widget\" data-widget_type=\"heading.default\">\n<div class=\"elementor-widget-container\">\n<h2 class=\"elementor-heading-title elementor-size-default\">Marcelo Firmino<\/h2>\n<\/div>\n<\/div>\n<div class=\"elementor-element elementor-element-6684ea2 elementor-grid-1 elementor-posts--thumbnail-none elementor-posts--align-left elementor-widget__width-initial elementor-grid-tablet-2 elementor-grid-mobile-1 elementor-widget elementor-widget-posts\" data-id=\"6684ea2\" data-element_type=\"widget\" data-e-type=\"widget\" data-settings=\"{&quot;classic_columns&quot;:&quot;1&quot;,&quot;classic_columns_tablet&quot;:&quot;2&quot;,&quot;classic_columns_mobile&quot;:&quot;1&quot;,&quot;classic_row_gap&quot;:{&quot;unit&quot;:&quot;px&quot;,&quot;size&quot;:35,&quot;sizes&quot;:[]},&quot;classic_row_gap_tablet&quot;:{&quot;unit&quot;:&quot;px&quot;,&quot;size&quot;:&quot;&quot;,&quot;sizes&quot;:[]},&quot;classic_row_gap_mobile&quot;:{&quot;unit&quot;:&quot;px&quot;,&quot;size&quot;:&quot;&quot;,&quot;sizes&quot;:[]}}\" data-widget_type=\"posts.classic\">\n<div class=\"elementor-widget-container\">\n<div class=\"elementor-posts-container elementor-posts elementor-posts--skin-classic elementor-grid\" role=\"list\">\n<article class=\"elementor-post elementor-grid-item post-234744 post type-post status-publish format-standard has-post-thumbnail hentry category-blogs category-marcelofirmino linha_fina-mundo-perigoso posicao_chamadas-destaques\" role=\"listitem\">\n<div class=\"elementor-post__text\">\n<h3 class=\"elementor-post__title\"><a href=\"https:\/\/eassim.com.br\/estou-contigo-bleine-oliveira-pela-dignidade-e-o-compromisso-etico-do-jornalismo\/\">Estou contigo Bleine Oliveira pela dignidade e o compromisso \u00e9tico do jornalismo<\/a><\/h3>\n<\/div>\n<\/article>\n<\/div>\n<\/div>\n<\/div>\n<div class=\"elementor-element elementor-element-63940ce elementor-widget elementor-widget-heading\" data-id=\"63940ce\" data-element_type=\"widget\" data-e-type=\"widget\" data-widget_type=\"heading.default\">\n<div class=\"elementor-widget-container\">\n<h2 class=\"elementor-heading-title elementor-size-default\">Pequeno Polegar<\/h2>\n<\/div>\n<\/div>\n<div class=\"elementor-element elementor-element-8eb4dd8 elementor-grid-1 elementor-posts--thumbnail-none elementor-posts--align-left elementor-widget__width-initial elementor-grid-tablet-2 elementor-grid-mobile-1 elementor-widget elementor-widget-posts\" data-id=\"8eb4dd8\" data-element_type=\"widget\" data-e-type=\"widget\" data-settings=\"{&quot;classic_columns&quot;:&quot;1&quot;,&quot;classic_columns_tablet&quot;:&quot;2&quot;,&quot;classic_columns_mobile&quot;:&quot;1&quot;,&quot;classic_row_gap&quot;:{&quot;unit&quot;:&quot;px&quot;,&quot;size&quot;:35,&quot;sizes&quot;:[]},&quot;classic_row_gap_tablet&quot;:{&quot;unit&quot;:&quot;px&quot;,&quot;size&quot;:&quot;&quot;,&quot;sizes&quot;:[]},&quot;classic_row_gap_mobile&quot;:{&quot;unit&quot;:&quot;px&quot;,&quot;size&quot;:&quot;&quot;,&quot;sizes&quot;:[]}}\" data-widget_type=\"posts.classic\">\n<div class=\"elementor-widget-container\">\n<div class=\"elementor-posts-container elementor-posts elementor-posts--skin-classic elementor-grid\" role=\"list\">\n<article class=\"elementor-post elementor-grid-item post-233455 post type-post status-publish format-standard has-post-thumbnail hentry category-alagoas category-blogs category-pequenopolegar linha_fina-as-promessas posicao_chamadas-ultimas\" role=\"listitem\">\n<div class=\"elementor-post__text\">\n<h3 class=\"elementor-post__title\"><a href=\"https:\/\/eassim.com.br\/considerado-e-a-turma-do-gabi-querendo-a-paga-pelos-votos-nos-candidatos-do-pastor-dos-aracas\/\">Considerado e a Turma do Gabi querendo a paga pelos votos nos candidatos do pastor dos ara\u00e7\u00e1s<\/a><\/h3>\n<\/div>\n<\/article>\n<\/div>\n<\/div>\n<\/div>\n<div class=\"elementor-element elementor-element-503ecba elementor-widget elementor-widget-heading\" data-id=\"503ecba\" data-element_type=\"widget\" data-e-type=\"widget\" data-widget_type=\"heading.default\">\n<div class=\"elementor-widget-container\">\n<h2 class=\"elementor-heading-title elementor-size-default\">Wagner Melo<\/h2>\n<\/div>\n<\/div>\n<div class=\"elementor-element elementor-element-4dd022d elementor-grid-1 elementor-posts--thumbnail-none elementor-posts--align-left elementor-widget__width-initial elementor-grid-tablet-2 elementor-grid-mobile-1 elementor-widget elementor-widget-posts\" data-id=\"4dd022d\" data-element_type=\"widget\" data-e-type=\"widget\" data-settings=\"{&quot;classic_columns&quot;:&quot;1&quot;,&quot;classic_columns_tablet&quot;:&quot;2&quot;,&quot;classic_columns_mobile&quot;:&quot;1&quot;,&quot;classic_row_gap&quot;:{&quot;unit&quot;:&quot;px&quot;,&quot;size&quot;:35,&quot;sizes&quot;:[]},&quot;classic_row_gap_tablet&quot;:{&quot;unit&quot;:&quot;px&quot;,&quot;size&quot;:&quot;&quot;,&quot;sizes&quot;:[]},&quot;classic_row_gap_mobile&quot;:{&quot;unit&quot;:&quot;px&quot;,&quot;size&quot;:&quot;&quot;,&quot;sizes&quot;:[]}}\" data-widget_type=\"posts.classic\">\n<div class=\"elementor-widget-container\">\n<div class=\"elementor-posts-container elementor-posts elementor-posts--skin-classic elementor-grid\" role=\"list\">\n<article class=\"elementor-post elementor-grid-item post-231438 post type-post status-publish format-standard has-post-thumbnail hentry category-blogs category-wagnermelo\" role=\"listitem\">\n<div class=\"elementor-post__text\">\n<h3 class=\"elementor-post__title\"><a href=\"https:\/\/eassim.com.br\/quando-a-palavra-tragedia-entra-no-vocabulario-politico\/\">Quando a palavra \u201ctrag\u00e9dia\u201d entra no vocabul\u00e1rio pol\u00edtico<\/a><\/h3>\n<\/div>\n<\/article>\n<\/div>\n<\/div>\n<\/div>\n<\/div>\n<\/div>\n<\/div>\n<\/div>\n<\/div>\n","protected":false},"excerpt":{"rendered":"<p>A for\u00e7a motriz que une o voto da direita e da esquerda, hoje, \u00e9 o punitivismo. Com o colapso das utopias coletivas, a puni\u00e7\u00e3o do \u201coutro\u201d \u2013 corrupto, criminoso ou advers\u00e1rio pol\u00edtico \u2013 tornou-se o instrumento mais acess\u00edvel \u00e0 popula\u00e7\u00e3o. O voto deixa de ser instrumento de constru\u00e7\u00e3o e torna-se instrumento de nega\u00e7\u00e3o.<\/p>\n","protected":false},"author":2,"featured_media":56709,"comment_status":"open","ping_status":"open","sticky":false,"template":"","format":"standard","meta":{"footnotes":""},"categories":[20,12,23,25,10,32,8,24,33,9,35,34,15,27],"tags":[],"class_list":["post-56708","post","type-post","status-publish","format-standard","has-post-thumbnail","hentry","category-cultura","category-economia","category-educacao","category-interior","category-justica","category-ploitica","category-policia","category-policia-2","category-politica-2","category-politica","category-politica-politica","category-religiao-2","category-religiao","category-saude"],"_links":{"self":[{"href":"https:\/\/tudonominuto.com.br\/portal\/wp-json\/wp\/v2\/posts\/56708","targetHints":{"allow":["GET"]}}],"collection":[{"href":"https:\/\/tudonominuto.com.br\/portal\/wp-json\/wp\/v2\/posts"}],"about":[{"href":"https:\/\/tudonominuto.com.br\/portal\/wp-json\/wp\/v2\/types\/post"}],"author":[{"embeddable":true,"href":"https:\/\/tudonominuto.com.br\/portal\/wp-json\/wp\/v2\/users\/2"}],"replies":[{"embeddable":true,"href":"https:\/\/tudonominuto.com.br\/portal\/wp-json\/wp\/v2\/comments?post=56708"}],"version-history":[{"count":1,"href":"https:\/\/tudonominuto.com.br\/portal\/wp-json\/wp\/v2\/posts\/56708\/revisions"}],"predecessor-version":[{"id":56710,"href":"https:\/\/tudonominuto.com.br\/portal\/wp-json\/wp\/v2\/posts\/56708\/revisions\/56710"}],"wp:featuredmedia":[{"embeddable":true,"href":"https:\/\/tudonominuto.com.br\/portal\/wp-json\/wp\/v2\/media\/56709"}],"wp:attachment":[{"href":"https:\/\/tudonominuto.com.br\/portal\/wp-json\/wp\/v2\/media?parent=56708"}],"wp:term":[{"taxonomy":"category","embeddable":true,"href":"https:\/\/tudonominuto.com.br\/portal\/wp-json\/wp\/v2\/categories?post=56708"},{"taxonomy":"post_tag","embeddable":true,"href":"https:\/\/tudonominuto.com.br\/portal\/wp-json\/wp\/v2\/tags?post=56708"}],"curies":[{"name":"wp","href":"https:\/\/api.w.org\/{rel}","templated":true}]}}