{"id":56715,"date":"2026-09-01T18:48:07","date_gmt":"2026-09-01T21:48:07","guid":{"rendered":"https:\/\/tudonominuto.com.br\/portal\/?p=56715"},"modified":"2026-09-01T18:49:29","modified_gmt":"2026-09-01T21:49:29","slug":"leao-xiv-renova-convite-a-uma-conversao-ecologica-ainda-nao-e-tarde-demais","status":"publish","type":"post","link":"https:\/\/tudonominuto.com.br\/portal\/2026\/09\/01\/leao-xiv-renova-convite-a-uma-conversao-ecologica-ainda-nao-e-tarde-demais\/","title":{"rendered":"Le\u00e3o XIV renova convite a uma convers\u00e3o ecol\u00f3gica: &#8220;Ainda n\u00e3o \u00e9 tarde demais&#8221;"},"content":{"rendered":"<div class=\"RCS radio__row live\">\n<div class=\"radio__row--content\">\n<div class=\"radio__row--title\"><img decoding=\"async\" data-src=\"https:\/\/www.vaticannews.va\/content\/dam\/vaticannews\/agenzie\/images\/srv\/2026\/09\/01\/2026-09-01-borgo-laudato-si--castel-gandolfo---santa-messa-per-l\/1788280798142.jpg\/_jcr_content\/renditions\/cq5dam.thumbnail.cropped.750.422.jpeg\" alt=\"Papa se dirige ao Borgo Laudato si'\" src=\"data:image\/gif;base64,R0lGODlhAQABAAAAACH5BAEKAAEALAAAAAABAAEAAAICTAEAOw==\" class=\"lazyload\" \/><\/div>\n<div>Papa se dirige ao Borgo Laudato si&#8217; \u00a0 (@Vatican Media)<\/div>\n<\/div>\n<\/div>\n<div id=\"main-container\" class=\"container\">\n<p><iframe id=\"807834731\" title=\"Santa Missa, 1\u00ba de setembro de 2026 \u2013 Papa Le\u00e3o XIV\" data-src=\"https:\/\/www.youtube.com\/embed\/7NKqWg1g7Xg?wmode=opaque&amp;rel=0&amp;autohide=1&amp;showinfo=0&amp;wmode=transparent&amp;modestbranding=1&amp;enablejsapi=1&amp;origin=https:\/\/www.vaticannews.va&amp;start=&amp;end=\" allowfullscreen=\"allowfullscreen\" data-gtm-yt-inspected-7781034_9=\"true\" data-gtm-yt-inspected-10=\"true\" data-gtm-yt-inspected-17=\"true\" data-mce-fragment=\"1\" src=\"data:image\/gif;base64,R0lGODlhAQABAAAAACH5BAEKAAEALAAAAAABAAEAAAICTAEAOw==\" class=\"lazyload\" data-load-mode=\"1\"><\/iframe><\/p>\n<div class=\"content__inner content__inner--hasSidebar\">\n<article class=\"article \">\n<div class=\"article__meta \" data-mediatype=\"video\" data-mediaphotovalid=\"true\">\n<div class=\"article-category\"><a title=\"TagList for &quot;Papa Le\u00e3o Xiv&quot;\" href=\"https:\/\/www.vaticannews.va\/pt\/taglist.chiesa-e-religioni.Papa.PAPA-LEONE-XIV.html\" aria-label=\"TagList for &quot;Papa Le\u00e3o Xiv&quot;\">Papa Le\u00e3o XIV<\/a><\/div>\n<\/div>\n<div class=\"article__subTitle\">A missa por ocasi\u00e3o do Dia Mundial de Ora\u00e7\u00e3o pelo Cuidado da Cria\u00e7\u00e3o foi celebrada nos jardins pontif\u00edcios de Castel Gandolfo, mais precisamente no Jardim de Nossa Senhora do Borgo Laudato si\u2019. Foi utilizado o formul\u00e1rio da \u201cMissa pelo Cuidado da Cria\u00e7\u00e3o&#8221;, fruto do caminho compartilhado entre os Dicast\u00e9rios para o Servi\u00e7o do Desenvolvimento Humano Integral, para o Culto Divino e a Disciplina dos Sacramentos, para a Doutrina da F\u00e9 e para a Promo\u00e7\u00e3o da Unidade dos Crist\u00e3os.<\/div>\n<div><\/div>\n<div class=\"title__separator\"><b>TNM\/Por Bianca Fraccalvieri &#8211; Vatican News<\/b><\/div>\n<div class=\"article__text\">\n<p>Em meio \u00e0 natureza dos jardins pontif\u00edcios de Castel Gandolfo, Le\u00e3o XIV presidiu na tarde desta ter\u00e7a-feira (1\u00ba\/09) \u00e0 Santa Missa por ocasi\u00e3o do\u00a0Dia Mundial de Ora\u00e7\u00e3o pelo Cuidado da Cria\u00e7\u00e3o, que chega \u00e0 sua 11\u00aa edi\u00e7\u00e3o.<\/p>\n<p>O dia 1\u00ba de setembro marca tamb\u00e9m, todos os anos, o in\u00edcio do Tempo da Cria\u00e7\u00e3o -, caminho ecum\u00eanico de ora\u00e7\u00e3o e comprometimento com o cuidado da Casa Comum, que se encerra em 4 de outubro, festa de S\u00e3o Francisco de Assis, de quem celebramos os 800 anos de falecimento. Trata-se de um per\u00edodo em que a Igreja, juntamente com as outras comunidades crist\u00e3s, \u00e9 convidada a renovar seu compromisso com a Cria\u00e7\u00e3o, deixando-se guiar pela ora\u00e7\u00e3o, pela convers\u00e3o e por gestos concretos de cuidado.<\/p>\n<p><img decoding=\"async\" data-src=\"https:\/\/www.vaticannews.va\/content\/dam\/vaticannews\/agenzie\/images\/srv\/2026\/09\/01\/2026-09-01-borgo-laudato-si--castel-gandolfo---santa-messa-per-l\/1788281697780.jpg\/_jcr_content\/renditions\/cq5dam.thumbnail.cropped.750.422.jpeg\" alt=\"Momento da celebra\u00e7\u00e3o eucar\u00edstica\" src=\"data:image\/gif;base64,R0lGODlhAQABAAAAACH5BAEKAAEALAAAAAABAAEAAAICTAEAOw==\" class=\"lazyload\" \/><\/p>\n<div>\n<div class=\"article__embed article__embed--unwrap article__embed--photo\">\n<div class=\"photo_embed--Title\">Momento da celebra\u00e7\u00e3o eucar\u00edstica \u00a0 (@Vatican Media)<\/div>\n<\/div>\n<\/div>\n<h2>Colocar em &#8220;modo silencioso&#8221; as obras humanas para ouvir a voz da cria\u00e7\u00e3o<\/h2>\n<p>Em sua homilia, o Pont\u00edfice comentou as leituras escolhidas especialmente para este Dia, em que nos s\u00e3o dirigidos dois convites \u00e0 contempla\u00e7\u00e3o das obras do Senhor. O Livro da Sabedoria exorta a contemplar a beleza e o poder da cria\u00e7\u00e3o para que possamos apreciar o seu Art\u00edfice (cf.\u00a0<i>Sb<\/i>\u00a013, 1-9).\u00a0O Salmo 18 incentiva a erguer o olhar para contemplar os c\u00e9us que proclamam a gl\u00f3ria de Deus e o firmamento que anuncia a obra de suas m\u00e3os. &#8220;Toda a cria\u00e7\u00e3o fala-nos da grandeza do Criador&#8221;, recorda o Santo Padre, desde que o olhar e o cora\u00e7\u00e3o estejam abertos a t\u00e3o grande mist\u00e9rio. Tamb\u00e9m o texto evang\u00e9lico de Mateus (cf.\u00a0<i>Mt<\/i>\u00a06, 24-34) convida \u00e0 contempla\u00e7\u00e3o da cria\u00e7\u00e3o, sublinhando o amor especial do Senhor pelo ser humano.<\/p>\n<p>Inspirado nesses textos sagrados, a exorta\u00e7\u00e3o do Papa \u00e9 para reservar alguns minutos de pausa na agita\u00e7\u00e3o das atividades quotidianas para saborear a grande harmonia da qual fazemos parte.<\/p>\n<div>\n<div class=\"article__embed article__embed--border embed_style\">\n<blockquote><p>\u201cColoquemos em \u201cmodo silencioso\u201d todos os ru\u00eddos das obras humanas para ouvir a voz melodiosa da cria\u00e7\u00e3o, na qual Deus, Autor de todas as coisas, nos fala.\u201d<\/p>\n<p><img decoding=\"async\" data-src=\"https:\/\/www.vaticannews.va\/content\/dam\/vaticannews\/agenzie\/images\/srv\/2026\/09\/01\/2026-09-01-borgo-laudato-si--castel-gandolfo---santa-messa-per-l\/1788280798142.jpg\/_jcr_content\/renditions\/cq5dam.thumbnail.cropped.750.422.jpeg\" alt=\"Papa se dirige ao Borgo Laudato si'\" src=\"data:image\/gif;base64,R0lGODlhAQABAAAAACH5BAEKAAEALAAAAAABAAEAAAICTAEAOw==\" class=\"lazyload\" \/><\/p><\/blockquote>\n<\/div>\n<\/div>\n<div>\n<div class=\"article__embed article__embed--unwrap article__embed--photo\">\n<div class=\"photo_embed--Title\">Papa se dirige ao Borgo Laudato si&#8217; \u00a0 (@Vatican Media)<\/div>\n<\/div>\n<\/div>\n<h2>Ainda n\u00e3o \u00e9 tarde demais!<\/h2>\n<p>Para o Santo Padre, este exerc\u00edcio contemplativo constitui um primeiro passo para uma aut\u00eantica convers\u00e3o ecol\u00f3gica, onde os efeitos do nosso encontro com Jesus Cristo se tornam evidentes na nossa rela\u00e7\u00e3o com o mundo que nos rodeia.<\/p>\n<p>&#8220;Da contempla\u00e7\u00e3o da cria\u00e7\u00e3o e do encontro com o Criador nasce a consci\u00eancia do nosso lugar especial no maravilhoso plano de Deus e da nossa responsabilidade pessoal e coletiva no cuidado da harmonia original. Assim, da tomada de consci\u00eancia das nossas falhas e erros, nasce um esfor\u00e7o renovado para restaurar as rela\u00e7\u00f5es entre as criaturas segundo a vontade do seu Autor&#8221;, afirmou Le\u00e3o XIV.<\/p>\n<p>Citando sua Mensagem para este Dia, o Papa retomou o apelo prof\u00e9tico a \u201ctransformar as espadas em relhas de arados\u201d (<i>Is<\/i>\u00a02, 4), a transformar o mal em vida.<\/p>\n<div>\n<div class=\"article__embed article__embed--border embed_style\">\n<blockquote><p>\u201cAinda n\u00e3o \u00e9 tarde demais, e o Tempo da Cria\u00e7\u00e3o convida-nos a uma profunda convers\u00e3o: o que tem sido utilizado para a destrui\u00e7\u00e3o pode ser redirecionado para a vida, para o cuidado dos pobres, para a alimenta\u00e7\u00e3o dos famintos e para a salvaguarda da cria\u00e7\u00e3o.\u201d<\/p><\/blockquote>\n<\/div>\n<\/div>\n<p>Le\u00e3o XIV encerrou sua homilia recordando seu predecessor, Papa Francisco, que por sua vez se inspirou no Pobrezinho de Assis para\u00a0para escrever a sua Carta Enc\u00edclica\u00a0<i>Laudato si\u2019. &#8220;<\/i>Com S\u00e3o Francisco, queremos renovar o nosso compromisso de viver e promover aquela fraternidade universal que est\u00e1 inseparavelmente ligada ao dever de cuidar da cria\u00e7\u00e3o.&#8221;<i>\u00a0<\/i>E recitou um trecho do\u00a0C\u00e2ntico de louvor de S\u00e3o Francisco:<\/p>\n<p>&#8220;Louvado sejas, meu Senhor, com todas as tuas criaturas,\u00a0especialmente o meu senhor irm\u00e3o Sol, [\u2026]Louvado sejas, meu Senhor, pela irm\u00e3 Lua e pelas estrelas, [\u2026]Louvado sejas, meu Senhor, pelo irm\u00e3o vento [\u2026].Louvado sejas, meu Senhor, pela irm\u00e3 \u00e1gua [\u2026].Louvado sejas, meu Senhor, pelo irm\u00e3o fogo [\u2026].Louvado sejas, meu Senhor, pela nossa irm\u00e3, a m\u00e3e Terra,que nos sustenta e governa.&#8221;<\/p>\n<\/div>\n<\/article>\n<\/div>\n<p>&nbsp;<\/p>\n<\/div>\n","protected":false},"excerpt":{"rendered":"<p>Le\u00e3o XIV encerrou sua homilia recordando seu predecessor, Papa Francisco, que por sua vez se inspirou no Pobrezinho de Assis para\u00a0para escrever a sua Carta Enc\u00edclica\u00a0Laudato si\u2019. &#8220;Com S\u00e3o Francisco, queremos renovar o nosso compromisso de viver e promover aquela fraternidade universal que est\u00e1 inseparavelmente ligada ao dever de cuidar da cria\u00e7\u00e3o.&#8221;\u00a0E recitou um trecho do\u00a0C\u00e2ntico de louvor de S\u00e3o Francisco:<\/p>\n","protected":false},"author":2,"featured_media":56716,"comment_status":"open","ping_status":"open","sticky":false,"template":"","format":"standard","meta":{"footnotes":""},"categories":[20,21,12,23,10,11,31,34,15,27,28],"tags":[],"class_list":["post-56715","post","type-post","status-publish","format-standard","has-post-thumbnail","hentry","category-cultura","category-destaque","category-economia","category-educacao","category-justica","category-mundo","category-mundo-2","category-religiao-2","category-religiao","category-saude","category-turismo"],"_links":{"self":[{"href":"https:\/\/tudonominuto.com.br\/portal\/wp-json\/wp\/v2\/posts\/56715","targetHints":{"allow":["GET"]}}],"collection":[{"href":"https:\/\/tudonominuto.com.br\/portal\/wp-json\/wp\/v2\/posts"}],"about":[{"href":"https:\/\/tudonominuto.com.br\/portal\/wp-json\/wp\/v2\/types\/post"}],"author":[{"embeddable":true,"href":"https:\/\/tudonominuto.com.br\/portal\/wp-json\/wp\/v2\/users\/2"}],"replies":[{"embeddable":true,"href":"https:\/\/tudonominuto.com.br\/portal\/wp-json\/wp\/v2\/comments?post=56715"}],"version-history":[{"count":3,"href":"https:\/\/tudonominuto.com.br\/portal\/wp-json\/wp\/v2\/posts\/56715\/revisions"}],"predecessor-version":[{"id":56719,"href":"https:\/\/tudonominuto.com.br\/portal\/wp-json\/wp\/v2\/posts\/56715\/revisions\/56719"}],"wp:featuredmedia":[{"embeddable":true,"href":"https:\/\/tudonominuto.com.br\/portal\/wp-json\/wp\/v2\/media\/56716"}],"wp:attachment":[{"href":"https:\/\/tudonominuto.com.br\/portal\/wp-json\/wp\/v2\/media?parent=56715"}],"wp:term":[{"taxonomy":"category","embeddable":true,"href":"https:\/\/tudonominuto.com.br\/portal\/wp-json\/wp\/v2\/categories?post=56715"},{"taxonomy":"post_tag","embeddable":true,"href":"https:\/\/tudonominuto.com.br\/portal\/wp-json\/wp\/v2\/tags?post=56715"}],"curies":[{"name":"wp","href":"https:\/\/api.w.org\/{rel}","templated":true}]}}